{"id":436305,"date":"2025-10-03T13:54:11","date_gmt":"2025-10-03T13:54:11","guid":{"rendered":"https:\/\/www.europesays.com\/fr\/436305\/"},"modified":"2025-10-03T13:54:11","modified_gmt":"2025-10-03T13:54:11","slug":"les-extraits-exclusifs-du-premier-temoignage-publie-par-un-ex-otage-israelien","status":"publish","type":"post","link":"https:\/\/www.europesays.com\/fr\/436305\/","title":{"rendered":"les extraits exclusifs du premier t\u00e9moignage publi\u00e9 par un ex-otage isra\u00e9lien"},"content":{"rendered":"<p>Eli Sharabi a \u00e9t\u00e9 enlev\u00e9 par le mouvement terroriste palestinien le 7 octobre 2023. Dans Otage, il d\u00e9crit la r\u00e9alit\u00e9 de la haine du juif \u00e0 Gaza.<\/p>\n<p class=\"fig-paragraph\">Le 8 f\u00e9vrier dernier, 491 jours apr\u00e8s son enl\u00e8vement dans le kibboutz Be\u2019eri, Eli Sharabi \u00e9tait lib\u00e9r\u00e9 par le Hamas, avec deux de ses compagnons d\u2019infortune.\u00a0<a href=\"http:\/\/www.lefigaro.fr\/international\/la-croix-rouge-denonce-une-mise-en-scene-inacceptable-autour-des-liberations-d-otages-a-gaza-20250214\" target=\"_blank\" data-fig-type=\"Article\" rel=\"noopener\" data-gtm-custom-categorie=\"navigation\" data-gtm-custom-action=\"crossclick\" data-gtm-custom-label=\"Contextuel\" data-gtm-event=\"customEventSPE\" data-fig-domain=\"LEFIGARO\">Une s\u00e9quence mise en sc\u00e8ne par le mouvement terroriste islamiste \u00e0 destination de l\u2019opinion internationale<\/a>, avec un soin rappelant les exhibitions nazies. Habill\u00e9s de joggings propres, un peu nourris \u2013 Eli Sharabi a n\u00e9anmoins perdu une trentaine de kilos pendant sa captivit\u00e9 \u2013, les otages se sont vus remettre une \u00ab certification de lib\u00e9ration\u00a0\u00bb qu\u2019ils ont d\u00fb montrer \u00e0 une foule gazaouie hurlant des \u00ab Allah akbar\u00a0\u00bb. Ils ont r\u00e9cit\u00e9, en h\u00e9breu, un texte \u00e9crit par leurs tortionnaires, accusant\u00a0<a href=\"http:\/\/www.lefigaro.fr\/international\/plan-de-paix-a-gaza-netanyahou-prend-le-risque-de-fracturer-sa-coalition-20250930\" target=\"_blank\" data-fig-type=\"Article\" rel=\"noopener\" data-gtm-custom-categorie=\"navigation\" data-gtm-custom-action=\"crossclick\" data-gtm-custom-label=\"Contextuel\" data-gtm-event=\"customEventSPE\" data-fig-domain=\"LEFIGARO\">Netanyahou<\/a>\u00a0de les avoir abandonn\u00e9s. Ils ont souri aux miliciens encagoul\u00e9s qui les encadraient et les ont salu\u00e9s, comme ils en avaient re\u00e7u l\u2019ordre.<\/p>\n<p class=\"fig-paragraph\">Cette sinistre c\u00e9r\u00e9monie n\u2019\u00e9tait pas la premi\u00e8re. Le Hamas, pass\u00e9 ma\u00eetre dans l\u2019art de manipuler l\u2019opinion internationale, savait tr\u00e8s bien qu\u2019il y aurait toujours des Occidentaux pour voir\u2026<\/p>\n<p class=\"fig-premium-paywall__infos\">\n        Cet article est r\u00e9serv\u00e9 aux abonn\u00e9s.        Il vous reste 93% \u00e0 d\u00e9couvrir.\n    <\/p>\n<p>                <img  data- alt=\"Le Figaro\" class=\"fig-img--complete fig-img\"\/><\/p>\n<p class=\"fig-premium-paywall__title\">Vous avez envie de lire la suite ?<\/p>\n<p class=\"fig-premium-paywall__subtitle\">D\u00e9bloquez tous les articles imm\u00e9diatement.<\/p>\n<p class=\"fig-premium-paywall__connect\">\n                D\u00e9j\u00e0 abonn\u00e9\u00a0?                <a class=\"fig-premium-paywall__connect-link\" href=\"https:\/\/connect.lefigaro.fr\/login?client=horizon_web&amp;type=main&amp;redirect_uri=https%3A%2F%2Fwww.lefigaro.fr%2Finternational%2F491-jours-aux-mains-du-hamas-les-extraits-exclusifs-du-premier-temoignage-publie-par-un-ex-otage-israelien-20251003\" data-js-gtm=\"{&quot;customCategorie&quot;: &quot;conversion&quot;, &quot;customAction&quot;: &quot;before_Landing_Connexion_paywall_auto&quot;, &quot;customLabel&quot;: &quot;bGVmaWdhcm8uZnJfXzFmMGEwM2NlLTQ5N2QtNjAyMC1iNjczLWE1MjBmMzgzNDc1OV9fQXJ0aWNsZQ==_\u00ab491 jours aux mains du Hamas\u00bb\u00a0: les extraits exclusifs du premier t\u00e9moignage publi\u00e9 par un ex-otage isra\u00e9lien_189&quot;, &quot;customIDSPE&quot;: &quot;bGVmaWdhcm8uZnJfXzFmMGEwM2NlLTQ5N2QtNjAyMC1iNjczLWE1MjBmMzgzNDc1OV9fQXJ0aWNsZQ==&quot;, &quot;event&quot;: &quot;customEventSPE&quot;}\" target=\"_blank\" rel=\"noopener\"><br \/>\n                    Connectez-vous<br \/>\n                <\/a>\n            <\/p>\n","protected":false},"excerpt":{"rendered":"Eli Sharabi a \u00e9t\u00e9 enlev\u00e9 par le mouvement terroriste palestinien le 7 octobre 2023. Dans Otage, il d\u00e9crit&hellip;\n","protected":false},"author":2,"featured_media":436306,"comment_status":"","ping_status":"","sticky":false,"template":"","format":"standard","meta":{"footnotes":""},"categories":[5],"tags":[11,1011,27,665,3519,14,664,12,28],"class_list":{"0":"post-436305","1":"post","2":"type-post","3":"status-publish","4":"format-standard","5":"has-post-thumbnail","7":"category-international","8":"tag-actualites","9":"tag-fr","10":"tag-france","11":"tag-gaza","12":"tag-hamas","13":"tag-international","14":"tag-israel","15":"tag-news","16":"tag-world"},"share_on_mastodon":{"url":"https:\/\/pubeurope.com\/@fr\/115310576565982943","error":""},"_links":{"self":[{"href":"https:\/\/www.europesays.com\/fr\/wp-json\/wp\/v2\/posts\/436305","targetHints":{"allow":["GET"]}}],"collection":[{"href":"https:\/\/www.europesays.com\/fr\/wp-json\/wp\/v2\/posts"}],"about":[{"href":"https:\/\/www.europesays.com\/fr\/wp-json\/wp\/v2\/types\/post"}],"author":[{"embeddable":true,"href":"https:\/\/www.europesays.com\/fr\/wp-json\/wp\/v2\/users\/2"}],"replies":[{"embeddable":true,"href":"https:\/\/www.europesays.com\/fr\/wp-json\/wp\/v2\/comments?post=436305"}],"version-history":[{"count":0,"href":"https:\/\/www.europesays.com\/fr\/wp-json\/wp\/v2\/posts\/436305\/revisions"}],"wp:featuredmedia":[{"embeddable":true,"href":"https:\/\/www.europesays.com\/fr\/wp-json\/wp\/v2\/media\/436306"}],"wp:attachment":[{"href":"https:\/\/www.europesays.com\/fr\/wp-json\/wp\/v2\/media?parent=436305"}],"wp:term":[{"taxonomy":"category","embeddable":true,"href":"https:\/\/www.europesays.com\/fr\/wp-json\/wp\/v2\/categories?post=436305"},{"taxonomy":"post_tag","embeddable":true,"href":"https:\/\/www.europesays.com\/fr\/wp-json\/wp\/v2\/tags?post=436305"}],"curies":[{"name":"wp","href":"https:\/\/api.w.org\/{rel}","templated":true}]}}