{"id":436314,"date":"2025-10-03T13:59:14","date_gmt":"2025-10-03T13:59:14","guid":{"rendered":"https:\/\/www.europesays.com\/fr\/436314\/"},"modified":"2025-10-03T13:59:14","modified_gmt":"2025-10-03T13:59:14","slug":"nancy-un-depart-de-feu-sur-le-campus-artem-provoque-levacuation-de-300-personnes","status":"publish","type":"post","link":"https:\/\/www.europesays.com\/fr\/436314\/","title":{"rendered":"Nancy. Un d\u00e9part de feu sur le campus Artem provoque l\u2019\u00e9vacuation de 300 personnes"},"content":{"rendered":"<p>Les pompiers des casernes de Vand\u0153uvre-l\u00e8s-Nancy et Nancy Rives-Meurthe sont intervenus ce vendredi, vers 11\u00a0h\u00a045, sur le campus Artem, rue du Sergent-Blandan, \u00e0 Nancy.<\/p>\n<p>Ce contenu est bloqu\u00e9 car vous n&rsquo;avez pas accept\u00e9 les cookies et autres traceurs.<\/p>\n<p>En cliquant sur \u00ab J\u2019accepte \u00bb, les cookies et autres traceurs seront d\u00e9pos\u00e9s et vous pourrez visualiser les contenus  (<a href=\"\" class=\"consentModule_policy\" target=\"_blank\" title=\"Consulter la politique de protection des donn\u00e9es du fournisseur\">plus d&rsquo;informations<\/a>).<\/p>\n<p>En cliquant sur \u00ab J\u2019accepte tous les cookies \u00bb, vous autorisez des d\u00e9p\u00f4ts de cookies et autres traceurs pour le stockage de vos donn\u00e9es sur nos sites et applications \u00e0 des fins de personnalisation et de ciblage publicitaire.<\/p>\n<p class=\"consentModule_secondaryText\">Vous gardez la possibilit\u00e9 de retirer votre consentement \u00e0 tout moment en consultant notre <a href=\"https:\/\/www.estrepublicain.fr\/protection-des-donnees\" target=\"_blank\" title=\"Consulter notre politique de protection des donn\u00e9es\" rel=\"noopener\">politique de protection des donn\u00e9es<\/a>. <br \/>&#13;<br \/>\n            <a href=\"https:\/\/www.estrepublicain.fr\/faits-divers-justice\/2025\/10\/03\/javascript:Didomi.notice.show()\" class=\"consentModule_cmp\" target=\"_blank\" rel=\"noopener\">G\u00e9rer mes choix<\/a>&#13;\n        <\/p>\n<p>&#13;<br \/>\n                        J&rsquo;accepte&#13;<br \/>\n            J&rsquo;accepte tous les cookies&#13;\n        <\/p>\n<p>Un d\u00e9part de feu s\u2019est produit dans le local informatique de l\u2019institut Jean-Lamour, un laboratoire de recherches. Mais le syst\u00e8me anti-incendie \u00e0 base d\u2019argon, un gaz qui inhibe l\u2019oxyg\u00e8ne, a permis d\u2019\u00e9touffer le feu avant qu\u2019il ne se propage.<\/p>\n<p>Reste que les locaux situ\u00e9s au 4 e \u00e9tage ont \u00e9t\u00e9 enfum\u00e9s, entra\u00eenant l\u2019\u00e9vacuation de quelque 300 personnes.<\/p>\n<p>  Identifier l\u2019origine du sinistre<\/p>\n<p>Les pompiers plac\u00e9s sous le commandement du lieutenant Weidmann n\u2019ont pas eu \u00e0 utiliser de moyens d\u2019extinction. Ils ont proc\u00e9d\u00e9 \u00e0 la ventilation des locaux.<\/p>\n<p>\u00c0 12\u00a0h\u00a030, une forte odeur de plastique br\u00fbl\u00e9 flottait encore dans l\u2019air et la difficult\u00e9 restait d\u2019identifier l\u2019origine du sinistre qui pourrait avoir \u00e9t\u00e9 caus\u00e9 par un onduleur.<\/p>\n<p>Un responsable technique \u00e2g\u00e9 de 55 ans et qui a pu inhaler l\u2019argon, a \u00e9t\u00e9 transport\u00e9 vers les urgences de l\u2019h\u00f4pital central de Nancy pour des examens de contr\u00f4le.<\/p>\n","protected":false},"excerpt":{"rendered":"Les pompiers des casernes de Vand\u0153uvre-l\u00e8s-Nancy et Nancy Rives-Meurthe sont intervenus ce vendredi, vers 11\u00a0h\u00a045, sur le campus&hellip;\n","protected":false},"author":2,"featured_media":436315,"comment_status":"","ping_status":"","sticky":false,"template":"","format":"standard","meta":{"footnotes":""},"categories":[9635],"tags":[1111,11,1704,1777,674,274,1011,27,775,1310,3457,1702,1703,12,25],"class_list":{"0":"post-436314","1":"post","2":"type-post","3":"status-publish","4":"format-standard","5":"has-post-thumbnail","7":"category-nancy","8":"tag-actu","9":"tag-actualites","10":"tag-edition-nancy-et-agglomeration","11":"tag-eu","12":"tag-europe","13":"tag-faits-divers-justice","14":"tag-fr","15":"tag-france","16":"tag-grand-est","17":"tag-incendie","18":"tag-meurthe-et-moselle","19":"tag-nancy","20":"tag-nancy-ville-54b","21":"tag-news","22":"tag-republique-francaise"},"share_on_mastodon":{"url":"https:\/\/pubeurope.com\/@fr\/115310596256988311","error":""},"_links":{"self":[{"href":"https:\/\/www.europesays.com\/fr\/wp-json\/wp\/v2\/posts\/436314","targetHints":{"allow":["GET"]}}],"collection":[{"href":"https:\/\/www.europesays.com\/fr\/wp-json\/wp\/v2\/posts"}],"about":[{"href":"https:\/\/www.europesays.com\/fr\/wp-json\/wp\/v2\/types\/post"}],"author":[{"embeddable":true,"href":"https:\/\/www.europesays.com\/fr\/wp-json\/wp\/v2\/users\/2"}],"replies":[{"embeddable":true,"href":"https:\/\/www.europesays.com\/fr\/wp-json\/wp\/v2\/comments?post=436314"}],"version-history":[{"count":0,"href":"https:\/\/www.europesays.com\/fr\/wp-json\/wp\/v2\/posts\/436314\/revisions"}],"wp:featuredmedia":[{"embeddable":true,"href":"https:\/\/www.europesays.com\/fr\/wp-json\/wp\/v2\/media\/436315"}],"wp:attachment":[{"href":"https:\/\/www.europesays.com\/fr\/wp-json\/wp\/v2\/media?parent=436314"}],"wp:term":[{"taxonomy":"category","embeddable":true,"href":"https:\/\/www.europesays.com\/fr\/wp-json\/wp\/v2\/categories?post=436314"},{"taxonomy":"post_tag","embeddable":true,"href":"https:\/\/www.europesays.com\/fr\/wp-json\/wp\/v2\/tags?post=436314"}],"curies":[{"name":"wp","href":"https:\/\/api.w.org\/{rel}","templated":true}]}}