{"id":43632,"date":"2025-04-22T09:37:11","date_gmt":"2025-04-22T09:37:11","guid":{"rendered":"https:\/\/www.europesays.com\/fr\/43632\/"},"modified":"2025-04-22T09:37:11","modified_gmt":"2025-04-22T09:37:11","slug":"leurope-ouvre-en-baisse-apres-les-critiques-de-trump-contre-powell","status":"publish","type":"post","link":"https:\/\/www.europesays.com\/fr\/43632\/","title":{"rendered":"L&rsquo;Europe ouvre en baisse apr\u00e8s les critiques de Trump contre Powell"},"content":{"rendered":"<p>\u00c0 Paris, le CAC 40 se replie de 0,55% \u00e0 7246 points vers 08h14 GMT. Le Dax \u00e0 Francfort c\u00e8de de 0,51%, tandis que le FTSE \u00e0 Londres d\u00e9cline de 0,08%.<\/p>\n<p>L&rsquo;indice paneurop\u00e9en FTSEurofirst 300 perd 0,22%, l&rsquo;EuroStoxx 50 recule de 0,7% et le Stoxx 600 d\u00e9cline de 0,79%.<\/p>\n<p>Le pr\u00e9sident am\u00e9ricain a fortement critiqu\u00e9 lundi le pr\u00e9sident de la R\u00e9serve f\u00e9d\u00e9rale am\u00e9ricaine (Fed) Jerome Powell, augmentant les inqui\u00e9tudes concernant l&rsquo;ind\u00e9pendance de la banque centrale. <\/p>\n<p>Donald Trump a estim\u00e9 que l&rsquo;\u00e9conomie am\u00e9ricaine pourrait ralentir si les taux n&rsquo;\u00e9taient pas baiss\u00e9s imm\u00e9diatement tandis que Jerome Powell affirme qu&rsquo;ils ne devraient pas baisser tant que les cons\u00e9quences sur l&rsquo;inflation des politiques de l&rsquo;administration Trump ne sont pas claires. <\/p>\n<p>Dans le m\u00eame temps, la Banque centrale europ\u00e9enne (BCE) a abaiss\u00e9 de 25 points de base son principal taux directeur jeudi, la pr\u00e9sidente Christine Lagarde citant les perspectives \u00e9conomiques assombries par les incertitudes. <\/p>\n<p>Aux valeurs, L&rsquo;Or\u00e9al gagne 2,2% apr\u00e8s ses r\u00e9sultats du premier trimestre tandis que Schneider Electric perd 2,8%. <\/p>\n<p> (R\u00e9dig\u00e9 par Bertrand De Meyer, \u00e9dit\u00e9 par Augustin Turpin)<\/p>\n","protected":false},"excerpt":{"rendered":"\u00c0 Paris, le CAC 40 se replie de 0,55% \u00e0 7246 points vers 08h14 GMT. Le Dax \u00e0&hellip;\n","protected":false},"author":2,"featured_media":43633,"comment_status":"","ping_status":"","sticky":false,"template":"","format":"standard","meta":{"footnotes":""},"categories":[1586],"tags":[11,2125,1777,674,1011,27,2124,12,25],"class_list":{"0":"post-43632","1":"post","2":"type-post","3":"status-publish","4":"format-standard","5":"has-post-thumbnail","7":"category-europe","8":"tag-actualites","9":"tag-depeches-reuters","10":"tag-eu","11":"tag-europe","12":"tag-fr","13":"tag-france","14":"tag-infos-reuters","15":"tag-news","16":"tag-republique-francaise"},"share_on_mastodon":{"url":"https:\/\/pubeurope.com\/@fr\/114380947015449479","error":""},"_links":{"self":[{"href":"https:\/\/www.europesays.com\/fr\/wp-json\/wp\/v2\/posts\/43632","targetHints":{"allow":["GET"]}}],"collection":[{"href":"https:\/\/www.europesays.com\/fr\/wp-json\/wp\/v2\/posts"}],"about":[{"href":"https:\/\/www.europesays.com\/fr\/wp-json\/wp\/v2\/types\/post"}],"author":[{"embeddable":true,"href":"https:\/\/www.europesays.com\/fr\/wp-json\/wp\/v2\/users\/2"}],"replies":[{"embeddable":true,"href":"https:\/\/www.europesays.com\/fr\/wp-json\/wp\/v2\/comments?post=43632"}],"version-history":[{"count":0,"href":"https:\/\/www.europesays.com\/fr\/wp-json\/wp\/v2\/posts\/43632\/revisions"}],"wp:featuredmedia":[{"embeddable":true,"href":"https:\/\/www.europesays.com\/fr\/wp-json\/wp\/v2\/media\/43633"}],"wp:attachment":[{"href":"https:\/\/www.europesays.com\/fr\/wp-json\/wp\/v2\/media?parent=43632"}],"wp:term":[{"taxonomy":"category","embeddable":true,"href":"https:\/\/www.europesays.com\/fr\/wp-json\/wp\/v2\/categories?post=43632"},{"taxonomy":"post_tag","embeddable":true,"href":"https:\/\/www.europesays.com\/fr\/wp-json\/wp\/v2\/tags?post=43632"}],"curies":[{"name":"wp","href":"https:\/\/api.w.org\/{rel}","templated":true}]}}