{"id":436323,"date":"2025-10-03T14:05:10","date_gmt":"2025-10-03T14:05:10","guid":{"rendered":"https:\/\/www.europesays.com\/fr\/436323\/"},"modified":"2025-10-03T14:05:10","modified_gmt":"2025-10-03T14:05:10","slug":"rouen-un-groupe-didentitaires-provoque-une-rixe-dans-un-bar-du-centre-ville-le-gerant-depose-une-main-courante","status":"publish","type":"post","link":"https:\/\/www.europesays.com\/fr\/436323\/","title":{"rendered":"Rouen. Un groupe d&rsquo;identitaires provoque une rixe dans un bar du centre-ville, le g\u00e9rant d\u00e9pose une main courante"},"content":{"rendered":"<p melodystyle=\"texte\">C&rsquo;est le maire de Rouen, Nicolas Mayer Rossignol, qui se fait le relais de cet incident, vendredi 3\u00a0octobre.\u00a0L&rsquo;\u00e9lu a en effet publi\u00e9 sur ses r\u00e9seaux\u00a0la copie d&rsquo;une lettre qu&rsquo;il a envoy\u00e9e au Procureur de la R\u00e9publique, S\u00e9bastien Gallois, au sujet d&rsquo;une agression\u00a0ayant eu\u00a0lieu vendredi 26\u00a0septembre dans le bar <a href=\"https:\/\/www.facebook.com\/le3pieces\/?locale=fr_FR\" target=\"_blank\" rel=\"nofollow noopener\">le 3 Pi\u00e8ces Muzik&rsquo;Club<\/a>, place du G\u00e9n\u00e9ral de Gaulle.<\/p>\n<p>Plusieurs bless\u00e9s ont \u00e9t\u00e9 constat\u00e9s<\/p>\n<p melodystyle=\"texte\">Le maire affirme, selon les \u00e9l\u00e9ments recueillis aupr\u00e8s du g\u00e9rant du d\u00e9bit de boissons, que \u00ab\u00a0plusieurs personnes se pr\u00e9sentant comme membres de \u00ab\u00a0l&rsquo;Action Fran\u00e7aise\u00a0\u00bb ont pass\u00e9 commande dans l&rsquo;\u00e9tablissement avant de volontairement d\u00e9clencher une rixe, prenant \u00e0 partie plusieurs clients\u00a0\u00bb. Plusieurs bless\u00e9s ont \u00e9t\u00e9 constat\u00e9s \u00e0 la suite\u00a0de l&rsquo;affrontement\u00a0: des victimes ont d\u00fb recevoir des points de sutures. On apprend \u00e9galement que le g\u00e9rant de l&rsquo;\u00e9tablissement a d\u00e9pos\u00e9 une main courante. Contact\u00e9, ce dernier n&rsquo;a pas encore r\u00e9pondu \u00e0 nos sollicitations.<\/p>\n<p melodystyle=\"texte\"><b>\u2022 A lire aussi.<\/b> <a href=\"https:\/\/www.tendanceouest.com\/actualite-420253-rouen-le-maire-interdit-la-soiree-auslander-raus-jugee-xenophobe\" target=\"_blank\" rel=\"nofollow noopener\">Le maire interdit la soir\u00e9e \u00ab\u00a0Ausl\u00e4nder Raus\u00a0\u00bb, jug\u00e9e x\u00e9nophobe<\/a><\/p>\n<p>Une manifestation d&rsquo;identitaires bient\u00f4t \u00e0 Rouen\u00a0?<\/p>\n<p melodystyle=\"texte\">\u00ab\u00a0Tout porte \u00e0 croire que leur action \u00e9tait pr\u00e9m\u00e9dit\u00e9e, affirme Nicolas Mayer Rossignol, cette violence n&rsquo;a sa place nulle part en R\u00e9publique.\u00a0\u00bb\u00a0Dans son courrier, le maire \u00e9voque \u00e9galement l&rsquo;organisation d&rsquo;une manifestation \u00e0 Rouen le 18\u00a0octobre \u00e0 l&rsquo;initiative des mouvements identitaires locaux. Une action susceptible de provoquer un trouble \u00e0 l&rsquo;ordre public notamment en raison de possibles contre-manifestations du c\u00f4t\u00e9 des mouvements antifasciste.<\/p>\n<p melodystyle=\"texte\"><b>\u2022 A lire aussi.\u00a0<\/b><a href=\"https:\/\/www.tendanceouest.com\/actualite-427589-rouen-sprimont-casse-toi-le-collectif-universitaire-antiraciste-s-invite-au-conseil-municipal\" target=\"_blank\" rel=\"nofollow noopener\">\u00ab\u00a0Sprimont, casse-toi\u00a0!\u00a0\u00bb Le collectif universitaire antiraciste s&rsquo;invite au conseil municipal<\/a><\/p>\n<p melodystyle=\"texte\">\u00ab\u00a0D&rsquo;autres \u00e9tablissements auraient\u00a0\u00e9t\u00e9 victimes des agissements de ces groupuscules (d&rsquo;extr\u00eame droite N.D.L.R.)\u00a0\u00bb, poursuit le maire de Rouen selon les propos recueillis du g\u00e9rant du 3 Pi\u00e8ces. Sollicit\u00e9 par Tendance Ouest, le parquet de Rouen n&rsquo;a pas encore r\u00e9pondu.<\/p>\n","protected":false},"excerpt":{"rendered":"C&rsquo;est le maire de Rouen, Nicolas Mayer Rossignol, qui se fait le relais de cet incident, vendredi 3\u00a0octobre.\u00a0L&rsquo;\u00e9lu&hellip;\n","protected":false},"author":2,"featured_media":436324,"comment_status":"","ping_status":"","sticky":false,"template":"","format":"standard","meta":{"footnotes":""},"categories":[9587],"tags":[1111,11,1777,674,1011,27,12,5161,25,9590],"class_list":{"0":"post-436323","1":"post","2":"type-post","3":"status-publish","4":"format-standard","5":"has-post-thumbnail","7":"category-rouen","8":"tag-actu","9":"tag-actualites","10":"tag-eu","11":"tag-europe","12":"tag-fr","13":"tag-france","14":"tag-news","15":"tag-normandie","16":"tag-republique-francaise","17":"tag-rouen"},"share_on_mastodon":{"url":"https:\/\/pubeurope.com\/@fr\/115310619736407670","error":""},"_links":{"self":[{"href":"https:\/\/www.europesays.com\/fr\/wp-json\/wp\/v2\/posts\/436323","targetHints":{"allow":["GET"]}}],"collection":[{"href":"https:\/\/www.europesays.com\/fr\/wp-json\/wp\/v2\/posts"}],"about":[{"href":"https:\/\/www.europesays.com\/fr\/wp-json\/wp\/v2\/types\/post"}],"author":[{"embeddable":true,"href":"https:\/\/www.europesays.com\/fr\/wp-json\/wp\/v2\/users\/2"}],"replies":[{"embeddable":true,"href":"https:\/\/www.europesays.com\/fr\/wp-json\/wp\/v2\/comments?post=436323"}],"version-history":[{"count":0,"href":"https:\/\/www.europesays.com\/fr\/wp-json\/wp\/v2\/posts\/436323\/revisions"}],"wp:featuredmedia":[{"embeddable":true,"href":"https:\/\/www.europesays.com\/fr\/wp-json\/wp\/v2\/media\/436324"}],"wp:attachment":[{"href":"https:\/\/www.europesays.com\/fr\/wp-json\/wp\/v2\/media?parent=436323"}],"wp:term":[{"taxonomy":"category","embeddable":true,"href":"https:\/\/www.europesays.com\/fr\/wp-json\/wp\/v2\/categories?post=436323"},{"taxonomy":"post_tag","embeddable":true,"href":"https:\/\/www.europesays.com\/fr\/wp-json\/wp\/v2\/tags?post=436323"}],"curies":[{"name":"wp","href":"https:\/\/api.w.org\/{rel}","templated":true}]}}