{"id":436329,"date":"2025-10-03T14:10:14","date_gmt":"2025-10-03T14:10:14","guid":{"rendered":"https:\/\/www.europesays.com\/fr\/436329\/"},"modified":"2025-10-03T14:10:14","modified_gmt":"2025-10-03T14:10:14","slug":"ca-chauffe-pour-habib-beye-reunion-de-crise-a-rennes","status":"publish","type":"post","link":"https:\/\/www.europesays.com\/fr\/436329\/","title":{"rendered":"\u00c7a chauffe pour Habib Beye, r\u00e9union de crise \u00e0 Rennes"},"content":{"rendered":"<p><strong>La situation est compliqu\u00e9e \u00e0 Rennes pour Habib Beye, qui pourrait \u00eatre le premier entra\u00eeneur de Ligue 1 \u00e0 \u00eatre \u00e9cart\u00e9.<\/strong><\/p>\n<p>\u00c7a chauffe de plus en plus pour Habib Beye \u00e0 Rennes. Alors que le club a investi 68 millions dans les transferts cet \u00e9t\u00e9, remodelant compl\u00e8tement son effectif (12 d\u00e9parts et 7 arriv\u00e9es), les Rennais ne font pas un d\u00e9but de saison \u00e0 la hauteur des esp\u00e9rances, avec une huiti\u00e8me place aussi proche du barragiste que de la 5\u00e8me place. Au del\u00e0 des r\u00e9sultats, c\u2019est le jeu affich\u00e9 par Valentin Rongier et ses co\u00e9quipiers, ainsi que l\u2019ambiance dans le vestiaire, qui est point\u00e9 du doigt par les suiveurs du club breton. Avec, au centre des accusations, un message qui ne passe pas.<\/p>\n<p>Une r\u00e9union de crise pas tr\u00e8s fructueuse ?<\/p>\n<p>Des noms sont d\u00e9j\u00e0 sortis dans la presse pour succ\u00e9der \u00e0 Habib Beye : Philippe Cl\u00e9ment (ex coach de Monaco) et Thiago Motta (ex joueur du PSG, coach de Bologne et la Juventus).\u00a0<\/p>\n<p>En interne, la situation se complique. A tel point que, selon l\u2019insider Mohamed Toubache-Ter, une r\u00e9union de crise a eu lieu avec les joueurs pour tenter d\u2019am\u00e9liorer la situation. IL en serait ressorti que le discours de Beye a du mal \u00e0 \u00eatre compris. Depuis ses d\u00e9buts au Red Star, l\u2019ancien consultant pour Canal+, f\u00e9ru de tactique et d\u2019analyse technique, a toujours eu la r\u00e9putation de beaucoup parler, analyser, d\u00e9cortiquer\u2026 Au point de compliquer le message \u00e0 transmettre au pr\u00e8s des joueurs ? Selon certains proches du club, cela pourrait lui couter cher, en cas de mauvais r\u00e9sultat ce week-end au Havre.\u00a0<\/p>\n","protected":false},"excerpt":{"rendered":"La situation est compliqu\u00e9e \u00e0 Rennes pour Habib Beye, qui pourrait \u00eatre le premier entra\u00eeneur de Ligue 1&hellip;\n","protected":false},"author":2,"featured_media":436330,"comment_status":"","ping_status":"","sticky":false,"template":"","format":"standard","meta":{"footnotes":""},"categories":[2821],"tags":[1111,11,829,1777,674,1011,27,12,584,25],"class_list":{"0":"post-436329","1":"post","2":"type-post","3":"status-publish","4":"format-standard","5":"has-post-thumbnail","7":"category-rennes","8":"tag-actu","9":"tag-actualites","10":"tag-bretagne","11":"tag-eu","12":"tag-europe","13":"tag-fr","14":"tag-france","15":"tag-news","16":"tag-rennes","17":"tag-republique-francaise"},"share_on_mastodon":{"url":"https:\/\/pubeurope.com\/@fr\/115310639545113925","error":""},"_links":{"self":[{"href":"https:\/\/www.europesays.com\/fr\/wp-json\/wp\/v2\/posts\/436329","targetHints":{"allow":["GET"]}}],"collection":[{"href":"https:\/\/www.europesays.com\/fr\/wp-json\/wp\/v2\/posts"}],"about":[{"href":"https:\/\/www.europesays.com\/fr\/wp-json\/wp\/v2\/types\/post"}],"author":[{"embeddable":true,"href":"https:\/\/www.europesays.com\/fr\/wp-json\/wp\/v2\/users\/2"}],"replies":[{"embeddable":true,"href":"https:\/\/www.europesays.com\/fr\/wp-json\/wp\/v2\/comments?post=436329"}],"version-history":[{"count":0,"href":"https:\/\/www.europesays.com\/fr\/wp-json\/wp\/v2\/posts\/436329\/revisions"}],"wp:featuredmedia":[{"embeddable":true,"href":"https:\/\/www.europesays.com\/fr\/wp-json\/wp\/v2\/media\/436330"}],"wp:attachment":[{"href":"https:\/\/www.europesays.com\/fr\/wp-json\/wp\/v2\/media?parent=436329"}],"wp:term":[{"taxonomy":"category","embeddable":true,"href":"https:\/\/www.europesays.com\/fr\/wp-json\/wp\/v2\/categories?post=436329"},{"taxonomy":"post_tag","embeddable":true,"href":"https:\/\/www.europesays.com\/fr\/wp-json\/wp\/v2\/tags?post=436329"}],"curies":[{"name":"wp","href":"https:\/\/api.w.org\/{rel}","templated":true}]}}