{"id":436335,"date":"2025-10-03T14:13:12","date_gmt":"2025-10-03T14:13:12","guid":{"rendered":"https:\/\/www.europesays.com\/fr\/436335\/"},"modified":"2025-10-03T14:13:12","modified_gmt":"2025-10-03T14:13:12","slug":"deux-panneaux-etaient-mal-orientes-ce-papa-sinquietait-pour-la-creche","status":"publish","type":"post","link":"https:\/\/www.europesays.com\/fr\/436335\/","title":{"rendered":"deux panneaux \u00e9taient mal orient\u00e9s, ce papa s&rsquo;inqui\u00e9tait pour la cr\u00e8che"},"content":{"rendered":"<p>            Par<br \/>\n        <strong><br \/>\n            <a href=\"https:\/\/actu.fr\/auteur\/arthur-frand\" title=\"Consulter tous les articles de Arthur Frand\" target=\"_blank\" rel=\"noopener\">Arthur Frand<\/a><br \/>\n        <\/strong><\/p>\n<p>        Publi\u00e9 le<\/p>\n<p>            3 oct. 2025 \u00e0 15h54        <\/p>\n<p>Pr\u00e9venir plut\u00f4t que gu\u00e9rir. Youcef Maza, habitant de <a href=\"https:\/\/actu.fr\/nice\/\" target=\"_blank\" rel=\"noopener\">Nice<\/a>, dans les <a href=\"https:\/\/actu.fr\/provence-alpes-cote-d-azur\/alpes-maritimes_06\" target=\"_blank\" rel=\"noopener\">Alpes-Maritimes<\/a>, avait <strong>lanc\u00e9 l\u2019alerte<\/strong> sur les r\u00e9seaux sociaux ce mercredi 1er\u00a0octobre\u2009: \u00ab\u2009J\u2019aurais besoin d\u2019un renseignement pour r\u00e9orienter des <strong>panneaux de signalisation<\/strong>. Avez-vous un moyen de transmettre le message rapidement\u2009?\u2009\u00bb.<\/p>\n<p>Deux panneaux peu visibles des automobilistes<\/p>\n<p class=\" wall-content\">Papa d\u2019un petit gar\u00e7on, il a remarqu\u00e9 que deux panneaux de signalisation routi\u00e8re \u00ab\u2009ralentissement\u2009\u00bb et \u00ab\u2009attention aux enfants\u2009\u00bb, cens\u00e9s avertir les automobilistes, \u00e9taient <strong>tourn\u00e9s vers la gauche<\/strong> depuis plusieurs jours. Et donc tr\u00e8s <strong>peu visibles<\/strong> en arrivant, en descente, par le haut de l\u2019avenue Paderi \u00e0 Nice.<\/p>\n<p class=\" wall-content\">Pour quelle raison\u2009? Un poids lourd qui aurait touch\u00e9 la signal\u00e9tique est une hypoth\u00e8se. Seul, le panneau \u00ab\u2009limitation \u00e0 30\u00a0km\/h\u2009\u00bb, au-dessus, \u00e9tait bien d\u00e9celable de face, incitant tout de m\u00eame \u00e0 la prudence.<\/p>\n<p>    <a href=\"https:\/\/www.google.com\/maps\/embed?pb=!1m18!1m12!1m3!1d532.1234374411046!2d7.234398574138779!3d43.689438019692794!2m3!1f0!2f0!3f0!3m2!1i1024!2i768!4f13.1!3m3!1m2!1s0x12cdd045bed9e51d%3A0xc72f6bab753a11d4!2sAv.%20Paderi%2C%2006200%20Nice!5e1!3m2!1sfr!2sfr!4v1759491423961!5m2!1sfr!2sfr\" title=\"Ouvrie le lien\" target=\"_blank\" rel=\"noopener\">Cliquez ici pour visualiser le contenu<\/a><\/p>\n<p>\u00ab\u2009Les v\u00e9hicules arrivent \u00e0 toute vitesse\u2009\u00bb<\/p>\n<p class=\" wall-content\">Pour Youcef Maza, la mauvaise orientation de ces panneaux pouvait entra\u00eener un <strong>r\u00e9el danger d\u2019accident<\/strong> pour les parents, les enfants et les pi\u00e9tons de la zone. En effet, sur l\u2019avenue Paderi, juste derri\u00e8re ces panneaux, se trouve la cr\u00e8che bilingue menthe \u00e0 l\u2019eau, people and baby. Elle est <strong>masqu\u00e9e<\/strong> par un mur et de la v\u00e9g\u00e9tation.<\/p>\n<p class=\" wall-content\">\u00ab\u2009Elle est expos\u00e9e aux v\u00e9hicules qui arrivent \u00e0 toute vitesse sur cette route et qui ne se rendent pas compte qu\u2019il y a une cr\u00e8che cach\u00e9e. Pourvu qu\u2019un accident n\u2019arrive jamais\u2009\u00bb, a averti Youcef Maza.<\/p>\n<p>    <img   decoding=\"async\" loading=\"lazy\" src=\"https:\/\/www.europesays.com\/fr\/wp-content\/uploads\/2025\/10\/whatsapp-image-2025-10-03-at-134712-1-960x640.jpeg\" alt=\"Panneaux Nice cr\u00e8che\" width=\"960\" height=\"640\"\/><br \/>\n    La mairie a redress\u00e9 les panneaux de signalisation sur l\u2019avenue Paderi. (\u00a9Capture d\u2019\u00e9cran \/ Facebook Youcef Maza)<\/p>\n<p>Votre r\u00e9gion, votre actu !<\/p>\n<p>Recevez chaque jour les infos qui comptent pour vous.<\/p>\n<p>\t<a href=\"https:\/\/actu.fr\/newsletter\" class=\"ac-btn ac-btn--corner ac-btn--medium ac-btn--blue800\" target=\"_blank\" rel=\"noopener\">S&rsquo;incrire<\/a><br \/>\nLa position des panneaux a \u00e9t\u00e9 rectifi\u00e9e<\/p>\n<p class=\" wall-content\">Son message a rapidement \u00e9t\u00e9 entendu puisque la Ville de <a href=\"https:\/\/actu.fr\/nice\/\" target=\"_blank\" rel=\"noopener\">Nice<\/a> est intervenue ce mercredi 3\u00a0octobre. Les trois panneaux de signalisation ont \u00e9t\u00e9 remis d\u2019\u00e9querre et sont d\u00e9sormais bien visibles. De quoi rassurer tous les parents.<\/p>\n<p class=\" wall-content\">Personnalisez votre actualit\u00e9 en ajoutant vos villes et m\u00e9dias en favori avec <a href=\"https:\/\/moncompte.actu.fr\" title=\"D\u00e9couvez Mon Actu\" rel=\"nofollow noopener\" data-trk=\"{&quot;cta&quot;:{&quot;action&quot;:&quot;https:\\\/\\\/moncompte.actu.fr&quot;,&quot;category&quot;:&quot;mon compte&quot;,&quot;from&quot;:&quot;article footer&quot;,&quot;name&quot;:&quot;Mon actu&quot;,&quot;type&quot;:&quot;cta&quot;}}\" target=\"_blank\">Mon Actu<\/a>.<\/p>\n","protected":false},"excerpt":{"rendered":"Par Arthur Frand Publi\u00e9 le 3 oct. 2025 \u00e0 15h54 Pr\u00e9venir plut\u00f4t que gu\u00e9rir. Youcef Maza, habitant de&hellip;\n","protected":false},"author":2,"featured_media":436336,"comment_status":"","ping_status":"","sticky":false,"template":"","format":"standard","meta":{"footnotes":""},"categories":[2819],"tags":[1111,11,646,3542,1777,674,1011,27,12,2401,882,25,104],"class_list":{"0":"post-436335","1":"post","2":"type-post","3":"status-publish","4":"format-standard","5":"has-post-thumbnail","7":"category-nice","8":"tag-actu","9":"tag-actualites","10":"tag-automobile","11":"tag-circulation","12":"tag-eu","13":"tag-europe","14":"tag-fr","15":"tag-france","16":"tag-news","17":"tag-nice","18":"tag-provence-alpes-cote-dazur","19":"tag-republique-francaise","20":"tag-societe"},"share_on_mastodon":{"url":"https:\/\/pubeurope.com\/@fr\/115310651839994464","error":""},"_links":{"self":[{"href":"https:\/\/www.europesays.com\/fr\/wp-json\/wp\/v2\/posts\/436335","targetHints":{"allow":["GET"]}}],"collection":[{"href":"https:\/\/www.europesays.com\/fr\/wp-json\/wp\/v2\/posts"}],"about":[{"href":"https:\/\/www.europesays.com\/fr\/wp-json\/wp\/v2\/types\/post"}],"author":[{"embeddable":true,"href":"https:\/\/www.europesays.com\/fr\/wp-json\/wp\/v2\/users\/2"}],"replies":[{"embeddable":true,"href":"https:\/\/www.europesays.com\/fr\/wp-json\/wp\/v2\/comments?post=436335"}],"version-history":[{"count":0,"href":"https:\/\/www.europesays.com\/fr\/wp-json\/wp\/v2\/posts\/436335\/revisions"}],"wp:featuredmedia":[{"embeddable":true,"href":"https:\/\/www.europesays.com\/fr\/wp-json\/wp\/v2\/media\/436336"}],"wp:attachment":[{"href":"https:\/\/www.europesays.com\/fr\/wp-json\/wp\/v2\/media?parent=436335"}],"wp:term":[{"taxonomy":"category","embeddable":true,"href":"https:\/\/www.europesays.com\/fr\/wp-json\/wp\/v2\/categories?post=436335"},{"taxonomy":"post_tag","embeddable":true,"href":"https:\/\/www.europesays.com\/fr\/wp-json\/wp\/v2\/tags?post=436335"}],"curies":[{"name":"wp","href":"https:\/\/api.w.org\/{rel}","templated":true}]}}