{"id":436345,"date":"2025-10-03T14:22:10","date_gmt":"2025-10-03T14:22:10","guid":{"rendered":"https:\/\/www.europesays.com\/fr\/436345\/"},"modified":"2025-10-03T14:22:10","modified_gmt":"2025-10-03T14:22:10","slug":"une-saison-culturelle-variee-presentee-au-cuvier-de-feydeau","status":"publish","type":"post","link":"https:\/\/www.europesays.com\/fr\/436345\/","title":{"rendered":"une saison culturelle vari\u00e9e pr\u00e9sent\u00e9e au Cuvier de Feydeau"},"content":{"rendered":"<p>La municipalit\u00e9 a souhait\u00e9 diffuser la culture dans divers endroits comme le Cuvier de Feydeau, la m\u00e9diath\u00e8que, les parcs et lotissements ou chez les habitants.<\/p>\n<p>Plusieurs exp\u00e9riences, comme des concerts dessin\u00e9s ou du th\u00e9\u00e2tre culinaire, seront propos\u00e9es aux spectateurs. Cette diversit\u00e9 est li\u00e9e \u00e0 la collaboration de la Ville avec plusieurs partenaires\u00a0: les \u00e9coles d\u2019arts de Feydeau, le FAB, le Rocher de Palmer, l\u2019ONBA. Elle est aussi rendue possible gr\u00e2ce au soutien de l\u2019Iddac, le Conseil d\u00e9partemental, l\u2019Oara et Bordeaux M\u00e9tropole.<\/p>\n","protected":false},"excerpt":{"rendered":"La municipalit\u00e9 a souhait\u00e9 diffuser la culture dans divers endroits comme le Cuvier de Feydeau, la m\u00e9diath\u00e8que, les&hellip;\n","protected":false},"author":2,"featured_media":436346,"comment_status":"","ping_status":"","sticky":false,"template":"","format":"standard","meta":{"footnotes":""},"categories":[2817],"tags":[1111,11,1997,1777,674,1011,27,12,2219,25],"class_list":{"0":"post-436345","1":"post","2":"type-post","3":"status-publish","4":"format-standard","5":"has-post-thumbnail","7":"category-bordeaux","8":"tag-actu","9":"tag-actualites","10":"tag-bordeaux","11":"tag-eu","12":"tag-europe","13":"tag-fr","14":"tag-france","15":"tag-news","16":"tag-nouvelle-aquitaine","17":"tag-republique-francaise"},"share_on_mastodon":{"url":"https:\/\/pubeurope.com\/@fr\/115310686665426983","error":""},"_links":{"self":[{"href":"https:\/\/www.europesays.com\/fr\/wp-json\/wp\/v2\/posts\/436345","targetHints":{"allow":["GET"]}}],"collection":[{"href":"https:\/\/www.europesays.com\/fr\/wp-json\/wp\/v2\/posts"}],"about":[{"href":"https:\/\/www.europesays.com\/fr\/wp-json\/wp\/v2\/types\/post"}],"author":[{"embeddable":true,"href":"https:\/\/www.europesays.com\/fr\/wp-json\/wp\/v2\/users\/2"}],"replies":[{"embeddable":true,"href":"https:\/\/www.europesays.com\/fr\/wp-json\/wp\/v2\/comments?post=436345"}],"version-history":[{"count":0,"href":"https:\/\/www.europesays.com\/fr\/wp-json\/wp\/v2\/posts\/436345\/revisions"}],"wp:featuredmedia":[{"embeddable":true,"href":"https:\/\/www.europesays.com\/fr\/wp-json\/wp\/v2\/media\/436346"}],"wp:attachment":[{"href":"https:\/\/www.europesays.com\/fr\/wp-json\/wp\/v2\/media?parent=436345"}],"wp:term":[{"taxonomy":"category","embeddable":true,"href":"https:\/\/www.europesays.com\/fr\/wp-json\/wp\/v2\/categories?post=436345"},{"taxonomy":"post_tag","embeddable":true,"href":"https:\/\/www.europesays.com\/fr\/wp-json\/wp\/v2\/tags?post=436345"}],"curies":[{"name":"wp","href":"https:\/\/api.w.org\/{rel}","templated":true}]}}