{"id":436349,"date":"2025-10-03T14:24:12","date_gmt":"2025-10-03T14:24:12","guid":{"rendered":"https:\/\/www.europesays.com\/fr\/436349\/"},"modified":"2025-10-03T14:24:12","modified_gmt":"2025-10-03T14:24:12","slug":"une-fillette-de-6-ans-passe-plusieurs-heures-seule-sans-electricite-pres-de-sa-mere-decedee","status":"publish","type":"post","link":"https:\/\/www.europesays.com\/fr\/436349\/","title":{"rendered":"une fillette de 6 ans passe plusieurs heures seule sans \u00e9lectricit\u00e9 pr\u00e8s de sa m\u00e8re d\u00e9c\u00e9d\u00e9e"},"content":{"rendered":"<p>L\u2019origine du d\u00e9c\u00e8s pose encore de nombreuses questions laiss\u00e9es sans r\u00e9ponses. \u00c0 Toulouse (Haute-Garonne), une fillette \u00e2g\u00e9e de 6\u00a0ans a \u00e9t\u00e9 d\u00e9couverte seule en train d\u2019errer dans le hall d\u2019un immeuble, mardi 30\u00a0septembre 2025. Elle aurait pass\u00e9 plusieurs heures pr\u00e8s du corps sans vie de sa m\u00e8re, dans un appartement sans \u00e9lectricit\u00e9, selon <a target=\"_blank\" href=\"https:\/\/www.ledauphine.com\/faits-divers-justice\/2025\/10\/02\/la-fillette-errait-dans-le-hall-sa-mere-retrouvee-morte-dans-un-appartement-sans-electricite\" rel=\"nofollow noopener\">La D\u00e9p\u00eache du midi<\/a>.<\/p>\n<p>C\u2019est l\u2019habitant d\u2019un HLM, dans le m\u00eame quartier, qui a aper\u00e7u la petite fille seule. Il a alors contact\u00e9 les secours, qui ont retrouv\u00e9 la m\u00e8re de l\u2019enfant, sans vie, dans l\u2019appartement. Selon nos confr\u00e8res, la fillette n\u2019aurait pas mang\u00e9 ou pris de douche pendant un long moment. Il n\u2019y avait en effet pas de nourriture sur place et l\u2019\u00e9lectricit\u00e9 \u00e9tait coup\u00e9e.<\/p>\n<p>La petite fille aurait dit aux secours que sa m\u00e8re \u00e9tait malade. Elle devrait \u00eatre plac\u00e9e aupr\u00e8s de l\u2019aide sociale \u00e0 l\u2019enfance (ASE). Une enqu\u00eate a \u00e9t\u00e9 ouverte pour d\u00e9terminer les causes exactes du d\u00e9c\u00e8s.<\/p>\n","protected":false},"excerpt":{"rendered":"L\u2019origine du d\u00e9c\u00e8s pose encore de nombreuses questions laiss\u00e9es sans r\u00e9ponses. \u00c0 Toulouse (Haute-Garonne), une fillette \u00e2g\u00e9e de&hellip;\n","protected":false},"author":2,"featured_media":436350,"comment_status":"","ping_status":"","sticky":false,"template":"","format":"standard","meta":{"footnotes":""},"categories":[2816],"tags":[328,1111,11,1777,674,274,1011,27,329,12,2680,25,2312],"class_list":{"0":"post-436349","1":"post","2":"type-post","3":"status-publish","4":"format-standard","5":"has-post-thumbnail","7":"category-toulouse","8":"tag-a-la-une","9":"tag-actu","10":"tag-actualites","11":"tag-eu","12":"tag-europe","13":"tag-faits-divers-justice","14":"tag-fr","15":"tag-france","16":"tag-france-monde","17":"tag-news","18":"tag-occitanie","19":"tag-republique-francaise","20":"tag-toulouse"},"share_on_mastodon":{"url":"https:\/\/pubeurope.com\/@fr\/115310694632419758","error":""},"_links":{"self":[{"href":"https:\/\/www.europesays.com\/fr\/wp-json\/wp\/v2\/posts\/436349","targetHints":{"allow":["GET"]}}],"collection":[{"href":"https:\/\/www.europesays.com\/fr\/wp-json\/wp\/v2\/posts"}],"about":[{"href":"https:\/\/www.europesays.com\/fr\/wp-json\/wp\/v2\/types\/post"}],"author":[{"embeddable":true,"href":"https:\/\/www.europesays.com\/fr\/wp-json\/wp\/v2\/users\/2"}],"replies":[{"embeddable":true,"href":"https:\/\/www.europesays.com\/fr\/wp-json\/wp\/v2\/comments?post=436349"}],"version-history":[{"count":0,"href":"https:\/\/www.europesays.com\/fr\/wp-json\/wp\/v2\/posts\/436349\/revisions"}],"wp:featuredmedia":[{"embeddable":true,"href":"https:\/\/www.europesays.com\/fr\/wp-json\/wp\/v2\/media\/436350"}],"wp:attachment":[{"href":"https:\/\/www.europesays.com\/fr\/wp-json\/wp\/v2\/media?parent=436349"}],"wp:term":[{"taxonomy":"category","embeddable":true,"href":"https:\/\/www.europesays.com\/fr\/wp-json\/wp\/v2\/categories?post=436349"},{"taxonomy":"post_tag","embeddable":true,"href":"https:\/\/www.europesays.com\/fr\/wp-json\/wp\/v2\/tags?post=436349"}],"curies":[{"name":"wp","href":"https:\/\/api.w.org\/{rel}","templated":true}]}}