{"id":436354,"date":"2025-10-03T14:27:09","date_gmt":"2025-10-03T14:27:09","guid":{"rendered":"https:\/\/www.europesays.com\/fr\/436354\/"},"modified":"2025-10-03T14:27:09","modified_gmt":"2025-10-03T14:27:09","slug":"municipales-2026-a-marseille-stephane-tapie-bientot-allie-du-rn-pourquoi-cest-possible","status":"publish","type":"post","link":"https:\/\/www.europesays.com\/fr\/436354\/","title":{"rendered":"Municipales 2026 \u00e0 Marseille. St\u00e9phane Tapie bient\u00f4t alli\u00e9 du RN ? Pourquoi c&rsquo;est possible"},"content":{"rendered":"<p>            Par<br \/>\n        <strong><br \/>\n            <a href=\"https:\/\/actu.fr\/auteur\/thibault-nadal-actu-fr\" title=\"Consulter tous les articles de Thibault Nadal\" rel=\"nofollow noopener\" target=\"_blank\">Thibault Nadal<\/a><br \/>\n        <\/strong><\/p>\n<p>        Publi\u00e9 le<\/p>\n<p>            3 oct. 2025 \u00e0 16h10        <\/p>\n<p>C\u2019est un ralliement qui ne manquerait pas de faire parler. Depuis plusieurs jours, St\u00e9phane Tapie, le fils de Bernard Tapie, multiplie les sorties dans la presse pour <strong>clamer son envie de s\u2019engager dans la campagne<\/strong> des <a href=\"https:\/\/actu.fr\/marseille\/politique\/elections-municipales\" rel=\"nofollow noopener\" target=\"_blank\">municipales \u00e0 Marseille<\/a>, dont le premier tour du scrutin est pr\u00e9vu le 15 mars 2026. Dans une interview \u00e0 <a href=\"https:\/\/fr.news.yahoo.com\/municipales-a-marseille-y-aller-avec-marine-le-pen-si-elle-est-daccord-avec-mon-analyse-oui-affirme-stephane-tapie-111121690.html\" rel=\"nofollow noopener\" target=\"_blank\">Yahoo<\/a>, le fils a\u00een\u00e9 de l\u2019ancien propri\u00e9taire de <a href=\"https:\/\/actu.fr\/tag\/olympique-de-marseille-om\" rel=\"nofollow noopener\" target=\"_blank\">l\u2019OM<\/a> <strong>assure \u00ab\u2009\u00eatre sollicit\u00e9<\/strong>, beaucoup, notamment pour Marseille\u2009\u00bb.<\/p>\n<p>Un d\u00e9jeuner avec Marine Le\u00a0Pen et Jordan Bardella<\/p>\n<p class=\" wall-content\">Notamment par le\u2026 <a href=\"https:\/\/actu.fr\/tag\/rassemblement-national-rn\" rel=\"nofollow noopener\" target=\"_blank\">Rassemblement national<\/a>, un parti fortement rejet\u00e9 par son p\u00e8re qui avait <strong>fait de la lutte contre Jean-Marie Le\u00a0Pen un de ses mantras<\/strong>. \u00ab\u2009Entre les deux, \u00e7a n\u2019a rien \u00e0 avoir\u2009\u00bb, balaye le fils Tapie.<\/p>\n<p class=\" wall-content\">Il r\u00e9v\u00e8le que c\u2019est <a href=\"https:\/\/actu.fr\/tag\/marine-le-pen\" rel=\"nofollow noopener\" target=\"_blank\">Marine Le\u00a0Pen<\/a> qui a fait la d\u00e9marche de le contacter et qu\u2019il \u00ab\u2009n\u2019a pas \u00e9t\u00e9 interloqu\u00e9\u2009\u00bb par cela, car ils ont <strong>d\u00e9velopp\u00e9 une proximit\u00e9 apr\u00e8s le d\u00e9c\u00e8s de leur p\u00e8re respectif<\/strong>.<\/p>\n<p class=\" wall-content\">St\u00e9phane Tapie assure avoir d\u00e9jeun\u00e9 avec <a href=\"https:\/\/actu.fr\/tag\/jordan-bardella\" rel=\"nofollow noopener\" target=\"_blank\">Jordan Bardella<\/a> et la patronne du parti d\u2019extr\u00eame droite. D\u2019apr\u00e8s St\u00e9phane Tapie, elle lui <strong>aurait \u00ab\u2009ouvertement\u2009\u00bb propos\u00e9 <\/strong>de faire partie <a href=\"https:\/\/actu.fr\/provence-alpes-cote-d-azur\/marseille_13055\/municipales-2026-a-marseille-le-rn-peut-creer-la-surprise-assure-franck-allisio_62903402.html\" rel=\"nofollow noopener\" target=\"_blank\">du projet port\u00e9 par Franck Allisio<\/a> dans la cit\u00e9 phoc\u00e9enne.<\/p>\n<p>\u00ab\u00a0Rien \u00e0 annoncer\u00a0\u00bb du c\u00f4t\u00e9 du RN<\/p>\n<p class=\" wall-content\">Mais pour autant, aucune alliance n\u2019a encore \u00e9t\u00e9 scell\u00e9e \u00e0 l\u2019\u00e9couter. \u00ab\u2009Moi, ce n\u2019est pas le dossard qui m\u2019int\u00e9resse [\u2026] J\u2019irai avec ceux qui sont le plus proche avec de ce que je dis.\u2009\u00bb<\/p>\n<p class=\" wall-content\">Car St\u00e9phane Tapie n\u2019a qu\u2019une obsession\u2009: mettre fin aux trafics de drogue et <strong>s\u2019attaquer aux dealers<\/strong> qui \u00ab\u2009pourrissent\u2009\u00bb selon lui la vie des Marseillais.<\/p>\n<p class=\" wall-content\">Contact\u00e9, Olivier Rioult, le directeur et porte-parole de la campagne de Franck Allisio renvoie aux derni\u00e8res d\u00e9clarations du candidat qui \u00ab\u2009promet des surprises\u2009\u00bb. Mais pour le moment, <strong>\u00ab\u2009il n\u2019y a rien \u00e0 annoncer\u2009\u00bb<\/strong>.<\/p>\n<p>Votre r\u00e9gion, votre actu !<\/p>\n<p>Recevez chaque jour les infos qui comptent pour vous.<\/p>\n<p>\t<a href=\"https:\/\/actu.fr\/newsletter\" class=\"ac-btn ac-btn--corner ac-btn--medium ac-btn--blue800\" rel=\"nofollow noopener\" target=\"_blank\">S&rsquo;incrire<\/a><br \/>\nPrudence du c\u00f4t\u00e9 de Martine Vassal et de Beno\u00eet Payan<\/p>\n<p class=\" wall-content\">Face \u00e0 la port\u00e9e de ses propos, St\u00e9phane Tapie a pris la parole dans une deuxi\u00e8me interview accord\u00e9e au site <a href=\"https:\/\/www.faisonsparlermarseille.net\/article\/municipales-2026-si-personne-n-a-compris-l-urgence-j-irai-assure-le-fils-de-bernard-tapie\" rel=\"nofollow noopener\" target=\"_blank\">Faisons parler Marseille<\/a>. Dans celle-ci, il assure ne pas discuter qu\u2019avec le RN, mais aussi avec Martine Vassal, <a href=\"https:\/\/actu.fr\/tag\/benoit-payan\" rel=\"nofollow noopener\" target=\"_blank\">Beno\u00eet Payan<\/a> et m\u00eame Fr\u00e9d\u00e9ric Collart.<\/p>\n<p class=\" wall-content\">En marge d\u2019une conf\u00e9rence de presse ce jeudi, la candidate \u00e0 la mairie n\u2019a ni infirm\u00e9 ni confirm\u00e9 les propos du fils de Bernard Tapie. Elle a tout de m\u00eame <strong>laiss\u00e9 une porte ouverte<\/strong>. \u00ab\u2009Toutes les personnes qui correspondent \u00e0 nos valeurs sont les bienvenues\u2009\u00bb.<\/p>\n<p class=\" wall-content\">Du c\u00f4t\u00e9 de l\u2019entourage de Beno\u00eet Payan, <strong>on d\u00e9ment<\/strong> des discussions sur le th\u00e8me des municipales.<\/p>\n<p class=\" wall-content\">Alors coup de bluff de St\u00e9phane Tapie pour l\u00e9gitimer son alliance vers le RN ou coup de bluff pour faire\u00a0parler de lui et montrer qu\u2019il est disponible\u2009? Les prochaines semaines apporteront une r\u00e9ponse claire.<\/p>\n<p class=\" wall-content\">Personnalisez votre actualit\u00e9 en ajoutant vos villes et m\u00e9dias en favori avec <a href=\"https:\/\/moncompte.actu.fr\" title=\"D\u00e9couvez Mon Actu\" rel=\"nofollow noopener\" data-trk=\"{&quot;cta&quot;:{&quot;action&quot;:&quot;https:\\\/\\\/moncompte.actu.fr&quot;,&quot;category&quot;:&quot;mon compte&quot;,&quot;from&quot;:&quot;article footer&quot;,&quot;name&quot;:&quot;Mon actu&quot;,&quot;type&quot;:&quot;cta&quot;}}\" target=\"_blank\">Mon Actu<\/a>.<\/p>\n","protected":false},"excerpt":{"rendered":"Par Thibault Nadal Publi\u00e9 le 3 oct. 2025 \u00e0 16h10 C\u2019est un ralliement qui ne manquerait pas de&hellip;\n","protected":false},"author":2,"featured_media":436355,"comment_status":"","ping_status":"","sticky":false,"template":"","format":"standard","meta":{"footnotes":""},"categories":[2814],"tags":[1111,11,4188,1777,674,1011,27,884,3434,12,316,882,2556,25],"class_list":{"0":"post-436354","1":"post","2":"type-post","3":"status-publish","4":"format-standard","5":"has-post-thumbnail","7":"category-marseille","8":"tag-actu","9":"tag-actualites","10":"tag-elections-municipales","11":"tag-eu","12":"tag-europe","13":"tag-fr","14":"tag-france","15":"tag-marseille","16":"tag-municipales-2026","17":"tag-news","18":"tag-politique","19":"tag-provence-alpes-cote-dazur","20":"tag-rassemblement-national-rn","21":"tag-republique-francaise"},"share_on_mastodon":{"url":"https:\/\/pubeurope.com\/@fr\/115310706315806345","error":""},"_links":{"self":[{"href":"https:\/\/www.europesays.com\/fr\/wp-json\/wp\/v2\/posts\/436354","targetHints":{"allow":["GET"]}}],"collection":[{"href":"https:\/\/www.europesays.com\/fr\/wp-json\/wp\/v2\/posts"}],"about":[{"href":"https:\/\/www.europesays.com\/fr\/wp-json\/wp\/v2\/types\/post"}],"author":[{"embeddable":true,"href":"https:\/\/www.europesays.com\/fr\/wp-json\/wp\/v2\/users\/2"}],"replies":[{"embeddable":true,"href":"https:\/\/www.europesays.com\/fr\/wp-json\/wp\/v2\/comments?post=436354"}],"version-history":[{"count":0,"href":"https:\/\/www.europesays.com\/fr\/wp-json\/wp\/v2\/posts\/436354\/revisions"}],"wp:featuredmedia":[{"embeddable":true,"href":"https:\/\/www.europesays.com\/fr\/wp-json\/wp\/v2\/media\/436355"}],"wp:attachment":[{"href":"https:\/\/www.europesays.com\/fr\/wp-json\/wp\/v2\/media?parent=436354"}],"wp:term":[{"taxonomy":"category","embeddable":true,"href":"https:\/\/www.europesays.com\/fr\/wp-json\/wp\/v2\/categories?post=436354"},{"taxonomy":"post_tag","embeddable":true,"href":"https:\/\/www.europesays.com\/fr\/wp-json\/wp\/v2\/tags?post=436354"}],"curies":[{"name":"wp","href":"https:\/\/api.w.org\/{rel}","templated":true}]}}