{"id":436357,"date":"2025-10-03T14:28:11","date_gmt":"2025-10-03T14:28:11","guid":{"rendered":"https:\/\/www.europesays.com\/fr\/436357\/"},"modified":"2025-10-03T14:28:11","modified_gmt":"2025-10-03T14:28:11","slug":"a-marseille-la-marina-olympique-laisse-un-trou-de-11-millions-dans-les-caisses-de-la-ville","status":"publish","type":"post","link":"https:\/\/www.europesays.com\/fr\/436357\/","title":{"rendered":"\u00e0 Marseille, la marina olympique laisse un trou de 11 millions dans les caisses de la ville"},"content":{"rendered":"<p>Dans un rapport, la chambre r\u00e9gionale des comptes de Provence-Alpes-C\u00f4te d\u2019Azur rel\u00e8ve un trou dans le financement de la marina olympique, qui a accueilli les \u00e9preuves de voile \u00e0 Marseille. La facture finale s\u2019\u00e9l\u00e8ve \u00e0 45,59 millions d\u2019euros.<\/p>\n<p class=\"fig-paragraph\">\u00c0 peine \u00e9lu, Beno\u00eet Payan en avait fait un cheval de bataille et un marqueur politique. Quatre ans avant les\u00a0<a href=\"http:\/\/www.lefigaro.fr\/sports\/jeux-olympiques\/pourquoi-les-jeux-de-paris-2024-ont-marque-l-histoire-olympique-20250928\" data-fig-type=\"Article\" data-gtm-custom-categorie=\"navigation\" data-gtm-custom-action=\"crossclick\" data-gtm-custom-label=\"Contextuel\" data-gtm-event=\"customEventSPE\" data-fig-domain=\"LEFIGARO\" target=\"_blank\" rel=\"noopener\">Jeux olympiques<\/a>, le maire avait obtenu un accord avantageux pour la\u00a0<a href=\"http:\/\/www.lefigaro.fr\/sports\/voile\/voile-la-marina-olympique-de-marseille-va-prendre-le-nom-de-florence-arthaud-20250306\" data-fig-type=\"NewsFlash\" data-gtm-custom-categorie=\"navigation\" data-gtm-custom-action=\"crossclick\" data-gtm-custom-label=\"Contextuel\" data-gtm-event=\"customEventSPE\" data-fig-domain=\"LEFIGARO\" target=\"_blank\" rel=\"noopener\">marina olympique<\/a>, \u00e9quipement municipal enti\u00e8rement r\u00e9nov\u00e9 pour accueillir les \u00e9preuves de voile des JO de Paris 2024. En plus de la ville de Marseille, l\u2019\u00c9tat, la r\u00e9gion, le d\u00e9partement et la m\u00e9tropole avaient accept\u00e9, en septembre 2020, la proposition de l\u2019ancien socialiste de mettre la main \u00e0 la poche, afin de faire baisser le poids de l\u2019organisation des Jeux olympiques sur les finances de la ville.<\/p>\n<p class=\"fig-paragraph\">Cinq ans plus tard, \u00e0 quelques mois des \u00e9lections municipales et un an apr\u00e8s les JO, la chambre r\u00e9gionale des comptes (CRC) de Provence-Alpes-C\u00f4te d\u2019Azur fait un autre calcul, plus douloureux pour Beno\u00eet Payan. Dans un rapport \u00e0 para\u00eetre, r\u00e9v\u00e9l\u00e9 par\u00a0<a href=\"https:\/\/marsactu.fr\/des-remous-et-des-departs-a-droite-sur-fond-de-durcissement-du-discours-de-martine-vassal\/\" target=\"_blank\" rel=\"sponsored noopener\" data-gtm-custom-categorie=\"navigation\" data-gtm-custom-action=\"crossclick\" data-gtm-custom-label=\"Contextuel\" data-gtm-event=\"customEventSPE\">Marsactu\u00a0<\/a>et que Le Figaro a pu consulter, la CRC s\u2019\u00e9meut de constater que, \u00abau total, 10,95 millions d\u2019euros hors taxe manquent pour couvrir l\u2019ensemble des d\u00e9penses du projet\u00bb.<\/p>\n<p>                                    <a class=\"fig-a11y-skip a11y-hidden\" href=\"#fig-a11y-skip-main-inarticle\"><br \/>\n        Passer la publicit\u00e9<br \/>\n    <\/a><\/p>\n<p class=\"fig-paragraph\">Et pour cause\u00a0: le co\u00fbt r\u00e9el de ce stade nautique a \u00e9t\u00e9 sensiblement sup\u00e9rieur aux pr\u00e9visions. \u00ab Le co\u00fbt global du projet a augment\u00e9 de 13,5% entre 2022 et 2024 pour s\u2019\u00e9tablir \u00e0 45,59 millions d\u2019euros hors taxe, \u00e9crit la chambre dans son rapport. Il a progress\u00e9 pour le volet terrestre de 1,45 million d\u2019euros hors taxe, soit une hausse de 4,9%, depuis 2022, en s\u2019\u00e9tablissant \u00e0 30,95 millions d\u2019euros hors taxe et pour le volet maritime de 3,97 millions d\u2019euros hors taxe, soit une hausse de 37,2%, s\u2019\u00e9tablissant \u00e0 14,64 millions d\u2019euros hors taxe.\u00bb<\/p>\n<p>Des carences dans le plan de financement<\/p>\n<p class=\"fig-paragraph\">\u00abIl y a deux raisons \u00e0 cette hausse, estime Jo\u00ebl Canicave, adjoint au maire de Marseille en charge des finances. La premi\u00e8re c\u2019est l\u2019inflation avec la hausse des mat\u00e9riaux. La seconde, ce sont des demandes suppl\u00e9mentaires de la soci\u00e9t\u00e9 de livraison des ouvrages olympiques (Solideo) et du comit\u00e9 d\u2019organisation des JO de Paris (Cojo), notamment le brassage maritime qui devait \u00e9voluer.\u00bb<\/p>\n<p class=\"fig-paragraph\">\u00abAu d\u00e9but du projet, les pr\u00e9visions de recettes ont \u00e9t\u00e9 ajust\u00e9es pour couvrir l\u2019\u00e9volution des d\u00e9penses, note la chambre dans son rapport. Cependant, le financement public n\u2019a pas \u00e9t\u00e9 r\u00e9\u00e9valu\u00e9 \u00e0 partir de 2022 en y int\u00e9grant l\u2019\u00e9volution du co\u00fbt de la partie maritime du programme, cr\u00e9ant ainsi un d\u00e9ficit de 3,97 millions d\u2019euros hors taxe en 2024. Les financements attendus en mars 2025 s\u2019\u00e9levaient \u00e0 34,64 millions d\u2019euros hors taxe.\u00a0\u00bb<\/p>\n<p class=\"fig-paragraph\">Surtout, la chambre rel\u00e8ve des carences dans le plan de financement initial de ce stade olympique, r\u00e9cemment rebaptis\u00e9 stade nautique Florence-Arthaud. D\u2019abord, selon le rapport, \u00abla gestion des march\u00e9s publics li\u00e9s aux \u00e9preuves de voile a \u00e9t\u00e9 assur\u00e9e par diff\u00e9rents services de la commune.\u00bb Or, \u00abbien que des dispositifs de contr\u00f4le aient \u00e9t\u00e9 mis en place, des d\u00e9passements significatifs des montants initiaux ont \u00e9t\u00e9 observ\u00e9s par la chambre .\u00bb<\/p>\n<p>La ville accuse Renaud Muselier<\/p>\n<p class=\"fig-paragraph\">En outre, \u00abla chambre observe que certaines ressources figurant au plan de financement initial n\u2019ont pas \u00e9t\u00e9 per\u00e7ues, notamment du fait de l\u2019in\u00e9ligibilit\u00e9 du projet au fonds europ\u00e9en de d\u00e9veloppement r\u00e9gional constat\u00e9e par la commune en 2023.\u00bb Manque \u00e0 gagner\u00a0: trois millions d\u2019euros. Devant le conseil municipal ce vendredi 3 octobre, lors de la pr\u00e9sentation du rapport, Beno\u00eet Payan et son \u00e9quipe ont ouvertement accus\u00e9 le pr\u00e9sident de la r\u00e9gion Provence-Alpes-C\u00f4te d\u2019Azur, Renaud Muselier, d\u2019avoir entrav\u00e9 la ville dans ce projet de financement de la marina olympique.<\/p>\n<p>                                    <a class=\"fig-a11y-skip a11y-hidden\" href=\"#fig-a11y-skip-main-inarticle_mtf\"><br \/>\n        Passer la publicit\u00e9<br \/>\n    <\/a><\/p>\n<p class=\"fig-paragraph\">\u00abIl se trouve que le dossier qui \u00e9tait port\u00e9 par la r\u00e9gion n\u2019est pas arriv\u00e9 sur le bon bureau, pour des raisons qui nous \u00e9chappent, affirme Jo\u00ebl Canicave dans l\u2019h\u00e9micycle. Ils n\u2019ont pas fait preuve de trop de z\u00e8le&#8230;\u00bb \u00abC\u2019est toujours plus compliqu\u00e9 avec la r\u00e9gion\u00bb, peste Beno\u00eet Payan, dont les relations avec Renaud Muselier sont tr\u00e8s tendues. \u00abJ\u2019ai rencontr\u00e9 r\u00e9cemment le maire de Saint-Rapha\u00ebl qui m\u2019expliquait que plus aucun de ses dossiers ne passait \u00e0 la r\u00e9gion depuis qu\u2019il s\u2019\u00e9tait disput\u00e9 avec Renaud Muselier\u00a0!\u00bb, poursuit le maire \u00abLe dossier n\u2019est pas \u00e9ligible parce que &#8211;\u00a0peut-\u00eatre\u00a0-, la r\u00e9gion n\u2019a pas bien d\u00e9fendu le dossier\u00bb, accuse Jo\u00ebl Canicave. \u00abC\u2019est la mairie qui doit d\u00e9poser le dossier \u00e0 la r\u00e9gion, qui doit ensuite le d\u00e9poser aupr\u00e8s de l\u2019Europe, d\u00e9ment Isabelle Savon, conseill\u00e8re municipale d\u2019opposition, conseill\u00e8re r\u00e9gionale et proche de Renaud Muselier. On a re\u00e7u un premier dossier, mal instruit et donc jug\u00e9 irrecevable car ce n\u2019\u00e9tait pas la bonne signature. Et apr\u00e8s, on n\u2019a plus eu aucun dossier\u00a0! Or, si on ne d\u00e9pose pas de dossier, on ne peut pas instruire, donc la faute est \u00e0 la ville de Marseille\u00a0!\u00a0\u00bb<\/p>\n<p class=\"fig-paragraph\">Face \u00e0 cette situation, Beno\u00eet Payan en appelle \u00e0 la solidarit\u00e9 de chacun. \u00abJe demande officiellement au pr\u00e9fet de r\u00e9gion d\u2019organiser un tour de table. Le pr\u00e9sident de r\u00e9gion est le bienvenu, et j\u2019esp\u00e8re que la pr\u00e9sidente de la m\u00e9tropole et du d\u00e9partement, Martine Vassal, sera l\u00e0.\u00bb L\u2019\u00e9dile demande \u00e0 l\u2019\u00c9tat comme aux autres collectivit\u00e9s de mettre la main \u00e0 la poche et ainsi combler le d\u00e9ficit cr\u00e9\u00e9 par la marina olympique dans les caisses de la ville. \u00abL\u2019\u00c9tat a d\u2019ores et d\u00e9j\u00e0 accept\u00e9 de participer au paiement du surplus aux alentours de deux millions d\u2019euros\u00bb, applaudit Jo\u00ebl Canicave.<\/p>\n<p>Payan tax\u00e9 d\u2019\u00eatre un \u00abmauvais gestionnaire\u00bb<\/p>\n<p class=\"fig-paragraph\">Les choses semblent moins bien engag\u00e9es du c\u00f4t\u00e9 des collectivit\u00e9s territoriales. Contact\u00e9, l\u2019entourage de Martine Vassal se refuse pour l\u2019heure \u00e0 tout commentaire. La r\u00e9gion, de son c\u00f4t\u00e9, oppose un fin de non-recevoir. \u00abOn ne va pas commenter les \u00e9lucubrations d\u2019un mauvais gestionnaire qui a laiss\u00e9 d\u00e9raper le budget de la marina\u00bb, souffle-t-on dans l\u2019entourage de Renaud Muselier. \u00abLa facture, on vous la laisse et, en aucune fa\u00e7on, nous ne comptons la partager\u00bb, balaie Isabelle Savon, qui rappelle que la r\u00e9gion \u00aba d\u00e9j\u00e0 mis cinq millions d\u2019euros dans ce projet.\u00bb \u00abLes trois millions, si c\u2019est pour que Renaud Muselier les utilise pour acheter des canons \u00e0 neige ou faire une patinoire \u00e0 Nice pour les Jeux olympiques de 2030, il va falloir qu\u2019il explique pourquoi il n\u2019aime pas les Marseillais\u00bb, persifle Jo\u00ebl Canicave.<\/p>\n<p class=\"fig-paragraph\">Comment la ville, dont le d\u00e9ficit avait atteint pr\u00e8s de 1,4 milliard d\u2019euros en 2023, va-t-elle renflouer les caisses\u00a0? Interrog\u00e9 sur ce point, Jo\u00ebl Canicave se montre flou mais se veut rassurant. \u00abIl n\u2019y a pas de souci, ne vous inqui\u00e9tez pas, lance l\u2019adjoint au maire. On va exiger ce qui nous est d\u00fb. Tout est budg\u00e9t\u00e9, nous pouvons le faire, mais on aimerait effectivement que \u00e7a soit partag\u00e9 \u00e9quitablement. Ce qu\u2019on aimerait, c\u2019est que \u00e7a ne soit pas les Marseillais qui paient. C\u2019est s\u00fbr que cet argent, j\u2019aurais pr\u00e9f\u00e9r\u00e9 l\u2019utiliser pour financer autre chose.\u00bb<\/p>\n<p class=\"fig-paragraph\">Un rapport publi\u00e9 le 29 septembre de la Cour des comptes estime que, dans leur globalit\u00e9, les JO de Paris 2024 ont co\u00fbt\u00e9 6,6 milliards d\u2019euros en d\u00e9pense publique. Les magistrats de la rue Cambon applaudissent \u00abl\u2019absence de d\u00e9rapage budg\u00e9taire\u00bb tout en jugeant \u00abmodeste \u00e0 ce stade\u00bb l\u2019impact \u00e9conomique de l\u2019\u00e9v\u00e9nement.<\/p>\n","protected":false},"excerpt":{"rendered":"Dans un rapport, la chambre r\u00e9gionale des comptes de Provence-Alpes-C\u00f4te d\u2019Azur rel\u00e8ve un trou dans le financement de&hellip;\n","protected":false},"author":2,"featured_media":436358,"comment_status":"","ping_status":"","sticky":false,"template":"","format":"standard","meta":{"footnotes":""},"categories":[2814],"tags":[1111,11,6469,10259,1777,674,3531,1011,27,3996,884,12,882,6697,25,10887],"class_list":{"0":"post-436357","1":"post","2":"type-post","3":"status-publish","4":"format-standard","5":"has-post-thumbnail","7":"category-marseille","8":"tag-actu","9":"tag-actualites","10":"tag-benoit-payan","11":"tag-deficit","12":"tag-eu","13":"tag-europe","14":"tag-financement","15":"tag-fr","16":"tag-france","17":"tag-jeux-olympiques","18":"tag-marseille","19":"tag-news","20":"tag-provence-alpes-cote-dazur","21":"tag-renaud-muselier","22":"tag-republique-francaise","23":"tag-voile"},"share_on_mastodon":{"url":"https:\/\/pubeurope.com\/@fr\/115310710267213290","error":""},"_links":{"self":[{"href":"https:\/\/www.europesays.com\/fr\/wp-json\/wp\/v2\/posts\/436357","targetHints":{"allow":["GET"]}}],"collection":[{"href":"https:\/\/www.europesays.com\/fr\/wp-json\/wp\/v2\/posts"}],"about":[{"href":"https:\/\/www.europesays.com\/fr\/wp-json\/wp\/v2\/types\/post"}],"author":[{"embeddable":true,"href":"https:\/\/www.europesays.com\/fr\/wp-json\/wp\/v2\/users\/2"}],"replies":[{"embeddable":true,"href":"https:\/\/www.europesays.com\/fr\/wp-json\/wp\/v2\/comments?post=436357"}],"version-history":[{"count":0,"href":"https:\/\/www.europesays.com\/fr\/wp-json\/wp\/v2\/posts\/436357\/revisions"}],"wp:featuredmedia":[{"embeddable":true,"href":"https:\/\/www.europesays.com\/fr\/wp-json\/wp\/v2\/media\/436358"}],"wp:attachment":[{"href":"https:\/\/www.europesays.com\/fr\/wp-json\/wp\/v2\/media?parent=436357"}],"wp:term":[{"taxonomy":"category","embeddable":true,"href":"https:\/\/www.europesays.com\/fr\/wp-json\/wp\/v2\/categories?post=436357"},{"taxonomy":"post_tag","embeddable":true,"href":"https:\/\/www.europesays.com\/fr\/wp-json\/wp\/v2\/tags?post=436357"}],"curies":[{"name":"wp","href":"https:\/\/api.w.org\/{rel}","templated":true}]}}