{"id":436361,"date":"2025-10-03T14:30:18","date_gmt":"2025-10-03T14:30:18","guid":{"rendered":"https:\/\/www.europesays.com\/fr\/436361\/"},"modified":"2025-10-03T14:30:18","modified_gmt":"2025-10-03T14:30:18","slug":"un-suspect-interpelle-en-italie-2","status":"publish","type":"post","link":"https:\/\/www.europesays.com\/fr\/436361\/","title":{"rendered":"un suspect interpell\u00e9 en Italie"},"content":{"rendered":"<p>Un Alg\u00e9rien de 28 ans a \u00e9t\u00e9 arr\u00eat\u00e9 en Italie dans le cadre de l&rsquo;enqu\u00eate sur <a href=\"https:\/\/www.laprovence.com\/article\/faits-divers-justice\/56229709911630\/un-homme-en-fauteuil-roulant-tue-a-larme-blanche-a-lyon\" target=\"_blank\" rel=\"noopener\">le meurtre d&rsquo;un chr\u00e9tien irakien en fauteuil roulant en septembre \u00e0 Lyon<\/a>, a indiqu\u00e9 ce vendredi une source proche du dossier confirmant une information du magazine Paris Match.<\/p>\n<p>La <strong>victime, \u00e2g\u00e9e de 45 ans, a \u00e9t\u00e9 frapp\u00e9e au cou le soir du 10 septembre<\/strong> au pied de son immeuble, alors qu&rsquo;elle \u00e9tait en train de faire un live vid\u00e9o consacr\u00e9 \u00e0 la religion, comme elle en avait l&rsquo;habitude.<\/p>\n<p>Selon Paris Match, le suspect interpell\u00e9 jeudi pr\u00e8s de Bari (sud) est soup\u00e7onn\u00e9 d&rsquo;avoir \u00e9t\u00e9 \u00e0 proximit\u00e9 de la sc\u00e8ne de crime au moment des faits. Le parquet de Lyon, qui supervise l&rsquo;enqu\u00eate pour assassinat ouverte apr\u00e8s le crime, n&rsquo;a pas souhait\u00e9 communiquer dans l&rsquo;imm\u00e9diat.<\/p>\n<p>Du contenu religieux<\/p>\n<p>Les premi\u00e8res investigations n&rsquo;avaient pas permis de privil\u00e9gier un mobile, qu&rsquo;il soit \u00ab\u00a0crapuleux, politique, religieux ou li\u00e9 aux stup\u00e9fiants\u00a0\u00bb, avait d\u00e9clar\u00e9 une source polici\u00e8re.\u00a0<\/p>\n<p>La police judiciaire \u00e9tait rest\u00e9e charg\u00e9e de l&rsquo;enqu\u00eate mais le parquet national antiterroriste avait \u00e9t\u00e9 inform\u00e9 de ses avanc\u00e9es, selon une source judiciaire.\u00a0La victime vivait avec sa s\u0153ur depuis au moins dix ans \u00e0 Lyon. Sur ses comptes en ligne, consult\u00e9s par l&rsquo;AFP, elle s&rsquo;exprimait en arabe et postait des vid\u00e9os souvent consacr\u00e9es \u00e0 la religion chr\u00e9tienne.\u00a0<\/p>\n<p>Sur l&rsquo;une d&rsquo;elles, visible sur TikTok, le quadrag\u00e9naire affirmait que ses contenus \u00e9taient r\u00e9guli\u00e8rement bloqu\u00e9s et ses comptes suspendus en raison, selon lui, de signalements faits par des utilisateurs musulmans.<\/p>\n","protected":false},"excerpt":{"rendered":"Un Alg\u00e9rien de 28 ans a \u00e9t\u00e9 arr\u00eat\u00e9 en Italie dans le cadre de l&rsquo;enqu\u00eate sur le meurtre&hellip;\n","protected":false},"author":2,"featured_media":436362,"comment_status":"","ping_status":"","sticky":false,"template":"","format":"standard","meta":{"footnotes":""},"categories":[1889],"tags":[17,1111,11,2430,8386,1777,674,274,41846,1011,27,4933,1859,2428,12,25,41847,5911],"class_list":{"0":"post-436361","1":"post","2":"type-post","3":"status-publish","4":"format-standard","5":"has-post-thumbnail","7":"category-lyon","8":"tag-17","9":"tag-actu","10":"tag-actualites","11":"tag-auvergne-rhone-alpes","12":"tag-blanche","13":"tag-eu","14":"tag-europe","15":"tag-faits-divers-justice","16":"tag-fauteuil","17":"tag-fr","18":"tag-france","19":"tag-homme","20":"tag-larme","21":"tag-lyon","22":"tag-news","23":"tag-republique-francaise","24":"tag-roulant","25":"tag-tue"},"share_on_mastodon":{"url":"https:\/\/pubeurope.com\/@fr\/115310718002384912","error":""},"_links":{"self":[{"href":"https:\/\/www.europesays.com\/fr\/wp-json\/wp\/v2\/posts\/436361","targetHints":{"allow":["GET"]}}],"collection":[{"href":"https:\/\/www.europesays.com\/fr\/wp-json\/wp\/v2\/posts"}],"about":[{"href":"https:\/\/www.europesays.com\/fr\/wp-json\/wp\/v2\/types\/post"}],"author":[{"embeddable":true,"href":"https:\/\/www.europesays.com\/fr\/wp-json\/wp\/v2\/users\/2"}],"replies":[{"embeddable":true,"href":"https:\/\/www.europesays.com\/fr\/wp-json\/wp\/v2\/comments?post=436361"}],"version-history":[{"count":0,"href":"https:\/\/www.europesays.com\/fr\/wp-json\/wp\/v2\/posts\/436361\/revisions"}],"wp:featuredmedia":[{"embeddable":true,"href":"https:\/\/www.europesays.com\/fr\/wp-json\/wp\/v2\/media\/436362"}],"wp:attachment":[{"href":"https:\/\/www.europesays.com\/fr\/wp-json\/wp\/v2\/media?parent=436361"}],"wp:term":[{"taxonomy":"category","embeddable":true,"href":"https:\/\/www.europesays.com\/fr\/wp-json\/wp\/v2\/categories?post=436361"},{"taxonomy":"post_tag","embeddable":true,"href":"https:\/\/www.europesays.com\/fr\/wp-json\/wp\/v2\/tags?post=436361"}],"curies":[{"name":"wp","href":"https:\/\/api.w.org\/{rel}","templated":true}]}}