{"id":436365,"date":"2025-10-03T14:33:12","date_gmt":"2025-10-03T14:33:12","guid":{"rendered":"https:\/\/www.europesays.com\/fr\/436365\/"},"modified":"2025-10-03T14:33:12","modified_gmt":"2025-10-03T14:33:12","slug":"une-selection-de-sorties-pour-faire-un-bond-dans-le-passe","status":"publish","type":"post","link":"https:\/\/www.europesays.com\/fr\/436365\/","title":{"rendered":"une s\u00e9lection de sorties pour faire un bond dans le pass\u00e9"},"content":{"rendered":"<p>            Par<br \/>\n        <strong><br \/>\n            <a href=\"https:\/\/actu.fr\/auteur\/redaction-paris\" title=\"Consulter tous les articles de R\u00e9daction Paris\" target=\"_blank\" rel=\"noopener\">R\u00e9daction Paris<\/a><br \/>\n        <\/strong><\/p>\n<p>        Publi\u00e9 le<\/p>\n<p>            3 oct. 2025 \u00e0 15h56        <\/p>\n<p class=\"x_MsoNormal\">Ce week-end en Seine-Saint-Denis faites un voyage dans le temps, avec un d\u00e9tour par le pass\u00e9, sur les traces des <a href=\"https:\/\/actu.fr\/tag\/jo-paris-2024\" target=\"_blank\" rel=\"noopener\">Jeux olympiques de Paris<\/a>, du Moyen \u00c2ge \u00e0 l\u2019arch\u00e9osite de Neuilly-sur-Marne et du mus\u00e9e de Saint-Denis install\u00e9 dans un ancien couvent.<\/p>\n<p>D\u00e9couverte du Moyen \u00c2ge<\/p>\n<p class=\"x_MsoNormal wall-content\">Fouillez le pass\u00e9 \u00e0\u00a0<a title=\"https:\/\/url.de.m.mimecastprotect.com\/s\/vjLxCA6BKLc6ZYJkUGf1uGgt9P?domain=tourisme93.com\" href=\"https:\/\/url.de.m.mimecastprotect.com\/s\/vjLxCA6BKLc6ZYJkUGf1uGgt9P?domain=tourisme93.com\" target=\"_blank\" rel=\"noopener noreferrer\" data-auth=\"NotApplicable\" data-linkindex=\"0\">l\u2019arch\u00e9osite \u00e0 Neuilly-sur-Marne<\/a>\u00a0pour d\u00e9couvrir le Moyen \u00c2ge avec trois\u00a0<a title=\"https:\/\/url.de.m.mimecastprotect.com\/s\/-qvUCBrD9MI6DoJYU6h3u2E11p?domain=exploreparis.com\" href=\"https:\/\/url.de.m.mimecastprotect.com\/s\/-qvUCBrD9MI6DoJYU6h3u2E11p?domain=exploreparis.com\" target=\"_blank\" rel=\"noopener noreferrer\" data-auth=\"NotApplicable\" data-linkindex=\"1\">ateliers gratuits<\/a>\u00a0accessibles \u00e0 partir de 8 ans.<\/p>\n<ul type=\"disc\" class=\" wall-content\">\n<li class=\"x_MsoListParagraph\"><a title=\"https:\/\/url.de.m.mimecastprotect.com\/s\/LTkWCDqGWOCvoPr4hAiZujG23M?domain=exploreparis.com\" href=\"https:\/\/url.de.m.mimecastprotect.com\/s\/LTkWCDqGWOCvoPr4hAiZujG23M?domain=exploreparis.com\" target=\"_blank\" rel=\"noopener noreferrer\" data-auth=\"NotApplicable\" data-linkindex=\"2\">Atelier machine m\u00e9di\u00e9vale miniature<\/a>\u00a0: comprenez, avec la manipulation de maquettes, les principes de m\u00e9canique simples des inventions \u2013 grues, pont-levis et catapultes \u2013 utilis\u00e9es pour construire ch\u00e2teaux et cath\u00e9drales. Dimanche 5 octobre \u00e0 13h30, 14h45et 16h. Gratuit.<\/li>\n<li class=\"x_MsoListParagraph\"><a title=\"https:\/\/url.de.m.mimecastprotect.com\/s\/ZnTbCEqJWgC9lPoEtPsVu78ixB?domain=exploreparis.com\" href=\"https:\/\/url.de.m.mimecastprotect.com\/s\/ZnTbCEqJWgC9lPoEtPsVu78ixB?domain=exploreparis.com\" target=\"_blank\" rel=\"noopener noreferrer\" data-auth=\"NotApplicable\" data-linkindex=\"3\">Rencontre avec une arch\u00e9ologue m\u00e9di\u00e9viste<\/a>\u00a0: Cristina Gon\u00e7alves-Buissart vous pr\u00e9sente les recherches qu\u2019elle m\u00e8ne en Seine-Saint-Denis, territoire particuli\u00e8rement riche en vestiges du\u00a0Moyen \u00c2ge. Dimanche 5 octobre \u00e0 13h30, 14h30, 15h30 et 16h30. Gratuit.<\/li>\n<li class=\"x_MsoListParagraph\"><a title=\"https:\/\/url.de.m.mimecastprotect.com\/s\/ckBCCGRLWkuYBgZvtktZuBb-1n?domain=exploreparis.com\" href=\"https:\/\/url.de.m.mimecastprotect.com\/s\/ckBCCGRLWkuYBgZvtktZuBb-1n?domain=exploreparis.com\" target=\"_blank\" rel=\"noopener noreferrer\" data-auth=\"NotApplicable\" data-linkindex=\"4\">Atelier autour des pratiques fun\u00e9raires m\u00e9di\u00e9vales\u00a0<\/a>: construisez une petite s\u00e9pulture typique de la p\u00e9riode du haut Moyen \u00c2ge d\u2019apr\u00e8s les d\u00e9couvertes faites dans la n\u00e9cropole des Mastraits \u00e0 Noisy-le-Grand.\u00a0Dimanche 5 octobre \u00e0 14h, 15h15 et 16h30. Gratuit.<\/li>\n<\/ul>\n<p>Revivre les Jeux olympiques et paralympiques<\/p>\n<p class=\"x_MsoNormal wall-content\">Partez sur les traces des sites des JOP de Paris 2024 au cours de balades urbaines guid\u00e9es.<\/p>\n<ul type=\"disc\" class=\" wall-content\">\n<li class=\"x_MsoListParagraph\"><a title=\"https:\/\/url.de.m.mimecastprotect.com\/s\/eI_FCJ8OWnTrBXLNiOuLuyuoiC?domain=exploreparis.com\" href=\"https:\/\/url.de.m.mimecastprotect.com\/s\/eI_FCJ8OWnTrBXLNiOuLuyuoiC?domain=exploreparis.com\" target=\"_blank\" rel=\"noopener noreferrer\" data-auth=\"NotApplicable\" data-linkindex=\"5\">Visite guid\u00e9e du village des athl\u00e8tes<\/a>\u00a0: arpentez ce quartier con\u00e7u pour accueillir les diff\u00e9rentes congr\u00e9gations venues pendant les Jeux Olympiques. Samedi 4 octobre \u00e0 14h. 16 euros.<\/li>\n<li class=\"x_MsoListParagraph\"><a title=\"https:\/\/url.de.m.mimecastprotect.com\/s\/XO2wCK8P9oTEDJxVHoC1u5ImJz?domain=exploreparis.com\" href=\"https:\/\/url.de.m.mimecastprotect.com\/s\/XO2wCK8P9oTEDJxVHoC1u5ImJz?domain=exploreparis.com\" target=\"_blank\" rel=\"noopener noreferrer\" data-auth=\"NotApplicable\" data-linkindex=\"6\">Balade guid\u00e9e \u00e0 v\u00e9lo autour des JO<\/a>\u00a0: d\u00e9couvrez les grands sites olympiques de la Seine-Saint-Denis\u00a0avec un guide conf\u00e9rencier. La balade se finit en beaut\u00e9 avec une baignade dans un des grands bassins du Centre Aquatique Olympique \u00e0 Saint-Denis qui a accueilli des athl\u00e8tes du monde entier. Dimanche 5 octobre \u00e0 14h30. 12 euros. L\u2019entr\u00e9e au CAO est offerte.<\/li>\n<\/ul>\n<p>400 ans du carmel de Saint-Denis<\/p>\n<p class=\"x_MsoNormal wall-content\">Pour c\u00e9l\u00e9brer les 400 ans du carmel de Saint-Denis, le mus\u00e9e d\u2019Art et d\u2019histoire Paul \u00c9luard propose des visites guid\u00e9es.<\/p>\n<ul type=\"disc\" class=\" wall-content\">\n<li class=\"x_MsoListParagraph\"><a title=\"https:\/\/url.de.m.mimecastprotect.com\/s\/fpdUCLZQWpsjkvM6FKF9uyRyRs?domain=exploreparis.com\" href=\"https:\/\/url.de.m.mimecastprotect.com\/s\/fpdUCLZQWpsjkvM6FKF9uyRyRs?domain=exploreparis.com\" target=\"_blank\" rel=\"noopener noreferrer\" data-auth=\"NotApplicable\" data-linkindex=\"7\">Visite guid\u00e9e \u00ab\u00a0un carmel devenu mus\u00e9e\u00a0\u00bb\u00a0<\/a>: d\u00e9couvrez le mus\u00e9e Paul \u00c9luard de Saint-Denis am\u00e9nag\u00e9 dans l\u2019ancien couvent de carm\u00e9lites du 17e si\u00e8cle et les trois expositions temporaires autour des 400 ans du b\u00e2timent. Dimanche 5 octobre \u00e0 14h30. 6 euros, 4 euros en tarif r\u00e9duit.<\/li>\n<li class=\"x_MsoListParagraph\"><a title=\"https:\/\/url.de.m.mimecastprotect.com\/s\/IbtWCMZRWqsO2lVNfOHku8V7ix?domain=exploreparis.com\" href=\"https:\/\/url.de.m.mimecastprotect.com\/s\/IbtWCMZRWqsO2lVNfOHku8V7ix?domain=exploreparis.com\" target=\"_blank\" rel=\"noopener noreferrer\" data-auth=\"NotApplicable\" data-linkindex=\"8\">Atelier-visite en famille Tire-toi le Portrait ! \u00e0 partir de 4 ans\u00a0<\/a>:<b>\u00a0<\/b>suivez les portraits de personnages c\u00e9l\u00e8bres qui peuplent le mus\u00e9e de Saint-Denis, du roi Louis XV au po\u00e8te Paul Eluard, puis r\u00e9alisez un portrait rigolo sur papier. Dimanche 5 octobre \u00e0 16h.<b>\u00a0<\/b>6 euros, 4 euros en tarif r\u00e9duit.<\/li>\n<\/ul>\n<p class=\"x_MsoNormal wall-content\" aria-hidden=\"true\">Article en partenariat avec <a href=\"https:\/\/www.tourisme93.com\/\" target=\"_blank\" rel=\"noopener\">Seine-Saint-Denis tourisme<\/a>.<\/p>\n<p class=\" wall-content\">Personnalisez votre actualit\u00e9 en ajoutant vos villes et m\u00e9dias en favori avec <a href=\"https:\/\/moncompte.actu.fr\" title=\"D\u00e9couvez Mon Actu\" rel=\"nofollow noopener\" data-trk=\"{&quot;cta&quot;:{&quot;action&quot;:&quot;https:\\\/\\\/moncompte.actu.fr&quot;,&quot;category&quot;:&quot;mon compte&quot;,&quot;from&quot;:&quot;article footer&quot;,&quot;name&quot;:&quot;Mon actu&quot;,&quot;type&quot;:&quot;cta&quot;}}\" target=\"_blank\">Mon Actu<\/a>.<\/p>\n","protected":false},"excerpt":{"rendered":"Par R\u00e9daction Paris Publi\u00e9 le 3 oct. 2025 \u00e0 15h56 Ce week-end en Seine-Saint-Denis faites un voyage dans&hellip;\n","protected":false},"author":2,"featured_media":436366,"comment_status":"","ping_status":"","sticky":false,"template":"","format":"standard","meta":{"footnotes":""},"categories":[1888],"tags":[1111,1928,11,1927,1777,674,1011,27,7941,1652,12,1926,626,1925,25],"class_list":{"0":"post-436365","1":"post","2":"type-post","3":"status-publish","4":"format-standard","5":"has-post-thumbnail","7":"category-paris","8":"tag-actu","9":"tag-actu-paris","10":"tag-actualites","11":"tag-actualites-paris","12":"tag-eu","13":"tag-europe","14":"tag-fr","15":"tag-france","16":"tag-jo-paris-2024","17":"tag-loisirs-culture","18":"tag-news","19":"tag-news-paris","20":"tag-paris","21":"tag-paris-news","22":"tag-republique-francaise"},"share_on_mastodon":{"url":"https:\/\/pubeurope.com\/@fr\/115310730026395641","error":""},"_links":{"self":[{"href":"https:\/\/www.europesays.com\/fr\/wp-json\/wp\/v2\/posts\/436365","targetHints":{"allow":["GET"]}}],"collection":[{"href":"https:\/\/www.europesays.com\/fr\/wp-json\/wp\/v2\/posts"}],"about":[{"href":"https:\/\/www.europesays.com\/fr\/wp-json\/wp\/v2\/types\/post"}],"author":[{"embeddable":true,"href":"https:\/\/www.europesays.com\/fr\/wp-json\/wp\/v2\/users\/2"}],"replies":[{"embeddable":true,"href":"https:\/\/www.europesays.com\/fr\/wp-json\/wp\/v2\/comments?post=436365"}],"version-history":[{"count":0,"href":"https:\/\/www.europesays.com\/fr\/wp-json\/wp\/v2\/posts\/436365\/revisions"}],"wp:featuredmedia":[{"embeddable":true,"href":"https:\/\/www.europesays.com\/fr\/wp-json\/wp\/v2\/media\/436366"}],"wp:attachment":[{"href":"https:\/\/www.europesays.com\/fr\/wp-json\/wp\/v2\/media?parent=436365"}],"wp:term":[{"taxonomy":"category","embeddable":true,"href":"https:\/\/www.europesays.com\/fr\/wp-json\/wp\/v2\/categories?post=436365"},{"taxonomy":"post_tag","embeddable":true,"href":"https:\/\/www.europesays.com\/fr\/wp-json\/wp\/v2\/tags?post=436365"}],"curies":[{"name":"wp","href":"https:\/\/api.w.org\/{rel}","templated":true}]}}