{"id":436375,"date":"2025-10-03T14:38:12","date_gmt":"2025-10-03T14:38:12","guid":{"rendered":"https:\/\/www.europesays.com\/fr\/436375\/"},"modified":"2025-10-03T14:38:12","modified_gmt":"2025-10-03T14:38:12","slug":"le-president-roumain-soutient-la-candidature-de-la-moldavie-et-de-lukraine-a-ladhesion-a-lue","status":"publish","type":"post","link":"https:\/\/www.europesays.com\/fr\/436375\/","title":{"rendered":"Le pr\u00e9sident roumain soutient la candidature de la Moldavie et de l&rsquo;Ukraine \u00e0 l&rsquo;adh\u00e9sion \u00e0 l&rsquo;UE"},"content":{"rendered":"<p>          <img decoding=\"async\" class=\"c-ad__placeholder__logo\" src=\"https:\/\/static.euronews.com\/website\/images\/logos\/logo-euronews-stacked-outlined-72x72-grey-9.svg\" width=\"72\" height=\"72\" alt=\"\" loading=\"lazy\"\/><br \/>\n          PUBLICIT\u00c9<\/p>\n<p>Le pr\u00e9sident roumain Nicu\u0219or Dan a rejoint mardi un mouvement croissant de dirigeants europ\u00e9ens en annon\u00e7ant qu&rsquo;\u00e0 la suite du vote pro-europ\u00e9en d\u00e9cisif de la Moldavie lors des \u00e9lections l\u00e9gislatives de dimanche, les \u00ab\u00a0n\u00e9gociations techniques\u00a0\u00bb en vue de l&rsquo;adh\u00e9sion \u00e0 l&rsquo;UE commenceront d\u00e9sormais, \u00ab\u00a0m\u00eame si les n\u00e9gociations ne sont pas officiellement lanc\u00e9es\u00a0\u00bb, \u00e9tant donn\u00e9 la relation sp\u00e9ciale de la Roumanie avec la Moldavie.<\/p>\n<p>Le pr\u00e9sident roumain semble \u00e9galement soutenir une contestation par l&rsquo;UE du pouvoir de la Hongrie de mettre son veto \u00e0 l&rsquo;adh\u00e9sion de l\u2019Ukraine \u00e0 l&rsquo;UE, estimant qu&rsquo;il s&rsquo;agit d&rsquo;une question de \u00ab\u00a0coop\u00e9ration loyale au sein de l&rsquo;UE\u00a0\u00bb, mais il esp\u00e8re toujours qu&rsquo;un \u00ab\u00a0terrain d\u2019entente\u00a0\u00bb pourra \u00eatre trouv\u00e9.<\/p>\n<p>\u00ab\u00a0J&rsquo;esp\u00e8re que les n\u00e9gociations seront officiellement lanc\u00e9es, mais si ce n&rsquo;est pas le cas, elles se d\u00e9rouleront de mani\u00e8re \u00e0 ce que, d&rsquo;un point de vue structurel et administratif, la Moldavie soit pr\u00eate pour l&rsquo;adh\u00e9sion d\u00e8s que possible\u00a0\u00bb, a d\u00e9clar\u00e9 Nicu\u0219or Dan \u00e0 Euronews et Euronews Roumanie lors d&rsquo;une longue interview mardi, avant de se rendre au sommet informel de l&rsquo;UE \u00e0 Copenhague.<\/p>\n<p>La Roumanie soutient activement l&rsquo;adh\u00e9sion de la Moldavie et de l&rsquo;Ukraine \u00e0 l&rsquo;UE, a r\u00e9p\u00e9t\u00e9 le pr\u00e9sident Dan. Toutefois, les n\u00e9gociations d&rsquo;adh\u00e9sion de l&rsquo;Ukraine se heurtent toujours au veto de la Hongrie, ce qui d\u00e9clenche une \u00e9preuve de force politique avec le reste des \u00c9tats membres de l\u2019UE.<\/p>\n<p>\u00ab\u00a0Ce qui se passera, c&rsquo;est que, ind\u00e9pendamment du contexte ou du calendrier formel des n\u00e9gociations, de nombreuses questions seront abord\u00e9es lors des n\u00e9gociations techniques avec la Moldavie\u00a0\u00bb, a d\u00e9clar\u00e9 fermement le pr\u00e9sident roumain.<\/p>\n<p>Dans l&rsquo;interview conjointe avec Euronews et Euronews Roumanie, Nicu\u0219or Dan a d\u00e9clar\u00e9 qu&rsquo;il existe un calendrier formel type pour les n\u00e9gociations d&rsquo;adh\u00e9sion de la Moldavie et de l&rsquo;Ukraine, mais qu&rsquo;il est \u00ab\u00a0extr\u00eamement optimiste quant \u00e0 l&rsquo;adh\u00e9sion de la Moldavie \u00e0 l&rsquo;Union europ\u00e9enne\u00a0\u00bb apr\u00e8s le vote \u00ab\u00a0absolument louable\u00a0\u00bb des Moldaves malgr\u00e9 un assaut de d\u00e9sinformation de la part de la Russie.<\/p>\n<p>Selon le pr\u00e9sident roumain, la Russie a \u00ab\u00a0exerc\u00e9 des pressions \u00e0 de multiples niveaux\u00a0\u00bb en Moldavie, y compris \u00ab\u00a0des discours tels que ceux qui disent que l&rsquo;Occident se pr\u00e9pare \u00e0 d\u00e9clencher une guerre avec la Russie ou que les citoyens se pr\u00e9parent \u00e0 entrer en guerre\u00a0\u00bb.<\/p>\n<p>\u00ab\u00a0J&rsquo;ai vu ce qui se passait tr\u00e8s intens\u00e9ment en Moldavie, et la population locale a jug\u00e9 rationnellement de son avenir\u00a0\u00bb, a d\u00e9clar\u00e9 Nicu\u0219or Dan.<\/p>\n<p>\u00ab\u00a0Nous devons trouver un moyen de n\u00e9gocier un terrain d&rsquo;entente\u00a0\u00bb<\/p>\n<p>Pourtant, Nicu\u0219or Dan a choisi d&rsquo;\u00eatre plus nuanc\u00e9 sur le m\u00eame processus technique concernant l&rsquo;Ukraine, \u00e0 la fois en raison du veto de la Hongrie, mais aussi, et c&rsquo;est une nouveaut\u00e9, en raison de ce qu&rsquo;il a appel\u00e9 une \u00ab\u00a0discussion en cours\u00a0\u00bb sur l&rsquo;agriculture.<\/p>\n<p>Selon le pr\u00e9sident roumain, \u00ab\u00a0l&rsquo;Ukraine a une production agricole importante, qui d\u00e9s\u00e9quilibrerait les m\u00e9canismes existants (de l&rsquo;UE).\u00a0\u00bb<\/p>\n<p>\u00ab\u00a0D&rsquo;autre part, l&rsquo;Ukraine ne r\u00e9pond actuellement pas aux normes que nous imposons au secteur agricole de l&rsquo;Union europ\u00e9enne\u00a0\u00bb, a d\u00e9clar\u00e9 Nicu\u0219or Dan.<\/p>\n<p>\u00ab\u00a0Les discussions en cours portent donc sur le fait qu&rsquo;en termes d&rsquo;agriculture, l&rsquo;Ukraine devrait b\u00e9n\u00e9ficier d&rsquo;un statut sp\u00e9cial afin de pouvoir continuer \u00e0 r\u00e9aliser des exportations significatives vers les pays non-europ\u00e9ens, tandis que, dans tous les autres domaines, elle devrait \u00eatre trait\u00e9e sur un pied d&rsquo;\u00e9galit\u00e9.\u00a0\u00bb<\/p>\n<p>\u00ab\u00a0Bien s\u00fbr, l&rsquo;Ukraine a actuellement un probl\u00e8me encore plus important, mais qui nous concerne tous, \u00e0 savoir la guerre\u00a0\u00bb, a-t-il soulign\u00e9.<\/p>\n<p>M\u00eame si la Roumanie entretient des relations \u00e9troites avec la Hongrie, le pr\u00e9sident roumain a choisi d&rsquo;\u00eatre tr\u00e8s clair sur le veto de la Hongrie concernant l&rsquo;Ukraine.<\/p>\n<p>\u00ab\u00a0Nous devons trouver un moyen de n\u00e9gocier\u00a0\u00bb pour trouver \u00ab\u00a0un terrain d&rsquo;entente\u00a0\u00bb, a d\u00e9clar\u00e9 Nicu\u0219or Dan. Toutefois, en fin de compte, l&rsquo;affrontement politique se r\u00e9sume \u00e0 une \u00ab\u00a0coop\u00e9ration loyale\u00a0\u00bb entre les pays de l&rsquo;UE, associ\u00e9e au principe de souverainet\u00e9.<\/p>\n<p>\u00ab\u00a0Selon moi, du moins \u00e0 ce stade, il n&rsquo;est pas question d&rsquo;\u00e9liminer le droit de veto des pays, en principe. Mais sur certaines questions qui sont, pour ainsi dire, plus op\u00e9rationnelles, nous devons bien s\u00fbr \u00eatre en mesure de prendre des d\u00e9cisions\u00a0\u00bb, a d\u00e9clar\u00e9 le dirigeant roumain en termes tr\u00e8s clairs dans l&rsquo;interview accord\u00e9e \u00e0 Euronews et Euronews Roumanie.<\/p>\n<p>Selon lui, \u00ab\u00a0le trait\u00e9 sur l&rsquo;Union europ\u00e9enne exige, et c&rsquo;est d&rsquo;ailleurs express\u00e9ment stipul\u00e9, une coop\u00e9ration loyale. Un veto syst\u00e9matique n&rsquo;est pas synonyme de coop\u00e9ration loyale. Cependant, pour y parvenir, il faut saisir la Cour de justice, ce qui prend du temps, et c&rsquo;est pourquoi nous devons trouver des moyens diplomatiques pour aller de l&rsquo;avant\u00a0\u00bb, a d\u00e9clar\u00e9 le pr\u00e9sident Dan \u00e0 Euronews.<\/p>\n<p>Il a ajout\u00e9 que cette situation est li\u00e9e \u00e0 \u00ab\u00a0un vieux d\u00e9bat au sein de l&rsquo;Union sur le processus de d\u00e9cision\u00a0\u00bb, \u00e0 savoir que \u00ab\u00a0ce principe d&rsquo;unanimit\u00e9 refl\u00e8te un principe de souverainet\u00e9.\u00a0\u00bb<\/p>\n<p>\u00ab\u00a0Lorsque des pays ont rejoint l&rsquo;Union europ\u00e9enne, la garantie \u00e9tait, ou du moins le trait\u00e9 stipulait, qu&rsquo;ils \u00e9taient des pays souverains. Et d\u00e9cider pour d&rsquo;autres pays au nom d&rsquo;un seul pays serait une violation de la souverainet\u00e9. C&rsquo;est un extr\u00eame\u00a0\u00bb, a soulign\u00e9 Nicu\u0219or Dan.<\/p>\n<p>\u00ab\u00a0L&rsquo;autre extr\u00eame concerne, par exemple, si nous parlons d&rsquo;argent, le fait qu\u2019il est tr\u00e8s l\u00e9gitime que les pays qui contribuent financi\u00e8rement aient leur mot \u00e0 dire, mais les pays qui ne contribuent pas ou tr\u00e8s peu ne devraient pas \u00eatre en mesure de bloquer un processus d&rsquo;affectation de fonds \u00e0 une cause que de nombreux pays veulent d\u00e9fendre.\u00a0\u00bb<\/p>\n<p>\u00ab\u00a0Ici, \u00e9videmment, je pense qu&rsquo;il est l\u00e9gitime qu&rsquo;il n&rsquo;y ait pas de possibilit\u00e9 de veto. Bien s\u00fbr, entre ces deux extr\u00eames, il y a la politique, nous avons la politique au sein de l&rsquo;Union europ\u00e9enne. Nous devons trouver un moyen de n\u00e9gocier\u00a0\u00bb, a conclu le pr\u00e9sident roumain.<\/p>\n<p>La Roumanie fait partie des pays d&rsquo;Europe de l&rsquo;Est dont l&rsquo;espace a\u00e9rien a \u00e9t\u00e9 viol\u00e9 par la F\u00e9d\u00e9ration de Russie au cours des derni\u00e8res semaines.<\/p>\n<p>Le pr\u00e9sident roumain Dan a salu\u00e9 \u00ab\u00a0la r\u00e9ponse extr\u00eamement rapide et concr\u00e8te des pays membres de l&rsquo;OTAN\u00a0\u00bb \u00e0 ces violations, affirmant que cette r\u00e9ponse envoyait \u00ab\u00a0un message aux citoyens de ces pays, \u00e0 savoir que les choses sont sous contr\u00f4le.\u00a0\u00bb<\/p>\n<p>Interrog\u00e9 sur la strat\u00e9gie de la Roumanie pour contrer les incursions russes dans l&rsquo;espace a\u00e9rien roumain, Nicu\u0219or Dan a d\u00e9clar\u00e9 qu&rsquo;\u00e0 la suite des mises \u00e0 niveau l\u00e9gislatives, la Roumanie dispose d\u00e9sormais \u00ab\u00a0du type de r\u00e9ponse qui d\u00e9finit nos contre-mesures\u00a0\u00bb, ce qui implique \u00ab\u00a0des forces a\u00e9riennes roumaines en mission dans d&rsquo;autres pays et des forces a\u00e9riennes \u00e9trang\u00e8res en mission en Roumanie, pr\u00e9cis\u00e9ment pour envoyer un signal de dissuasion pour tout type d&rsquo;attaque possible.\u00a0\u00bb<\/p>\n","protected":false},"excerpt":{"rendered":"PUBLICIT\u00c9 Le pr\u00e9sident roumain Nicu\u0219or Dan a rejoint mardi un mouvement croissant de dirigeants europ\u00e9ens en annon\u00e7ant qu&rsquo;\u00e0&hellip;\n","protected":false},"author":2,"featured_media":436376,"comment_status":"","ping_status":"","sticky":false,"template":"","format":"standard","meta":{"footnotes":""},"categories":[1590],"tags":[11,6157,1777,674,11095,12,55840,4868,220,364],"class_list":{"0":"post-436375","1":"post","2":"type-post","3":"status-publish","4":"format-standard","5":"has-post-thumbnail","7":"category-ukraine","8":"tag-actualites","9":"tag-elargissement-de-lunion-europeenne","10":"tag-eu","11":"tag-europe","12":"tag-moldavie","13":"tag-news","14":"tag-politique-roumaine","15":"tag-roumanie","16":"tag-ukraine","17":"tag-union-europeenne"},"share_on_mastodon":{"url":"https:\/\/pubeurope.com\/@fr\/115310750066680063","error":""},"_links":{"self":[{"href":"https:\/\/www.europesays.com\/fr\/wp-json\/wp\/v2\/posts\/436375","targetHints":{"allow":["GET"]}}],"collection":[{"href":"https:\/\/www.europesays.com\/fr\/wp-json\/wp\/v2\/posts"}],"about":[{"href":"https:\/\/www.europesays.com\/fr\/wp-json\/wp\/v2\/types\/post"}],"author":[{"embeddable":true,"href":"https:\/\/www.europesays.com\/fr\/wp-json\/wp\/v2\/users\/2"}],"replies":[{"embeddable":true,"href":"https:\/\/www.europesays.com\/fr\/wp-json\/wp\/v2\/comments?post=436375"}],"version-history":[{"count":0,"href":"https:\/\/www.europesays.com\/fr\/wp-json\/wp\/v2\/posts\/436375\/revisions"}],"wp:featuredmedia":[{"embeddable":true,"href":"https:\/\/www.europesays.com\/fr\/wp-json\/wp\/v2\/media\/436376"}],"wp:attachment":[{"href":"https:\/\/www.europesays.com\/fr\/wp-json\/wp\/v2\/media?parent=436375"}],"wp:term":[{"taxonomy":"category","embeddable":true,"href":"https:\/\/www.europesays.com\/fr\/wp-json\/wp\/v2\/categories?post=436375"},{"taxonomy":"post_tag","embeddable":true,"href":"https:\/\/www.europesays.com\/fr\/wp-json\/wp\/v2\/tags?post=436375"}],"curies":[{"name":"wp","href":"https:\/\/api.w.org\/{rel}","templated":true}]}}