{"id":436378,"date":"2025-10-03T14:40:12","date_gmt":"2025-10-03T14:40:12","guid":{"rendered":"https:\/\/www.europesays.com\/fr\/436378\/"},"modified":"2025-10-03T14:40:12","modified_gmt":"2025-10-03T14:40:12","slug":"royaume-uni-sarah-mullally-devient-la-premiere-femme-a-prendre-la-tete-de-leglise-dangleterre-03-10-2025-a-1546","status":"publish","type":"post","link":"https:\/\/www.europesays.com\/fr\/436378\/","title":{"rendered":"Royaume-Uni: Sarah Mullally devient la premi\u00e8re femme \u00e0 prendre la t\u00eate de l\u2019\u00c9glise d\u2019Angleterre &#8211; 03\/10\/2025 \u00e0 15:46"},"content":{"rendered":"<p>        <img fetchpriority=\"high\" decoding=\"async\" src=\"https:\/\/www.europesays.com\/fr\/wp-content\/uploads\/2025\/10\/7d2ef916dbb836fde7a4453a4c5079c2-760x508.jpg\" alt=\"Annonce du nouvel archev\u00eaque de Canterbury \u00e0 la t\u00eate de l'\u00c9glise d'Angleterre\" loading=\"eager\" width=\"760\" height=\"508\" style=\"max-width: 100%!important; height: auto;\"\/><\/p>\n<p class=\"c-image-news__legend\">Annonce du nouvel archev\u00eaque de Canterbury \u00e0 la t\u00eate de l&rsquo;\u00c9glise d&rsquo;Angleterre<\/p>\n<p>\n Sarah Mullally a \u00e9t\u00e9 nomm\u00e9e archev\u00eaque de Cantorb\u00e9ry vendredi, devenant ainsi la premi\u00e8re femme \u00e0 diriger l&rsquo;\u00c9glise d&rsquo;Angleterre en 1400 ans d&rsquo;histoire.\n<\/p>\n<p>\n Sarah Mullally, devient \u00e9galement cheffe de la communion anglicane, qui rassemble 85 millions de croyants dans le monde et dont de larges pans sont rest\u00e9s conservateurs, notamment en Afrique o\u00f9 l\u2019homosexualit\u00e9 est interdite dans certains pays.\n<\/p>\n<p>\n Lors de son premier discours dans la cath\u00e9drale de Canterbury, Sarah Mullally a d\u00e9nonc\u00e9 les scandales d&rsquo;abus sexuels et les probl\u00e8mes de protection qui touchent l&rsquo;\u00c9glise, ainsi que l&rsquo;antis\u00e9mitisme, apr\u00e8s notamment l&rsquo;attaque d&rsquo;une synagogue \u00e0 Manchester qui a fait deux morts jeudi.\n<\/p>\n<p>\n Le GAFCON, qui regroupe les \u00e9glises anglicanes d\u2019Afrique et d\u2019Asie, a imm\u00e9diatement critiqu\u00e9 la nomination de Sarah Mullally, estimant que la branche anglaise de l\u2019\u00c9glise avait \u00ab\u00a0renonc\u00e9 \u00e0 son autorit\u00e9 de direction\u00a0\u00bb.\n<\/p>\n<p>\n Sarah Mullally, \u00e9v\u00eaque de Londres depuis 2018, a d\u00e9j\u00e0 d\u00e9fendu plusieurs causes progressistes au sein de l\u2019\u00c9glise, notamment en autorisant la b\u00e9n\u00e9diction des couples de m\u00eame sexe dans le cadre de partenariats civils et de mariages.\n<\/p>\n<p>\n Interrog\u00e9e par Reuters dans une interview vendredi sur les relations homosexuelles, Mullally a d\u00e9clar\u00e9 : \u00ab\u00a0L&rsquo;\u00c9glise d&rsquo;Angleterre et la Communion anglicane ont une longue histoire de lutte contre&#8230; les questions difficiles.\u00a0\u00bb\n<\/p>\n<p>\n \u00ab\u00a0C&rsquo;est vraiment difficile pour nous parce que nous sommes au milieu de tout cela, et je reconnais l&rsquo;anxi\u00e9t\u00e9&#8230; qui est caus\u00e9e lorsque des questions difficiles sont discut\u00e9es&#8230;[&#8230;] Il se peut qu&rsquo;elles ne soient pas r\u00e9solues rapidement.\u00a0\u00bb\n<\/p>\n<p>\n Les r\u00e9formes introduites il y a plus de dix ans ont permis \u00e0 une femme de devenir le 106e archev\u00eaque de Cantorb\u00e9ry. Il s&rsquo;agit de l&rsquo;une des derni\u00e8res institutions britanniques \u00e0 avoir \u00e9t\u00e9 dirig\u00e9e jusqu&rsquo;\u00e0 pr\u00e9sent uniquement par des hommes.\n<\/p>\n<p>\n Dans son discours, Sarah Mullally a \u00e9voqu\u00e9 les difficult\u00e9s d&rsquo;une \u00e9poque qui \u00ab\u00a0a soif de certitude\u00a0\u00bb et d&rsquo;un pays aux prises avec des questions morales et politiques complexes li\u00e9es \u00e0 l&rsquo;immigration et aux communaut\u00e9s qui se sentent oubli\u00e9es.\n<\/p>\n<p>\n \u00ab\u00a0Conscients de l&rsquo;horrible violence de l&rsquo;attaque perp\u00e9tr\u00e9e hier contre une synagogue \u00e0 Manchester, nous sommes t\u00e9moins d&rsquo;une haine qui se nourrit des fractures au sein de nos communaut\u00e9s\u00a0\u00bb, a-t-elle d\u00e9clar\u00e9, ajoutant que c&rsquo;\u00e9tait sa foi chr\u00e9tienne qui lui donnait espoir dans un monde qui semble souvent \u00ab\u00a0au bord du gouffre\u00a0\u00bb.\n<\/p>\n<p>\n DES AM\u00c9LIORATIONS S&rsquo;IMPOSENT EN MATI\u00c8RE DE PROTECTION\n<\/p>\n<p>\n L&rsquo;\u00c9glise d&rsquo;Angleterre est sans chef depuis novembre dernier, date \u00e0 laquelle Justin Welby a d\u00e9missionn\u00e9 \u00e0 la suite d&rsquo;un scandale de dissimulation d&rsquo;abus sexuels sur des enfants. Sarah Mullally a d\u00e9clar\u00e9 qu&rsquo;elle se concentrerait sur les am\u00e9liorations \u00e0 apporter dans ce domaine.\n<\/p>\n<p>\n \u00ab\u00a0Mon engagement sera de veiller \u00e0 ce que nous continuions \u00e0 \u00e9couter les survivants, \u00e0 prendre soin des personnes vuln\u00e9rables et \u00e0 favoriser une culture de la s\u00e9curit\u00e9 et du bien-\u00eatre pour tous\u00a0\u00bb, a-t-elle d\u00e9clar\u00e9.\n<\/p>\n<p>\n L&rsquo;ESSENTIEL, CE SONT LES GENS\n<\/p>\n<p>\n Sarah Mullally, ancienne infirmi\u00e8re sp\u00e9cialis\u00e9e en canc\u00e9rologie, a \u00e9t\u00e9 ordonn\u00e9e en 2002 et est devenue l&rsquo;une des premi\u00e8res femmes \u00e0 \u00eatre consacr\u00e9e \u00e9v\u00eaque dans l&rsquo;\u00c9glise d&rsquo;Angleterre en 2015.\n<\/p>\n<p>\n Membre de la Chambre des Lords, elle s\u2019est exprim\u00e9e sur des questions telles que les soins de sant\u00e9 et la justice sociale.\n<\/p>\n<p>\n Sarah Mullally, mari\u00e9e \u00e0 Eamonn et m\u00e8re de deux enfants adultes, a qualifi\u00e9 de \u00ab\u00a0irr\u00e9alisable et dangereux\u202f\u00a0\u00bb le projet de visant \u00e0 permettre aux malades en phase terminale de choisir de mettre fin \u00e0 leur vie avec une aide m\u00e9dicale, d\u00e9clarant qu\u2019il repr\u00e9sentait un risque pour les personnes les plus vuln\u00e9rables de la soci\u00e9t\u00e9.\n<\/p>\n<p>\n Refl\u00e9tant le statut de l\u2019\u00c9glise d\u2019Angleterre en tant qu\u2019\u00c9glise \u00e9tablie, le bureau du Premier ministre Keir Starmer a annonc\u00e9 vendredi la nomination de Sarah Mullally, avec l\u2019accord officiel du roi Charles.\n<\/p>\n<p>\n Le roi Charles reste le gouverneur supr\u00eame de l\u2019\u00c9glise d\u2019Angleterre, selon le r\u00f4le \u00e9tabli au XVI\u1d49 si\u00e8cle lors de la rupture d&rsquo;Henri VIII avec le catholicisme.\n<\/p>\n<p>\n (Muvija M, version fran\u00e7aise Elena Smirnova, \u00e9dit\u00e9 par Augustin Turpin)<\/p>\n","protected":false},"excerpt":{"rendered":"Annonce du nouvel archev\u00eaque de Canterbury \u00e0 la t\u00eate de l&rsquo;\u00c9glise d&rsquo;Angleterre Sarah Mullally a \u00e9t\u00e9 nomm\u00e9e archev\u00eaque&hellip;\n","protected":false},"author":2,"featured_media":436379,"comment_status":"","ping_status":"","sticky":false,"template":"","format":"standard","meta":{"footnotes":""},"categories":[1588],"tags":[400,11,398,408,405,1777,674,403,402,399,404,12,473,1853,401,406,1851,1850,1852,407],"class_list":{"0":"post-436378","1":"post","2":"type-post","3":"status-publish","4":"format-standard","5":"has-post-thumbnail","7":"category-royaume-uni","8":"tag-action-cac-40","9":"tag-actualites","10":"tag-bourse-de-paris","11":"tag-boursorama","12":"tag-cotations","13":"tag-eu","14":"tag-europe","15":"tag-indices-devises","16":"tag-investir","17":"tag-investissement","18":"tag-marche-boursier","19":"tag-news","20":"tag-royaume-uni","21":"tag-royaume-uni-de-grande-bretagne-et-dirlande-du-nord","22":"tag-sicav","23":"tag-trackers","24":"tag-uk","25":"tag-united-kingdom","26":"tag-united-kingdom-of-great-britain-and-northern-ireland","27":"tag-warrants"},"share_on_mastodon":{"url":"https:\/\/pubeurope.com\/@fr\/115310757948650794","error":""},"_links":{"self":[{"href":"https:\/\/www.europesays.com\/fr\/wp-json\/wp\/v2\/posts\/436378","targetHints":{"allow":["GET"]}}],"collection":[{"href":"https:\/\/www.europesays.com\/fr\/wp-json\/wp\/v2\/posts"}],"about":[{"href":"https:\/\/www.europesays.com\/fr\/wp-json\/wp\/v2\/types\/post"}],"author":[{"embeddable":true,"href":"https:\/\/www.europesays.com\/fr\/wp-json\/wp\/v2\/users\/2"}],"replies":[{"embeddable":true,"href":"https:\/\/www.europesays.com\/fr\/wp-json\/wp\/v2\/comments?post=436378"}],"version-history":[{"count":0,"href":"https:\/\/www.europesays.com\/fr\/wp-json\/wp\/v2\/posts\/436378\/revisions"}],"wp:featuredmedia":[{"embeddable":true,"href":"https:\/\/www.europesays.com\/fr\/wp-json\/wp\/v2\/media\/436379"}],"wp:attachment":[{"href":"https:\/\/www.europesays.com\/fr\/wp-json\/wp\/v2\/media?parent=436378"}],"wp:term":[{"taxonomy":"category","embeddable":true,"href":"https:\/\/www.europesays.com\/fr\/wp-json\/wp\/v2\/categories?post=436378"},{"taxonomy":"post_tag","embeddable":true,"href":"https:\/\/www.europesays.com\/fr\/wp-json\/wp\/v2\/tags?post=436378"}],"curies":[{"name":"wp","href":"https:\/\/api.w.org\/{rel}","templated":true}]}}