{"id":436380,"date":"2025-10-03T14:41:10","date_gmt":"2025-10-03T14:41:10","guid":{"rendered":"https:\/\/www.europesays.com\/fr\/436380\/"},"modified":"2025-10-03T14:41:10","modified_gmt":"2025-10-03T14:41:10","slug":"le-3-octobre-devrait-etre-ferie-aussi-en-france-et-en-pologne","status":"publish","type":"post","link":"https:\/\/www.europesays.com\/fr\/436380\/","title":{"rendered":"Le 3 octobre devrait \u00eatre f\u00e9ri\u00e9 aussi en France et en Pologne !"},"content":{"rendered":"\n<p>En ce 3\u00a0octobre 2025, l\u2019Allemagne c\u00e9l\u00e8bre la Journ\u00e9e de l\u2019unit\u00e9, qui marque le 35e\u00a0anniversaire de la r\u00e9unification du pays, apr\u00e8s qu\u2019il a \u00e9t\u00e9 s\u00e9par\u00e9 en deux \u00c9tats\u00a0entre 1945 et\u00a01990\u00a0: la R\u00e9publique d\u00e9mocratique allemande (RDA), \u00e0 l\u2019est, et la R\u00e9publique f\u00e9d\u00e9rale allemande (RFA), \u00e0 l\u2019ouest. Alors que le pays pr\u00e9pare de grandes festivit\u00e9s auxquelles <a href=\"https:\/\/www.courrierinternational.com\/article\/vu-d-allemagne-entre-friedrich-merz-et-emmanuel-macron-la-lune-de-miel-est-terminee_234545\" target=\"_blank\" rel=\"noopener\">participera Emmanuel Macron en compagnie du chancelier Friedrich Merz<\/a>, <a class=\"ithalc\" data-ithal=\"lien_externe\" data-ithalc=\"[nav_article]\" target=\"_blank\" href=\"https:\/\/www.spiegel.de\/ausland\/tag-der-deutschen-einheit-das-wunder-neu-beleben-kommentar-a-d77faedb-c9a4-4d3d-b383-c519066f4767\" rel=\"noopener\">cette journaliste du <strong>Spiegel<\/strong><\/a> l\u2019assure\u00a0: Berlin doit c\u00e9l\u00e9brer sa r\u00e9unification avec ses voisins fran\u00e7ais et polonais.<\/p>\n<p>\u201cLe mur se dressait \u00e0 Berlin, mais c\u2019est gr\u00e2ce \u00e0 une r\u00e9volution europ\u00e9enne qu\u2019il a \u00e9t\u00e9 abattu. C\u2019est pourquoi cette journ\u00e9e serait une bonne occasion [pour les Allemands] de ne pas faire que se regarder le nombril\u201d,<strong> <\/strong>\u00e9crit Nadia Pantel dans un article d\u2019opinion pour l\u2019hebdomadaire hambourgeois.<\/p>\n<p>               Longue m\u00e9fiance fran\u00e7aise       <\/p>\n<p>\u201cIl y a trente-cinq\u00a0ans, ce n\u2019est pas seulement \u00e0 Magdebourg et \u00e0 Brunswick que l\u2019on s\u2019est mobilis\u00e9, mais aussi \u00e0 Varsovie et \u00e0 Paris\u201d, ajoute la journaliste rattach\u00e9e au service international du magazine centriste. Et face \u00e0 <a href=\"https:\/\/www.courrierinternational.com\/fiche-pays\/ukraine\" target=\"_blank\" rel=\"noopener\">l\u2019invasion de l\u2019Ukraine par la Russie<\/a>, l\u2019Europe a plus que jamais besoin d\u2019unit\u00e9, estime-t-elle.<\/p>\n<p>La visite du pr\u00e9sident fran\u00e7ais et un bon signal, se r\u00e9jouit Nadia Pantel. \u201cEn ce jour de f\u00eate nationale allemande, la venue d\u2019Emmanuel Macron cette ann\u00e9e \u00e0 Sarrebruck est un \u00e9v\u00e9nement exceptionnel. Mais pourquoi cela\u00a0?\u201d<\/p>\n<blockquote><p>\u201cNe serait-il pas temps de c\u00e9l\u00e9brer le 3\u00a0octobre au niveau europ\u00e9en\u00a0?\u201d<\/p><\/blockquote>\n<p>Reste que la remise en selle de l\u2019Allemagne apr\u00e8s la Seconde Guerre mondiale a souvent donn\u00e9 des sueurs froides au personnel politique fran\u00e7ais. Fran\u00e7ois Mitterrand \u2013 m\u00eame apr\u00e8s sa c\u00e9l\u00e8bre poign\u00e9e de main avec Helmut Kohl, alors chancelier de la RFA, en 1984 \u2013 a toujours consid\u00e9r\u00e9 son voisin oriental avec une certaine m\u00e9fiance. Plus r\u00e9cemment, en 2019, <a href=\"https:\/\/www.courrierinternational.com\/sujet\/jean-luc-melenchon\" target=\"_blank\" rel=\"noopener\">Jean-Luc M\u00e9lenchon<\/a>, le leader de La France insoumise (LFI), avait qualifi\u00e9 la r\u00e9unification de l\u2019Allemagne d\u2019\u201cannexion\u201d de la RDA par la RFA.<\/p>\n<p>Si la journaliste reconna\u00eet l\u2019\u201cambivalence de sentiments\u201d qui a longtemps anim\u00e9 Paris envers son voisin d\u2019outre-Rhin \u2013 cons\u00e9quence des trois conflits majeurs entre les deux pays entre 1870 et\u00a01945 \u2013, elle assure qu\u2019il est d\u00e9sormais temps de se serrer les coudes et d\u2019avancer de front. \u201cLe 3\u00a0octobre, l\u2019Allemagne ne devrait pas se c\u00e9l\u00e9brer elle seule, mais f\u00eater ses voisins aussi, qui cinquante\u00a0ans apr\u00e8s l\u2019agression allemande contre la France et la Pologne, ont \u00e9t\u00e9 capables d\u2019imaginer un avenir diff\u00e9rent pour ce pays au c\u0153ur de l\u2019Europe\u201d, conclut Nadia Pantel.<\/p>\n","protected":false},"excerpt":{"rendered":"En ce 3\u00a0octobre 2025, l\u2019Allemagne c\u00e9l\u00e8bre la Journ\u00e9e de l\u2019unit\u00e9, qui marque le 35e\u00a0anniversaire de la r\u00e9unification du&hellip;\n","protected":false},"author":2,"featured_media":436381,"comment_status":"","ping_status":"","sticky":false,"template":"","format":"standard","meta":{"footnotes":""},"categories":[1587],"tags":[11,672,1804,8654,1805,1803,1777,674,27,1801,937,12,2437,1802,1857],"class_list":{"0":"post-436380","1":"post","2":"type-post","3":"status-publish","4":"format-standard","5":"has-post-thumbnail","7":"category-allemagne","8":"tag-actualites","9":"tag-allemagne","10":"tag-bundesrepublik-deutschland","11":"tag-couple-franco-allemand","12":"tag-de","13":"tag-deutschland","14":"tag-eu","15":"tag-europe","16":"tag-france","17":"tag-germany","18":"tag-histoire","19":"tag-news","20":"tag-pologne","21":"tag-republique-federale-dallemagne","22":"tag-sociu00e9tu00e9"},"share_on_mastodon":{"url":"https:\/\/pubeurope.com\/@fr\/115310761367896864","error":""},"_links":{"self":[{"href":"https:\/\/www.europesays.com\/fr\/wp-json\/wp\/v2\/posts\/436380","targetHints":{"allow":["GET"]}}],"collection":[{"href":"https:\/\/www.europesays.com\/fr\/wp-json\/wp\/v2\/posts"}],"about":[{"href":"https:\/\/www.europesays.com\/fr\/wp-json\/wp\/v2\/types\/post"}],"author":[{"embeddable":true,"href":"https:\/\/www.europesays.com\/fr\/wp-json\/wp\/v2\/users\/2"}],"replies":[{"embeddable":true,"href":"https:\/\/www.europesays.com\/fr\/wp-json\/wp\/v2\/comments?post=436380"}],"version-history":[{"count":0,"href":"https:\/\/www.europesays.com\/fr\/wp-json\/wp\/v2\/posts\/436380\/revisions"}],"wp:featuredmedia":[{"embeddable":true,"href":"https:\/\/www.europesays.com\/fr\/wp-json\/wp\/v2\/media\/436381"}],"wp:attachment":[{"href":"https:\/\/www.europesays.com\/fr\/wp-json\/wp\/v2\/media?parent=436380"}],"wp:term":[{"taxonomy":"category","embeddable":true,"href":"https:\/\/www.europesays.com\/fr\/wp-json\/wp\/v2\/categories?post=436380"},{"taxonomy":"post_tag","embeddable":true,"href":"https:\/\/www.europesays.com\/fr\/wp-json\/wp\/v2\/tags?post=436380"}],"curies":[{"name":"wp","href":"https:\/\/api.w.org\/{rel}","templated":true}]}}