{"id":436386,"date":"2025-10-03T14:44:11","date_gmt":"2025-10-03T14:44:11","guid":{"rendered":"https:\/\/www.europesays.com\/fr\/436386\/"},"modified":"2025-10-03T14:44:11","modified_gmt":"2025-10-03T14:44:11","slug":"en-direct-renoncement-au-49-3-par-lecornu-on-ne-te-croit-pas-lance-melenchon-liberation","status":"publish","type":"post","link":"https:\/\/www.europesays.com\/fr\/436386\/","title":{"rendered":"EN DIRECT &#8211; Renoncement au 49.3 par Lecornu\u00a0: \u00abOn ne te croit pas\u00bb, lance M\u00e9lenchon \u2013 Lib\u00e9ration"},"content":{"rendered":"<p class=\"sc-cPiKLX AiZTS text-element\">\u00abNous lui donnons les heures prochaines pour r\u00e9fl\u00e9chir\u00bb, a pr\u00e9venu Olivier Faure \u00e0 la sortie des ultimes consultations qui se tenaient \u00e0 Matignon sur le budget ce vendredi matin. Apr\u00e8s l\u2019annonce du renoncement au 49.3, le premier secr\u00e9taire du PS avait exig\u00e9 qu\u2019un vote puisse avoir lieu sur la r\u00e9forme des retraites \u00e0 l\u2019Assembl\u00e9e. \u00abLe Premier ministre ne s\u2019est pas engag\u00e9 \u00e0 ce que le d\u00e9bat puisse avoir lieu\u00bb, a-t-il relev\u00e9, en faisant de ce param\u00e8tre la condition de leur non-censure \u00e0 l\u2019issue de la d\u00e9claration de politique g\u00e9n\u00e9rale de S\u00e9bastien Lecornu, annonc\u00e9e pour la semaine prochaine. \u00abA lui de dire que tous les sujets sont sur la table, et pas seulement ceux qu\u2019il choisit\u00bb, a aussi lanc\u00e9 Olivier Faure, \u00abnous accepterons la d\u00e9mocratie parlementaire, avec les risques que cela comprend, mais \u00e0 condition qu\u2019il n\u2019y ait pas de sujet interdit\u00bb. <\/p>\n","protected":false},"excerpt":{"rendered":"\u00abNous lui donnons les heures prochaines pour r\u00e9fl\u00e9chir\u00bb, a pr\u00e9venu Olivier Faure \u00e0 la sortie des ultimes consultations&hellip;\n","protected":false},"author":2,"featured_media":436387,"comment_status":"","ping_status":"","sticky":false,"template":"","format":"standard","meta":{"footnotes":""},"categories":[2],"tags":[56375,11,416,25548,1011,27,4729,430,12,4393,25,11067],"class_list":{"0":"post-436386","1":"post","2":"type-post","3":"status-publish","4":"format-standard","5":"has-post-thumbnail","7":"category-actualites","8":"tag-49-3","9":"tag-actualites","10":"tag-assemblee-nationale","11":"tag-budget-public","12":"tag-fr","13":"tag-france","14":"tag-marine-tondelier","15":"tag-marine-le-pen","16":"tag-news","17":"tag-olivier-faure","18":"tag-republique-francaise","19":"tag-sebastien-lecornu"},"share_on_mastodon":{"url":"https:\/\/pubeurope.com\/@fr\/115310773141064300","error":""},"_links":{"self":[{"href":"https:\/\/www.europesays.com\/fr\/wp-json\/wp\/v2\/posts\/436386","targetHints":{"allow":["GET"]}}],"collection":[{"href":"https:\/\/www.europesays.com\/fr\/wp-json\/wp\/v2\/posts"}],"about":[{"href":"https:\/\/www.europesays.com\/fr\/wp-json\/wp\/v2\/types\/post"}],"author":[{"embeddable":true,"href":"https:\/\/www.europesays.com\/fr\/wp-json\/wp\/v2\/users\/2"}],"replies":[{"embeddable":true,"href":"https:\/\/www.europesays.com\/fr\/wp-json\/wp\/v2\/comments?post=436386"}],"version-history":[{"count":0,"href":"https:\/\/www.europesays.com\/fr\/wp-json\/wp\/v2\/posts\/436386\/revisions"}],"wp:featuredmedia":[{"embeddable":true,"href":"https:\/\/www.europesays.com\/fr\/wp-json\/wp\/v2\/media\/436387"}],"wp:attachment":[{"href":"https:\/\/www.europesays.com\/fr\/wp-json\/wp\/v2\/media?parent=436386"}],"wp:term":[{"taxonomy":"category","embeddable":true,"href":"https:\/\/www.europesays.com\/fr\/wp-json\/wp\/v2\/categories?post=436386"},{"taxonomy":"post_tag","embeddable":true,"href":"https:\/\/www.europesays.com\/fr\/wp-json\/wp\/v2\/tags?post=436386"}],"curies":[{"name":"wp","href":"https:\/\/api.w.org\/{rel}","templated":true}]}}