{"id":436399,"date":"2025-10-03T14:54:11","date_gmt":"2025-10-03T14:54:11","guid":{"rendered":"https:\/\/www.europesays.com\/fr\/436399\/"},"modified":"2025-10-03T14:54:11","modified_gmt":"2025-10-03T14:54:11","slug":"cyclisme-cro-race-paul-magnier-12-victoires-je-naurais-jamais-imagine-ca","status":"publish","type":"post","link":"https:\/\/www.europesays.com\/fr\/436399\/","title":{"rendered":"Cyclisme. CRO Race &#8211; Paul Magnier : \u00ab12 victoires&#8230; je n&rsquo;aurais jamais imagin\u00e9 \u00e7a !\u00bb"},"content":{"rendered":"<p>Nouveau sprint et nouvelle victoire pour le Fran\u00e7ais\u00a0<strong>Paul Magnier<\/strong>\u00a0(Soudal Quick-Step), d\u00e9cid\u00e9ment inarr\u00eatable en cette fin de saison ! Ce mercredi avait lieu la 2e \u00e9tape de la\u00a0<strong><a href=\"https:\/\/www.cyclismactu.net\/..\/news-cyclisme-route-cro-race-paul-magnier-enchaine-et-s-offre-une-2e-etape-raccourcie-cause-du-vent-90395.html\" target=\"_blank\" rel=\"noopener\">CRO Race<\/a><\/strong>\u00a0avec un parcours raccourci \u00e0 seulement 51 kilom\u00e8tres en raison de forts vents qui mena\u00e7aient le final initialement pr\u00e9vu vers Novalja. C&rsquo;est donc finalement \u00e0 Jovi\u0107i que\u00a0le coureur fran\u00e7ais de 21 ans est venu s&rsquo;adjuger son douzi\u00e8me bouquet de l&rsquo;ann\u00e9e, et le 7e en seulement 18 jours de course, devant l&rsquo;Italien\u00a0<strong>Edoardo Zambanini<\/strong>\u00a0(Bahrain Victorious) et le Britannique\u00a0<strong>Ben Turner<\/strong>\u00a0(INEOS Grenadiers). \u00c0 la suite de sa brillante victoire, le natif de Laredo s&rsquo;est exprim\u00e9 dans le communiqu\u00e9 de son \u00e9quipe.<\/p>\n<p>Vid\u00e9o &#8211; Le r\u00e9sum\u00e9 de la victoire de Paul Magnier ce mercredi Lire la suite de l&rsquo;article&#13;<\/p>\n<p>\u00a0<\/p>\n<p>&#13;<br \/>\n\u00ab\u00a0Je n&rsquo;aurais jamais imagin\u00e9 remporter douze victoires cette ann\u00e9e&#8230;\u00a0\u00bb&#13;<\/p>\n<p>\u00ab\u00a0L&rsquo;\u00e9tape \u00e9tait plus courte et le final compl\u00e8tement diff\u00e9rent avec cette mont\u00e9e, mais j&rsquo;avais de bonnes jambes et je suis rest\u00e9 calme malgr\u00e9 l&rsquo;agitation, car tout le monde \u00e9tait vraiment frais. J&rsquo;ai r\u00e9ussi un sprint solide et remport\u00e9 une nouvelle victoire, ce qui me rend heureux. Je n&rsquo;aurais jamais imagin\u00e9 remporter douze victoires cette ann\u00e9e, mais j&rsquo;ai travaill\u00e9 dur pour cela et je suis ravi de constater les progr\u00e8s que j&rsquo;ai r\u00e9alis\u00e9s depuis que j&rsquo;ai rejoint l&rsquo;\u00e9quipe. Il reste quatre \u00e9tapes ici et nous verrons ce que nous pouvons faire et si nous pouvons remporter d&rsquo;autres victoires\u00a0\u00bb, a conclu <strong>Paul Magnier<\/strong>, qui devrait avoir une nouvelle opportunit\u00e9 de lever les bras d\u00e8s jeudi avec un troisi\u00e8me sprint massif en trois jours attendu.<\/p>\n<p>CRO Race &#8211; Classement de la 2\u00e8 \u00e9tape CRO Race &#8211; Classement g\u00e9n\u00e9ral provisoire apr\u00e8s la 2\u00e8 \u00e9tape<\/p>\n","protected":false},"excerpt":{"rendered":"Nouveau sprint et nouvelle victoire pour le Fran\u00e7ais\u00a0Paul Magnier\u00a0(Soudal Quick-Step), d\u00e9cid\u00e9ment inarr\u00eatable en cette fin de saison !&hellip;\n","protected":false},"author":2,"featured_media":436400,"comment_status":"","ping_status":"","sticky":false,"template":"","format":"standard","meta":{"footnotes":""},"categories":[1411],"tags":[55583,1154,207,211,1011,27,209,60,210,212,208,213],"class_list":{"0":"post-436399","1":"post","2":"type-post","3":"status-publish","4":"format-standard","5":"has-post-thumbnail","7":"category-cyclisme","8":"tag-cro-race","9":"tag-cycling","10":"tag-cyclisme","11":"tag-ffc","12":"tag-fr","13":"tag-france","14":"tag-route","15":"tag-sports","16":"tag-tour-de-france","17":"tag-uci","18":"tag-velo","19":"tag-world-tour"},"share_on_mastodon":{"url":"https:\/\/pubeurope.com\/@fr\/115310812559471550","error":""},"_links":{"self":[{"href":"https:\/\/www.europesays.com\/fr\/wp-json\/wp\/v2\/posts\/436399","targetHints":{"allow":["GET"]}}],"collection":[{"href":"https:\/\/www.europesays.com\/fr\/wp-json\/wp\/v2\/posts"}],"about":[{"href":"https:\/\/www.europesays.com\/fr\/wp-json\/wp\/v2\/types\/post"}],"author":[{"embeddable":true,"href":"https:\/\/www.europesays.com\/fr\/wp-json\/wp\/v2\/users\/2"}],"replies":[{"embeddable":true,"href":"https:\/\/www.europesays.com\/fr\/wp-json\/wp\/v2\/comments?post=436399"}],"version-history":[{"count":0,"href":"https:\/\/www.europesays.com\/fr\/wp-json\/wp\/v2\/posts\/436399\/revisions"}],"wp:featuredmedia":[{"embeddable":true,"href":"https:\/\/www.europesays.com\/fr\/wp-json\/wp\/v2\/media\/436400"}],"wp:attachment":[{"href":"https:\/\/www.europesays.com\/fr\/wp-json\/wp\/v2\/media?parent=436399"}],"wp:term":[{"taxonomy":"category","embeddable":true,"href":"https:\/\/www.europesays.com\/fr\/wp-json\/wp\/v2\/categories?post=436399"},{"taxonomy":"post_tag","embeddable":true,"href":"https:\/\/www.europesays.com\/fr\/wp-json\/wp\/v2\/tags?post=436399"}],"curies":[{"name":"wp","href":"https:\/\/api.w.org\/{rel}","templated":true}]}}