{"id":436405,"date":"2025-10-03T14:57:21","date_gmt":"2025-10-03T14:57:21","guid":{"rendered":"https:\/\/www.europesays.com\/fr\/436405\/"},"modified":"2025-10-03T14:57:21","modified_gmt":"2025-10-03T14:57:21","slug":"une-exposition-cinetique-au-musee-dali-paris","status":"publish","type":"post","link":"https:\/\/www.europesays.com\/fr\/436405\/","title":{"rendered":"une exposition cin\u00e9tique au mus\u00e9e Dal\u00ed Paris"},"content":{"rendered":"<p>\u00c0 l\u2019automne 2025, le mus\u00e9e Dal\u00ed Paris propose une exposition audacieuse\u00a0: Illusions crois\u00e9es met en relation Salvador Dal\u00ed, figure majeure du surr\u00e9alisme, et Patrick Rubinstein, pionnier de l\u2019art cin\u00e9tique figuratif contemporain. Une rencontre artistique transversale qui bouscule les rep\u00e8res temporels et visuels.<\/p>\n<p><strong>Un dialogue entre deux visions du monde<\/strong><\/p>\n<p class=\"fig-paragraph\"><strong>Du 10 octobre 2025 au 12 janvier 2026<\/strong>, le mus\u00e9e install\u00e9 \u00e0 Montmartre invite \u00e0 une immersion in\u00e9dite dans le dialogue visuel entre deux univers que tout semble s\u00e9parer.<\/p>\n<p class=\"fig-paragraph\">Mais au fil du parcours, une \u00e9vidence s\u2019impose\u00a0: celui de <strong>Dal\u00ed<\/strong>, port\u00e9 par le r\u00eave, le symbolisme et l\u2019obsession du temps, et celui de <strong>Rubinstein<\/strong>, fait de mouvement, d\u2019angles multiples et de perceptions changeantes, partagent bien des pr\u00e9occupations.<\/p>\n<p class=\"fig-paragraph\">Plut\u00f4t qu\u2019un simple hommage, <strong>Illusions crois\u00e9es<\/strong> se construit comme une conversation sensible. Patrick Rubinstein y pr\u00e9sente une <strong>s\u00e9rie d\u2019\u0153uvres originales<\/strong> pens\u00e9es pour r\u00e9sonner avec l\u2019imaginaire dalinien.<\/p>\n<p class=\"fig-paragraph\"><a href=\"https:\/\/www.patrickrubinstein.com\/lartiste\/\" target=\"_blank\" rel=\"sponsored noopener\" data-gtm-custom-categorie=\"navigation\" data-gtm-custom-action=\"crossclick\" data-gtm-custom-label=\"Contextuel\" data-gtm-event=\"customEventSPE\"><strong>D\u00e9couvrir la biographie de Patrick Rubinstein<\/strong><\/a><\/p>\n<p><strong>Cinq correspondances, cinq regards crois\u00e9s<\/strong><\/p>\n<p class=\"fig-paragraph\">L\u2019exposition s\u2019articule autour de <strong>cinq grands axes esth\u00e9tiques<\/strong>, qui r\u00e9v\u00e8lent des ponts inattendus entre les deux artistes\u00a0:<\/p>\n<p class=\"fig-paragraph\"><strong>La f\u00e9minit\u00e9 sublim\u00e9e<\/strong>\u00a0: Salvador Dal\u00ed peignait <strong>Gala<\/strong> comme une muse quasi mystique. Rubinstein, de son c\u00f4t\u00e9, transforme cette fascination en une po\u00e9sie visuelle, o\u00f9 la figure f\u00e9minine devient inspiration et mouvement.<\/p>\n<p class=\"fig-paragraph\"><strong>Les m\u00e9tamorphoses ail\u00e9es<\/strong>\u00a0: Les <strong>papillons r\u00e9currents<\/strong> chez Dal\u00ed prennent un nouveau souffle chez Rubinstein, incarnant l\u00e9g\u00e8ret\u00e9 et libert\u00e9 dans des compositions vibrantes.<\/p>\n<p class=\"fig-paragraph\"><strong>L\u2019art du secret r\u00e9v\u00e9l\u00e9<\/strong>\u00a0: L\u00e0 o\u00f9 Dal\u00ed explore l\u2019inconscient \u00e0 travers des <strong>tiroirs<\/strong> ou des doubles lectures, Rubinstein mise sur le <strong>changement d\u2019angle<\/strong> pour d\u00e9voiler le sens cach\u00e9 de ses images. Une invitation \u00e0 devenir, pour un instant, observateur complice.<\/p>\n<p class=\"fig-paragraph\"><strong>Les anges en mouvement<\/strong>\u00a0: Les figures ail\u00e9es, chez l\u2019un comme chez l\u2019autre, expriment une forme de spiritualit\u00e9. Rubinstein les \u00e9voque par touches, presque en filigrane, au sein de <strong>structures cin\u00e9tiques \u00e9nigmatiques<\/strong>.<\/p>\n<p class=\"fig-paragraph\"><strong>Le temps suspendu<\/strong>\u00a0: Obsession centrale de Dal\u00ed, la temporalit\u00e9 inspire ici <strong>deux \u0153uvres majeures<\/strong> de Rubinstein, o\u00f9 les images semblent se plier, se d\u00e9doubler, et repousser les limites du cadre.<\/p>\n<p class=\"fig-paragraph\"><a href=\"https:\/\/www.instagram.com\/patrick.rubinstein\/\" target=\"_blank\" rel=\"sponsored noopener\" data-gtm-custom-categorie=\"navigation\" data-gtm-custom-action=\"crossclick\" data-gtm-custom-label=\"Contextuel\" data-gtm-event=\"customEventSPE\"><strong>D\u00e9couvrir le compte Instagram Patrick Rubinstein<\/strong><\/a><\/p>\n<p><strong>Le mouvement comme langage<\/strong><\/p>\n<p class=\"fig-paragraph\">Patrick Rubinstein d\u00e9ploie dans cette exposition sa <strong>technique signature<\/strong>\u00a0: des \u0153uvres cin\u00e9tiques, compos\u00e9es de pyramides, qui r\u00e9v\u00e8lent plusieurs images selon le point de vue du spectateur.<\/p>\n<p class=\"fig-paragraph\">Une <strong>mise en sc\u00e8ne sp\u00e9cialement con\u00e7ue<\/strong> pour le mus\u00e9e permet de valoriser cet effet\u00a0: la vision n\u2019est jamais fixe, elle \u00e9volue avec le corps.<\/p>\n<p class=\"fig-paragraph\">Chaque \u0153uvre invite le visiteur \u00e0 changer de perspective \u2014 litt\u00e9ralement. <strong>L\u2019exposition se vit autant qu\u2019elle se regarde.<\/strong><\/p>\n<p><strong>Quand l\u2019art contemporain questionne le mythe<\/strong><\/p>\n<p class=\"fig-paragraph\"><strong>Illusions crois\u00e9es<\/strong> n\u2019a rien d\u2019un exercice de style. Elle met en lumi\u00e8re la mani\u00e8re dont un artiste contemporain peut entrer en r\u00e9sonance avec une \u0153uvre du pass\u00e9 sans pastiche ni r\u00e9v\u00e9rence excessive.<\/p>\n<p class=\"fig-paragraph\">Rubinstein n\u2019imite pas Dal\u00ed, <strong>il prolonge certaines de ses intuitions<\/strong>, en propose une lecture actuelle, et d\u00e9montre que les grandes th\u00e9matiques \u2014 identit\u00e9, myst\u00e8re, temps \u2014 n\u2019ont rien perdu de leur pouvoir \u00e9vocateur.<\/p>\n<p><strong>Informations pratiques<\/strong><\/p>\n<p class=\"fig-paragraph\">\u00ab\u00a0Illusions crois\u00e9es\u00a0\u00bb \u2013 Mus\u00e9e Dal\u00ed Paris, 11 rue Poulbot, 75018 Paris<\/p>\n<ul class=\"fig-list\">\n<li><strong>Dates<\/strong>\u00a0: du 10 octobre 2025 au 12 janvier 2026<\/li>\n<li><strong>Horaires<\/strong>\u00a0: tous les jours de 10h \u00e0 18h<\/li>\n<li><strong>Tarifs<\/strong>\u00a0: plein tarif 16 \u20ac, tarif senior 13 \u20ac, tarif \u00e9tudiant 11 \u20ac, gratuit pour les moins de 8 ans<\/li>\n<\/ul>\n<p class=\"fig-paragraph\"><a href=\"https:\/\/editions.patrickrubinstein.com\/\" target=\"_blank\" rel=\"sponsored noopener\" data-gtm-custom-categorie=\"navigation\" data-gtm-custom-action=\"crossclick\" data-gtm-custom-label=\"Contextuel\" data-gtm-event=\"customEventSPE\"><strong>D\u00e9couvrir le site \u00c9ditions Patrick Rubinstein<\/strong><\/a><\/p>\n<p>                            <script async src=\"\/\/www.instagram.com\/embed.js\"><\/script><\/p>\n","protected":false},"excerpt":{"rendered":"\u00c0 l\u2019automne 2025, le mus\u00e9e Dal\u00ed Paris propose une exposition audacieuse\u00a0: Illusions crois\u00e9es met en relation Salvador Dal\u00ed,&hellip;\n","protected":false},"author":2,"featured_media":436406,"comment_status":"","ping_status":"","sticky":false,"template":"","format":"standard","meta":{"footnotes":""},"categories":[1358],"tags":[328,47,3132,259,1348,1384,1385,1386,58,33,59,1011,27,1110,517,3131],"class_list":{"0":"post-436405","1":"post","2":"type-post","3":"status-publish","4":"format-standard","5":"has-post-thumbnail","7":"category-arts-et-design","8":"tag-a-la-une","9":"tag-actualite","10":"tag-actualite-francaise","11":"tag-actualite-internationale","12":"tag-arts","13":"tag-arts-and-design","14":"tag-arts-et-design","15":"tag-design","16":"tag-divertissement","17":"tag-economie","18":"tag-entertainment","19":"tag-fr","20":"tag-france","21":"tag-informations","22":"tag-sport","23":"tag-titres"},"share_on_mastodon":{"url":"https:\/\/pubeurope.com\/@fr\/115310824248764843","error":""},"_links":{"self":[{"href":"https:\/\/www.europesays.com\/fr\/wp-json\/wp\/v2\/posts\/436405","targetHints":{"allow":["GET"]}}],"collection":[{"href":"https:\/\/www.europesays.com\/fr\/wp-json\/wp\/v2\/posts"}],"about":[{"href":"https:\/\/www.europesays.com\/fr\/wp-json\/wp\/v2\/types\/post"}],"author":[{"embeddable":true,"href":"https:\/\/www.europesays.com\/fr\/wp-json\/wp\/v2\/users\/2"}],"replies":[{"embeddable":true,"href":"https:\/\/www.europesays.com\/fr\/wp-json\/wp\/v2\/comments?post=436405"}],"version-history":[{"count":0,"href":"https:\/\/www.europesays.com\/fr\/wp-json\/wp\/v2\/posts\/436405\/revisions"}],"wp:featuredmedia":[{"embeddable":true,"href":"https:\/\/www.europesays.com\/fr\/wp-json\/wp\/v2\/media\/436406"}],"wp:attachment":[{"href":"https:\/\/www.europesays.com\/fr\/wp-json\/wp\/v2\/media?parent=436405"}],"wp:term":[{"taxonomy":"category","embeddable":true,"href":"https:\/\/www.europesays.com\/fr\/wp-json\/wp\/v2\/categories?post=436405"},{"taxonomy":"post_tag","embeddable":true,"href":"https:\/\/www.europesays.com\/fr\/wp-json\/wp\/v2\/tags?post=436405"}],"curies":[{"name":"wp","href":"https:\/\/api.w.org\/{rel}","templated":true}]}}