{"id":436407,"date":"2025-10-03T14:58:15","date_gmt":"2025-10-03T14:58:15","guid":{"rendered":"https:\/\/www.europesays.com\/fr\/436407\/"},"modified":"2025-10-03T14:58:15","modified_gmt":"2025-10-03T14:58:15","slug":"decouvrez-le-livre-tes-premieres-recettes-2-de-trois-fois-par-jour-vivre-a-la-campagne","status":"publish","type":"post","link":"https:\/\/www.europesays.com\/fr\/436407\/","title":{"rendered":"D\u00e9couvrez le livre \u00ab Tes premi\u00e8res recettes 2 \u00bb de Trois fois par jour \u2013 Vivre \u00e0 la campagne"},"content":{"rendered":"<p><img fetchpriority=\"high\" decoding=\"async\" class=\"aligncenter size-full wp-image-6720\" src=\"https:\/\/www.europesays.com\/fr\/wp-content\/uploads\/2025\/10\/tes-premieres-recettes-2-trois-fois-par-jour-marilou-900x600-1.jpg\" alt=\"\" width=\"900\" height=\"600\"  \/><\/p>\n<p>Apr\u00e8s la parution du premier tome de Tes premi\u00e8res recettes \u00e0 l\u2019automne 2024, Marilou a \u00e9t\u00e9 tellement touch\u00e9e de voir les jeunes d\u00e9velopper de l\u2019int\u00e9r\u00eat pour la cuisine qu\u2019elle revient moins d\u2019un an plus tard avec ce deuxi\u00e8me livre pour enfants.<\/p>\n<p>C\u2019est encore en toute simplicit\u00e9 et complicit\u00e9 qu\u2019elle propose de nouvelles recettes accessibles et cr\u00e9atives, comme un granola express au micro-ondes, un bol pok\u00e9 au saumon, des boulettes su\u00e9doises, une soupe \u00e0 la lasagne, des carr\u00e9s aux dattes, et bien plus encore.<\/p>\n<p><img loading=\"lazy\" decoding=\"async\" class=\"aligncenter size-full wp-image-6721\" src=\"https:\/\/www.europesays.com\/fr\/wp-content\/uploads\/2025\/10\/tes-premieres-recettes-2-trois-fois-par-jour-marilou-recette-bol-poke-saumon.jpg\" alt=\"\" width=\"900\" height=\"373\"  \/><\/p>\n<p>Au-del\u00e0 des plats, Marilou partage ses r\u00e9flexions personnelles sur des sujets qui lui sont chers comme la patience et l\u2019estime de soi. La cuisine devient ici un langage qui nourrit autant le coeur que le ventre, un lieu d\u2019apprentissage et de confiance en soi.<\/p>\n<p>Illustr\u00e9 de photographies ludiques et color\u00e9es, Tes premi\u00e8res recettes 2 est un guide qui donne envie aux jeunes lectrices et lecteurs d\u2019exp\u00e9rimenter, de rater parfois, mais surtout de s\u2019amuser et de partager.<\/p>\n<p><img loading=\"lazy\" decoding=\"async\" class=\"wp-image-6722 size-full\" src=\"https:\/\/www.europesays.com\/fr\/wp-content\/uploads\/2025\/10\/tes-premieres-recettes-2-trois-fois-par-jour-photo-marilou.jpg\" alt=\"\" width=\"852\" height=\"961\"  \/>Marilou de Trois fois par jour.<\/p>\n<p><strong>Marilou<\/strong><\/p>\n<p>Artiste et femme d\u2019affaires, Marilou a cofond\u00e9 Trois fois par jour en 2014 dans le but de transformer, pour le mieux, la relation entre les gens et la nourriture. Dix ans plus tard, Trois fois par jour c\u2019est un site comptant plusieurs centaines de recettes en tout genre, sept livres de cuisine et une boutique des plus florissantes.<\/p>\n<p><strong>En librairie depuis le 23 septembre 2025<\/strong><\/p>\n<p><strong>144 pages, 29,95 $ (papier)<\/strong><\/p>\n<p>Par \u00c9ditions Cardinal<\/p>\n","protected":false},"excerpt":{"rendered":"Apr\u00e8s la parution du premier tome de Tes premi\u00e8res recettes \u00e0 l\u2019automne 2024, Marilou a \u00e9t\u00e9 tellement touch\u00e9e&hellip;\n","protected":false},"author":2,"featured_media":436408,"comment_status":"","ping_status":"","sticky":false,"template":"","format":"standard","meta":{"footnotes":""},"categories":[1357],"tags":[1379,58,59,1011,27,1380],"class_list":{"0":"post-436407","1":"post","2":"type-post","3":"status-publish","4":"format-standard","5":"has-post-thumbnail","7":"category-livres","8":"tag-books","9":"tag-divertissement","10":"tag-entertainment","11":"tag-fr","12":"tag-france","13":"tag-livres"},"share_on_mastodon":{"url":"https:\/\/pubeurope.com\/@fr\/115310828898702144","error":""},"_links":{"self":[{"href":"https:\/\/www.europesays.com\/fr\/wp-json\/wp\/v2\/posts\/436407","targetHints":{"allow":["GET"]}}],"collection":[{"href":"https:\/\/www.europesays.com\/fr\/wp-json\/wp\/v2\/posts"}],"about":[{"href":"https:\/\/www.europesays.com\/fr\/wp-json\/wp\/v2\/types\/post"}],"author":[{"embeddable":true,"href":"https:\/\/www.europesays.com\/fr\/wp-json\/wp\/v2\/users\/2"}],"replies":[{"embeddable":true,"href":"https:\/\/www.europesays.com\/fr\/wp-json\/wp\/v2\/comments?post=436407"}],"version-history":[{"count":0,"href":"https:\/\/www.europesays.com\/fr\/wp-json\/wp\/v2\/posts\/436407\/revisions"}],"wp:featuredmedia":[{"embeddable":true,"href":"https:\/\/www.europesays.com\/fr\/wp-json\/wp\/v2\/media\/436408"}],"wp:attachment":[{"href":"https:\/\/www.europesays.com\/fr\/wp-json\/wp\/v2\/media?parent=436407"}],"wp:term":[{"taxonomy":"category","embeddable":true,"href":"https:\/\/www.europesays.com\/fr\/wp-json\/wp\/v2\/categories?post=436407"},{"taxonomy":"post_tag","embeddable":true,"href":"https:\/\/www.europesays.com\/fr\/wp-json\/wp\/v2\/tags?post=436407"}],"curies":[{"name":"wp","href":"https:\/\/api.w.org\/{rel}","templated":true}]}}