{"id":436411,"date":"2025-10-03T15:00:13","date_gmt":"2025-10-03T15:00:13","guid":{"rendered":"https:\/\/www.europesays.com\/fr\/436411\/"},"modified":"2025-10-03T15:00:13","modified_gmt":"2025-10-03T15:00:13","slug":"lola-young-annonce-une-pause-le-journal-de-la-musique-du-mercredi-1er-octobre","status":"publish","type":"post","link":"https:\/\/www.europesays.com\/fr\/436411\/","title":{"rendered":"Lola Young annonce une pause \u2013 Le journal de la musique du mercredi 1er octobre"},"content":{"rendered":"<p class=\"article-p mdl\">La chanteuse <strong>Lola Young<\/strong>, 24 ans, a r\u00e9cemment inqui\u00e9t\u00e9 ses fans apr\u00e8s une chute sur sc\u00e8ne lors d\u2019<strong>un concert \u00e0 New York<\/strong>. La vid\u00e9o, rapidement relay\u00e9e sur les r\u00e9seaux, a \u00e9t\u00e9 suivie d\u2019un message rassurant de la part de l\u2019artiste : \u00ab\u00a0Je vais bien maintenant\u00a0\u00bb.<\/p>\n<p class=\"article-p mdl\">Cependant, Lola Young a \u00e9galement annonc\u00e9 qu\u2019elle allait s\u2019absenter pendant quelques semaines, ajoutant : \u00ab\u00a0Cela me peine de devoir annuler tous mes projets pr\u00e9vus dans un futur proche\u00a0\u00bb. Cette d\u00e9cision concerne notamment la promotion de son 3e album, I\u2019m Only Fking Myself, r\u00e9cemment sorti. Les fans devront donc patienter avant de retrouver la chanteuse sur sc\u00e8ne ou dans de nouveaux projets musicaux.\u00a0<\/p>\n<p>            Linkin Park : mini-concert caritatif sur Twitch<\/p>\n<p class=\"article-p mdl\">Le groupe <strong>Linkin Park<\/strong> a donn\u00e9 un concert exceptionnel de vingt minutes sur la plateforme <strong>Twitch<\/strong>, sur la cha\u00eene du streamer am\u00e9ricain <strong>Kai Cenat<\/strong>, premier \u00e0 d\u00e9passer le million d\u2019abonn\u00e9s payants. Les morceaux jou\u00e9s comprenaient Heavy Is The Crown et Up From The Bottom.<\/p>\n<p class=\"article-p mdl\">L\u2019\u00e9v\u00e9nement avait <strong>une dimension caritative<\/strong> : les fonds r\u00e9colt\u00e9s ont \u00e9t\u00e9 destin\u00e9s \u00e0 financer la construction d\u2019une \u00e9cole au Nigeria. Ce mini-concert illustre la volont\u00e9 du groupe de combiner musique et engagement social, quelques mois avant leur retour en France pour\u00a0<a class=\"link\" href=\"https:\/\/www.rtl2.fr\/evenements\/linkin-park-annonce-une-date-exceptionnelle-a-lyon-en-2026-avec-rtl2-7900512366\" title=\"Linkin Park annonce une date exceptionnelle \u00e0 Lyon en 2026 avec RTL2\" target=\"_blank\" rel=\"noopener\">un concert le 16 juin 2026 \u00e0 Lyon avec RTL2<\/a>.\u00a0<\/p>\n<p>            Axl Rose d\u00e9voile son livre graphique \u00ab\u00a0Appetite for Destruction\u00a0\u00bb<\/p>\n<p class=\"article-p mdl\"><strong>Axl Rose<\/strong>, leader des <strong>Guns N\u2019 Roses<\/strong>, s\u2019est lanc\u00e9 dans un projet in\u00e9dit : une bande dessin\u00e9e dont il est le h\u00e9ros. Intitul\u00e9e Axl Rose : Appetite for Destruction, la BD s\u2019inspire du c\u00e9l\u00e8bre album sorti en 1987 et raconte les aventures d\u2019un Axl cyborg dans une ville futuriste nomm\u00e9e Paradise City. L\u2019intrigue suit l\u2019artiste confront\u00e9 \u00e0 la disparition myst\u00e9rieuse d\u2019une chanteuse, qu\u2019il tente de retrouver.<\/p>\n<p class=\"article-p mdl\">La BD est d\u00e9j\u00e0 disponible\u00a0<a class=\"link\" href=\"https:\/\/www.sumariancomics.com\/preorder-axl-rose-appetite-for-destruction\" target=\"_blank\" rel=\"noopener\">en pr\u00e9commande<\/a>\u00a0via les \u00e9ditions Sumarian Comics, sp\u00e9cialis\u00e9es dans les publications associ\u00e9es aux groupes de rock. Ce projet permet \u00e0 Axl Rose de prolonger son univers artistique au-del\u00e0 de la musique et de toucher un nouveau public.<\/p>\n<p>    La r\u00e9daction vous recommande<\/p>\n<p>\n                                    Lire la suite\n                                <\/p>\n","protected":false},"excerpt":{"rendered":"La chanteuse Lola Young, 24 ans, a r\u00e9cemment inqui\u00e9t\u00e9 ses fans apr\u00e8s une chute sur sc\u00e8ne lors d\u2019un&hellip;\n","protected":false},"author":2,"featured_media":436412,"comment_status":"","ping_status":"","sticky":false,"template":"","format":"standard","meta":{"footnotes":""},"categories":[1355],"tags":[25296,58,59,3696,1106,1011,27,56377,25300,1361,873],"class_list":{"0":"post-436411","1":"post","2":"type-post","3":"status-publish","4":"format-standard","5":"has-post-thumbnail","7":"category-musique","8":"tag-axl-rose","9":"tag-divertissement","10":"tag-entertainment","11":"tag-evenements","12":"tag-flash","13":"tag-fr","14":"tag-france","15":"tag-le-journal-de-la-musique","16":"tag-linkin-park","17":"tag-music","18":"tag-musique"},"share_on_mastodon":{"url":"https:\/\/pubeurope.com\/@fr\/115310836160518304","error":""},"_links":{"self":[{"href":"https:\/\/www.europesays.com\/fr\/wp-json\/wp\/v2\/posts\/436411","targetHints":{"allow":["GET"]}}],"collection":[{"href":"https:\/\/www.europesays.com\/fr\/wp-json\/wp\/v2\/posts"}],"about":[{"href":"https:\/\/www.europesays.com\/fr\/wp-json\/wp\/v2\/types\/post"}],"author":[{"embeddable":true,"href":"https:\/\/www.europesays.com\/fr\/wp-json\/wp\/v2\/users\/2"}],"replies":[{"embeddable":true,"href":"https:\/\/www.europesays.com\/fr\/wp-json\/wp\/v2\/comments?post=436411"}],"version-history":[{"count":0,"href":"https:\/\/www.europesays.com\/fr\/wp-json\/wp\/v2\/posts\/436411\/revisions"}],"wp:featuredmedia":[{"embeddable":true,"href":"https:\/\/www.europesays.com\/fr\/wp-json\/wp\/v2\/media\/436412"}],"wp:attachment":[{"href":"https:\/\/www.europesays.com\/fr\/wp-json\/wp\/v2\/media?parent=436411"}],"wp:term":[{"taxonomy":"category","embeddable":true,"href":"https:\/\/www.europesays.com\/fr\/wp-json\/wp\/v2\/categories?post=436411"},{"taxonomy":"post_tag","embeddable":true,"href":"https:\/\/www.europesays.com\/fr\/wp-json\/wp\/v2\/tags?post=436411"}],"curies":[{"name":"wp","href":"https:\/\/api.w.org\/{rel}","templated":true}]}}