{"id":436414,"date":"2025-10-03T15:02:11","date_gmt":"2025-10-03T15:02:11","guid":{"rendered":"https:\/\/www.europesays.com\/fr\/436414\/"},"modified":"2025-10-03T15:02:11","modified_gmt":"2025-10-03T15:02:11","slug":"la-carte-des-departements-les-plus-touches-par-lepidemie","status":"publish","type":"post","link":"https:\/\/www.europesays.com\/fr\/436414\/","title":{"rendered":"la carte des d\u00e9partements les plus touch\u00e9s par l&rsquo;\u00e9pid\u00e9mie"},"content":{"rendered":"<p class=\"mb-4 text-lg md:leading-8 break-words\">Voix enrou\u00e9e, maux de gorge&#8230; Le variant du Covid, \u00ab\u00a0Frankenstein\u00a0\u00bb, un variant recombinant d&rsquo;Omicron compos\u00e9 des sous-variants XFG et XFG.3, continue de se propager partout en France et de contaminer. Comme vous pouvez le constater sur la <strong>carte ci-dessous<\/strong>, qui montre les d\u00e9partements avec la plus grande part de consultations aux urgences pour suspicion de Covid, les d\u00e9partements sont touch\u00e9s de mani\u00e8re in\u00e9gale.<\/p>\n<p class=\"mb-4 text-lg md:leading-8 break-words\">Ainsi, les Hautes-Pyr\u00e9n\u00e9es et la Dr\u00f4me, d\u00e9partements les plus touch\u00e9s, ont plus de 13% des passages aux urgences pour suspicion de Covid, alors qu&rsquo;au total, neuf d\u00e9partements d\u00e9passent la part des 10% (la Haute-Savoie, l&rsquo;Indre, la Ni\u00e8vre, le Bas-Rhin, le Territoire de Belfort, la Marne et l&rsquo;Eure).<\/p>\n<p>5,86% des passages aux urgences dus au Covid<\/p>\n<p class=\"mb-4 text-lg md:leading-8 break-words\">\u00c0 l&rsquo;inverse, le poids du Covid dans les passages aux urgences est assez faible dans le Cantal (1,14%), et est inf\u00e9rieur \u00e0 2% dans trois autres d\u00e9partements : le Val-de-Marne, la Seine-Maritime et la Somme. En moyenne \u00e0 l&rsquo;\u00e9chelle nationale, le Covid repr\u00e9sente 5,86% des passages aux urgences.<\/p>\n<p class=\"mb-4 text-lg md:leading-8 break-words\">D&rsquo;une semaine sur l&rsquo;autre, la tendance est \u00e0 la hausse \u00e0 l&rsquo;\u00e9chelle nationale, avec une moyenne de +13,87% du poids des cas de Covid sur les passages aux urgences. Mais comme vous pouvez le constater sur la carte ci-dessous, on constate de grandes disparit\u00e9s locales.<\/p>\n<p>Une hausse de pr\u00e8s de 14% en moyenne<\/p>\n<p class=\"mb-4 text-lg md:leading-8 break-words\">Certains d\u00e9partements comme le Jura et l&rsquo;H\u00e9rault enregistrent une tr\u00e8s forte hausse du poids du Covid dans les passages aux urgences, avec une part des cas de Covid multipli\u00e9e par quatre. Six autres d\u00e9partements voient la part des cas de Covid aux urgences au moins doubler en une semaine : la Seine-Maritime, l&rsquo;Aisne, les Vosges, l&rsquo;Indre-et-Loire, les Landes et la Haute-Corse.<\/p>\n<p class=\"mb-4 text-lg md:leading-8 break-words\">\u00c0 l&rsquo;inverse, on note un fort recul de la part des cas de Covid dans les passages aux urgences comme les C\u00f4tes-d&rsquo;Armor, l&rsquo;Aube, la Sa\u00f4ne-et-Loire et la Manche, o\u00f9 cette part a \u00e9t\u00e9 au moins divis\u00e9e par deux en une semaine.<\/p>\n<p>Une hausse chez les plus \u00e2g\u00e9s, un recul dans les autres tranches d&rsquo;\u00e2ge<\/p>\n<p class=\"mb-4 text-lg md:leading-8 break-words\">Dans son <a data-i13n=\"cpos:1;pos:1\" href=\"https:\/\/www.santepubliquefrance.fr\/surveillance-syndromique-sursaud-R\/documents\/bulletin-national\/2025\/bulletin-national-d-information-oscour-du-30-septembre-2025\" rel=\"nofollow noopener\" target=\"_blank\" data-ylk=\"slk:bulletin hebdomadaire;cpos:1;pos:1;elm:context_link;itc:0;sec:content-canvas\" class=\"link \">bulletin hebdomadaire<\/a>, Sant\u00e9 Publique France note que les passages aux urgences pour suspicion d\u2019infection au Covid-19, sont dans des effectifs comparables \u00e0 l\u2019ann\u00e9e pr\u00e9c\u00e9dente, chez les 75 ans et plus (+24%, soit + 30 passages).<\/p>\n<p class=\"mb-4 text-lg md:leading-8 break-words\">En revanche, les passages aux urgences pour suspicion de Covid diminuent dans toutes les tranches d&rsquo;\u00e2ge, hormis donc chez les plus \u00e2g\u00e9s, comme \u00e9voqu\u00e9 ci-dessus.<\/p>\n<p>50 cas pour 100 000 habitants<\/p>\n<p class=\"mb-4 text-lg md:leading-8 break-words\">Du c\u00f4t\u00e9 des <a data-i13n=\"cpos:2;pos:1\" href=\"https:\/\/www.sentiweb.fr\/document\/6674\" rel=\"nofollow noopener\" target=\"_blank\" data-ylk=\"slk:m\u00e9decins g\u00e9n\u00e9ralistes;cpos:2;pos:1;elm:context_link;itc:0;sec:content-canvas\" class=\"link \">m\u00e9decins g\u00e9n\u00e9ralistes<\/a>, l&rsquo;incidence des cas de Covid-19 qu&rsquo;ils constatent continue d&rsquo;augmenter, mais un peu moins fortement que la semaine pr\u00e9c\u00e9dente, avec 50 cas pour 100 000 habitants, contre 47 cas pour 100 000 habitants la semaine pr\u00e9c\u00e9dente, soit plus de 33 000 nouveaux cas.<\/p>\n<p class=\"mb-4 text-lg md:leading-8 break-words\">La campagne de vaccination hivernale doit commencer le 14 octobre prochain, avec pour public cible principal les plus de 65 ans ainsi que les personnes jug\u00e9es \u00e0 risque. Les autorit\u00e9s sanitaires misent \u00e9galement sur un respect des gestes barri\u00e8res pour limiter la propagation du Covid : port du masque dans les lieux bond\u00e9s ou mal ventil\u00e9s, lavage r\u00e9gulier des mains et a\u00e9ration des espaces clos.<\/p>\n","protected":false},"excerpt":{"rendered":"Voix enrou\u00e9e, maux de gorge&#8230; Le variant du Covid, \u00ab\u00a0Frankenstein\u00a0\u00bb, un variant recombinant d&rsquo;Omicron compos\u00e9 des sous-variants XFG&hellip;\n","protected":false},"author":2,"featured_media":436415,"comment_status":"","ping_status":"","sticky":false,"template":"","format":"standard","meta":{"footnotes":""},"categories":[10],"tags":[4400,16680,1011,27,72,71],"class_list":{"0":"post-436414","1":"post","2":"type-post","3":"status-publish","4":"format-standard","5":"has-post-thumbnail","7":"category-sante","8":"tag-covid","9":"tag-departements","10":"tag-fr","11":"tag-france","12":"tag-health","13":"tag-sante"},"share_on_mastodon":{"url":"https:\/\/pubeurope.com\/@fr\/115310843939951097","error":""},"_links":{"self":[{"href":"https:\/\/www.europesays.com\/fr\/wp-json\/wp\/v2\/posts\/436414","targetHints":{"allow":["GET"]}}],"collection":[{"href":"https:\/\/www.europesays.com\/fr\/wp-json\/wp\/v2\/posts"}],"about":[{"href":"https:\/\/www.europesays.com\/fr\/wp-json\/wp\/v2\/types\/post"}],"author":[{"embeddable":true,"href":"https:\/\/www.europesays.com\/fr\/wp-json\/wp\/v2\/users\/2"}],"replies":[{"embeddable":true,"href":"https:\/\/www.europesays.com\/fr\/wp-json\/wp\/v2\/comments?post=436414"}],"version-history":[{"count":0,"href":"https:\/\/www.europesays.com\/fr\/wp-json\/wp\/v2\/posts\/436414\/revisions"}],"wp:featuredmedia":[{"embeddable":true,"href":"https:\/\/www.europesays.com\/fr\/wp-json\/wp\/v2\/media\/436415"}],"wp:attachment":[{"href":"https:\/\/www.europesays.com\/fr\/wp-json\/wp\/v2\/media?parent=436414"}],"wp:term":[{"taxonomy":"category","embeddable":true,"href":"https:\/\/www.europesays.com\/fr\/wp-json\/wp\/v2\/categories?post=436414"},{"taxonomy":"post_tag","embeddable":true,"href":"https:\/\/www.europesays.com\/fr\/wp-json\/wp\/v2\/tags?post=436414"}],"curies":[{"name":"wp","href":"https:\/\/api.w.org\/{rel}","templated":true}]}}