{"id":436423,"date":"2025-10-03T15:07:10","date_gmt":"2025-10-03T15:07:10","guid":{"rendered":"https:\/\/www.europesays.com\/fr\/436423\/"},"modified":"2025-10-03T15:07:10","modified_gmt":"2025-10-03T15:07:10","slug":"trump-donne-au-hamas-jusqua-dimanche-minuit-pour-accepter-laccord","status":"publish","type":"post","link":"https:\/\/www.europesays.com\/fr\/436423\/","title":{"rendered":"Trump donne au Hamas jusqu\u2019\u00e0 dimanche minuit pour accepter l\u2019accord"},"content":{"rendered":"<p>Sur son r\u00e9seau Truth social, le pr\u00e9sident am\u00e9ricain donne \u00abune derni\u00e8re chance\u00bb au Hamas pour conclure un accord, sans quoi il promet au mouvement terroriste \u00abl\u2019enfer comme jamais auparavant\u00bb.<\/p>\n<p class=\"fig-paragraph\">\u00abLa paix r\u00e9gnera sur le Moyen-Orient d\u2019une mani\u00e8re ou d\u2019une autre\u00bb. Dans un message publi\u00e9 sur son r\u00e9seau Truth Social, Donald Trump s\u2019impatiente, alors que\u00a0<a href=\"https:\/\/www.lefigaro.fr\/tag\/benyamin-netanyahou\" target=\"_blank\" rel=\"sponsored noopener\" data-gtm-custom-categorie=\"navigation\" data-gtm-custom-action=\"crossclick\" data-gtm-custom-label=\"Contextuel\" data-gtm-event=\"customEventSPE\">Benyamin Netanyahou<\/a>\u00a0a approuv\u00e9 son\u00a0<a href=\"https:\/\/video.lefigaro.fr\/figaro\/international\/le-hamas-veut-un-delai-plus-long-pour-etudier-le-plan-de-paix-de-donald-trump-sur-gaza-20251003\" data-fig-type=\"Video\" data-gtm-custom-categorie=\"navigation\" data-gtm-custom-action=\"crossclick\" data-gtm-custom-label=\"Contextuel\" data-gtm-event=\"customEventSPE\" data-fig-domain=\"LEFIGARO\" target=\"_blank\" rel=\"noopener\">plan de paix<\/a>.\u00a0Il a fix\u00e9 un ultimatum au Hamas\u00a0: \u00abun accord doit \u00eatre conclu avec le Hamas d\u2019ici dimanche soir \u00e0 18 heures (minuit heure fran\u00e7aise, NDLR), \u00e0 Washington, D.C. Tous les pays ont sign\u00e9\u00a0! Si cet accord de la derni\u00e8re chance n\u2019est pas conclu, l\u2019enfer, comme jamais auparavant, \u00e9clatera contre le Hamas.\u00bb<\/p>\n<p class=\"fig-paragraph\">Et d\u2019indiquer que \u00able Hamas repr\u00e9sente une menace impitoyable et violente depuis de nombreuses ann\u00e9es au Moyen-Orient\u00bb. \u00abIl a tu\u00e9, rendu des vies insupportables, avec notamment le massacre du 7 octobre en Isra\u00ebl, des b\u00e9b\u00e9s, des femmes, des enfants, des personnes \u00e2g\u00e9es et de nombreux jeunes hommes et femmes, gar\u00e7ons et filles, se pr\u00e9parant \u00e0 c\u00e9l\u00e9brer ensemble leur avenir\u00bb, a-t-il ajout\u00e9.<\/p>\n<p>                                    <a class=\"fig-a11y-skip a11y-hidden\" href=\"#fig-a11y-skip-main-inarticle\"><br \/>\n        Passer la publicit\u00e9<br \/>\n    <\/a><\/p>\n<p>\u00abUn accord pr\u00e9cieux\u00bb<\/p>\n<p class=\"fig-paragraph\">Le pr\u00e9sident a \u00e9galement fait remarquer qu\u2019il serait dans l\u2019int\u00e9r\u00eat du Hamas d\u2019accepter son plan de paix. \u00abC\u2019est un accord pr\u00e9cieux pour tous. Nous aurons la paix au Moyen-Orient d\u2019une mani\u00e8re ou d\u2019une autre. La violence et les effusions de sang cesseront.\u00bb Il demande enfin au mouvement terroriste la lib\u00e9ration de \u00abtous les otages, y compris les corps des morts, imm\u00e9diatement\u00bb.<strong>\u00a0<\/strong><\/p>\n","protected":false},"excerpt":{"rendered":"Sur son r\u00e9seau Truth social, le pr\u00e9sident am\u00e9ricain donne \u00abune derni\u00e8re chance\u00bb au Hamas pour conclure un accord,&hellip;\n","protected":false},"author":2,"featured_media":436424,"comment_status":"","ping_status":"","sticky":false,"template":"","format":"standard","meta":{"footnotes":""},"categories":[5],"tags":[11,75,1011,27,3519,14,12,28],"class_list":{"0":"post-436423","1":"post","2":"type-post","3":"status-publish","4":"format-standard","5":"has-post-thumbnail","7":"category-international","8":"tag-actualites","9":"tag-donald-trump","10":"tag-fr","11":"tag-france","12":"tag-hamas","13":"tag-international","14":"tag-news","15":"tag-world"},"share_on_mastodon":{"url":"https:\/\/pubeurope.com\/@fr\/115310863604509605","error":""},"_links":{"self":[{"href":"https:\/\/www.europesays.com\/fr\/wp-json\/wp\/v2\/posts\/436423","targetHints":{"allow":["GET"]}}],"collection":[{"href":"https:\/\/www.europesays.com\/fr\/wp-json\/wp\/v2\/posts"}],"about":[{"href":"https:\/\/www.europesays.com\/fr\/wp-json\/wp\/v2\/types\/post"}],"author":[{"embeddable":true,"href":"https:\/\/www.europesays.com\/fr\/wp-json\/wp\/v2\/users\/2"}],"replies":[{"embeddable":true,"href":"https:\/\/www.europesays.com\/fr\/wp-json\/wp\/v2\/comments?post=436423"}],"version-history":[{"count":0,"href":"https:\/\/www.europesays.com\/fr\/wp-json\/wp\/v2\/posts\/436423\/revisions"}],"wp:featuredmedia":[{"embeddable":true,"href":"https:\/\/www.europesays.com\/fr\/wp-json\/wp\/v2\/media\/436424"}],"wp:attachment":[{"href":"https:\/\/www.europesays.com\/fr\/wp-json\/wp\/v2\/media?parent=436423"}],"wp:term":[{"taxonomy":"category","embeddable":true,"href":"https:\/\/www.europesays.com\/fr\/wp-json\/wp\/v2\/categories?post=436423"},{"taxonomy":"post_tag","embeddable":true,"href":"https:\/\/www.europesays.com\/fr\/wp-json\/wp\/v2\/tags?post=436423"}],"curies":[{"name":"wp","href":"https:\/\/api.w.org\/{rel}","templated":true}]}}