{"id":436425,"date":"2025-10-03T15:08:15","date_gmt":"2025-10-03T15:08:15","guid":{"rendered":"https:\/\/www.europesays.com\/fr\/436425\/"},"modified":"2025-10-03T15:08:15","modified_gmt":"2025-10-03T15:08:15","slug":"mysterieux-livret-de-famille-confidences-des-enfants-galere-dun-expert-huit-moments-cles-des-audiences-liberation","status":"publish","type":"post","link":"https:\/\/www.europesays.com\/fr\/436425\/","title":{"rendered":"myst\u00e9rieux livret de famille, confidences des enfants, gal\u00e8re d\u2019un expert\u2026 Huit moments cl\u00e9s des audiences \u2013 Lib\u00e9ration"},"content":{"rendered":"<p class=\"sc-cPiKLX AiZTS text-element\">C\u00e9dric Jubillar a-t-il tu\u00e9 sa femme Delphine ? Malgr\u00e9 les deux premi\u00e8res semaines de proc\u00e8s, denses, intenses, mouvement\u00e9es, le myst\u00e8re semble toujours insoluble. Depuis <a href=\"https:\/\/www.liberation.fr\/societe\/police-justice\/affaire-delphine-jubillar-pas-de-corps-pas-daveu-et-un-mari-dans-le-box-20250919_XJB66JWFVZEYNERH7TIJM56CUE\/\" target=\"_blank\" rel=\"noreferrer noopener\" title=\"https:\/\/www.liberation.fr\/societe\/police-justice\/affaire-delphine-jubillar-pas-de-corps-pas-daveu-et-un-mari-dans-le-box-20250919_XJB66JWFVZEYNERH7TIJM56CUE\/\">sa disparition dans la nuit du 15 au 16 d\u00e9cembre 2020<\/a>, l\u2019infirmi\u00e8re de 33 ans n\u2019a plus donn\u00e9 signe de vie. Trois ans d\u2019investigations ont mis au jour un faisceau d\u2019indices pointant tous dans la direction de son mari. Des lunettes cass\u00e9es, des cris dans la nuit, une dispute qu\u2019aurait \u00e9pi\u00e9e l\u2019un des enfants\u2026 A charge, il y a aussi ce divorce voulu par Delphine, amoureuse d\u2019un autre homme, et que son \u00e9poux peinait \u00e0 accepter. <\/p>\n<p class=\"sc-cPiKLX AiZTS text-element\">Mais c\u2019\u00e9tait sans compter sur une tactique acharn\u00e9e de la d\u00e9fense. Offensive depuis l\u2019ouverture des hostilit\u00e9s le 22 septembre \u00e0 la cour d\u2019assises du Tarn \u00e0 Albi, elle d\u00e9cortique les angles morts de l\u2019enqu\u00eate. Des d\u00e9tails parfois petits mais suffisants pour qu\u2019un \u00abet si\u00bb se faufile dans certains esprits de l\u2019assistance. Dans son box, l\u2019accus\u00e9 ne cille pas et r\u00e9affirme d\u00e8s qu\u2019il en a l\u2019occasion : \u00abJe conteste les faits qui me sont reproch\u00e9s\u00bb, \u00abmoi je lui ai rien fait \u00e0 Delphine\u00bb, \u00abj\u2019ai pas tu\u00e9 Delphine\u00bb\u2026  <\/p>\n","protected":false},"excerpt":{"rendered":"C\u00e9dric Jubillar a-t-il tu\u00e9 sa femme Delphine ? Malgr\u00e9 les deux premi\u00e8res semaines de proc\u00e8s, denses, intenses, mouvement\u00e9es,&hellip;\n","protected":false},"author":2,"featured_media":436426,"comment_status":"","ping_status":"","sticky":false,"template":"","format":"standard","meta":{"footnotes":""},"categories":[4],"tags":[11,33031,1011,27,12,25],"class_list":{"0":"post-436425","1":"post","2":"type-post","3":"status-publish","4":"format-standard","5":"has-post-thumbnail","7":"category-france","8":"tag-actualites","9":"tag-delphine-jubillar","10":"tag-fr","11":"tag-france","12":"tag-news","13":"tag-republique-francaise"},"share_on_mastodon":{"url":"https:\/\/pubeurope.com\/@fr\/115310867481053166","error":""},"_links":{"self":[{"href":"https:\/\/www.europesays.com\/fr\/wp-json\/wp\/v2\/posts\/436425","targetHints":{"allow":["GET"]}}],"collection":[{"href":"https:\/\/www.europesays.com\/fr\/wp-json\/wp\/v2\/posts"}],"about":[{"href":"https:\/\/www.europesays.com\/fr\/wp-json\/wp\/v2\/types\/post"}],"author":[{"embeddable":true,"href":"https:\/\/www.europesays.com\/fr\/wp-json\/wp\/v2\/users\/2"}],"replies":[{"embeddable":true,"href":"https:\/\/www.europesays.com\/fr\/wp-json\/wp\/v2\/comments?post=436425"}],"version-history":[{"count":0,"href":"https:\/\/www.europesays.com\/fr\/wp-json\/wp\/v2\/posts\/436425\/revisions"}],"wp:featuredmedia":[{"embeddable":true,"href":"https:\/\/www.europesays.com\/fr\/wp-json\/wp\/v2\/media\/436426"}],"wp:attachment":[{"href":"https:\/\/www.europesays.com\/fr\/wp-json\/wp\/v2\/media?parent=436425"}],"wp:term":[{"taxonomy":"category","embeddable":true,"href":"https:\/\/www.europesays.com\/fr\/wp-json\/wp\/v2\/categories?post=436425"},{"taxonomy":"post_tag","embeddable":true,"href":"https:\/\/www.europesays.com\/fr\/wp-json\/wp\/v2\/tags?post=436425"}],"curies":[{"name":"wp","href":"https:\/\/api.w.org\/{rel}","templated":true}]}}