{"id":436429,"date":"2025-10-03T15:10:12","date_gmt":"2025-10-03T15:10:12","guid":{"rendered":"https:\/\/www.europesays.com\/fr\/436429\/"},"modified":"2025-10-03T15:10:12","modified_gmt":"2025-10-03T15:10:12","slug":"saint-etienne-les-pompiers-mobilises-pour-un-feu-dappartement-dans-le-quartier-de-carnot","status":"publish","type":"post","link":"https:\/\/www.europesays.com\/fr\/436429\/","title":{"rendered":"Saint-\u00c9tienne. Les pompiers mobilis\u00e9s pour un feu d\u2019appartement dans le quartier de Carnot"},"content":{"rendered":"<p>Ce vendredi 3\u00a0octobre, peu apr\u00e8s 12\u00a0h\u00a030, les sapeurs-pompiers du Service d\u00e9partemental d\u2019incendie et de secours de la Loire (Sdis 42) sont intervenus rue Pierre-Corneille dans le quartier Carnot \u00e0 Saint-Etienne pour un feu d\u2019appartement survenu au premier \u00e9tage d\u2019un immeuble d\u2019habitation de deux \u00e9tages comprenant cinq logements.<\/p>\n<p>  Aucune victime \u00e0 d\u00e9plorer<\/p>\n<p>Selon les informations transmises par le Sdis 42, le sinistre a \u00e9t\u00e9 rapidement ma\u00eetris\u00e9 gr\u00e2ce \u00e0 l\u2019action instantan\u00e9e des secours. Fort heureusement, aucune victime n\u2019est \u00e0 d\u00e9plorer.<\/p>\n<p>Les op\u00e9rations d\u2019extinction termin\u00e9es, le sinistre a n\u00e9cessit\u00e9 des mesures de s\u00e9curisation et de surveillance des lieux pour \u00e9viter toute reprise de flammes. Au total, plus d\u2019une quinzaine de personnels ont \u00e9t\u00e9 mobilis\u00e9s au cours de l\u2019intervention.<\/p>\n","protected":false},"excerpt":{"rendered":"Ce vendredi 3\u00a0octobre, peu apr\u00e8s 12\u00a0h\u00a030, les sapeurs-pompiers du Service d\u00e9partemental d\u2019incendie et de secours de la Loire&hellip;\n","protected":false},"author":2,"featured_media":436430,"comment_status":"","ping_status":"","sticky":false,"template":"","format":"standard","meta":{"footnotes":""},"categories":[9653],"tags":[1111,11,2430,7539,1777,674,274,1011,27,1310,3367,12,25,4001,7538,104],"class_list":{"0":"post-436429","1":"post","2":"type-post","3":"status-publish","4":"format-standard","5":"has-post-thumbnail","7":"category-saint-etienne","8":"tag-actu","9":"tag-actualites","10":"tag-auvergne-rhone-alpes","11":"tag-edition-loire-sud","12":"tag-eu","13":"tag-europe","14":"tag-faits-divers-justice","15":"tag-fr","16":"tag-france","17":"tag-incendie","18":"tag-loire","19":"tag-news","20":"tag-republique-francaise","21":"tag-saint-etienne","22":"tag-saint-etienne-ville","23":"tag-societe"},"share_on_mastodon":{"url":"https:\/\/pubeurope.com\/@fr\/115310875367902121","error":""},"_links":{"self":[{"href":"https:\/\/www.europesays.com\/fr\/wp-json\/wp\/v2\/posts\/436429","targetHints":{"allow":["GET"]}}],"collection":[{"href":"https:\/\/www.europesays.com\/fr\/wp-json\/wp\/v2\/posts"}],"about":[{"href":"https:\/\/www.europesays.com\/fr\/wp-json\/wp\/v2\/types\/post"}],"author":[{"embeddable":true,"href":"https:\/\/www.europesays.com\/fr\/wp-json\/wp\/v2\/users\/2"}],"replies":[{"embeddable":true,"href":"https:\/\/www.europesays.com\/fr\/wp-json\/wp\/v2\/comments?post=436429"}],"version-history":[{"count":0,"href":"https:\/\/www.europesays.com\/fr\/wp-json\/wp\/v2\/posts\/436429\/revisions"}],"wp:featuredmedia":[{"embeddable":true,"href":"https:\/\/www.europesays.com\/fr\/wp-json\/wp\/v2\/media\/436430"}],"wp:attachment":[{"href":"https:\/\/www.europesays.com\/fr\/wp-json\/wp\/v2\/media?parent=436429"}],"wp:term":[{"taxonomy":"category","embeddable":true,"href":"https:\/\/www.europesays.com\/fr\/wp-json\/wp\/v2\/categories?post=436429"},{"taxonomy":"post_tag","embeddable":true,"href":"https:\/\/www.europesays.com\/fr\/wp-json\/wp\/v2\/tags?post=436429"}],"curies":[{"name":"wp","href":"https:\/\/api.w.org\/{rel}","templated":true}]}}