{"id":436437,"date":"2025-10-03T15:14:09","date_gmt":"2025-10-03T15:14:09","guid":{"rendered":"https:\/\/www.europesays.com\/fr\/436437\/"},"modified":"2025-10-03T15:14:09","modified_gmt":"2025-10-03T15:14:09","slug":"agility-sauvetage-en-mer-premiers-secours-ce-samedi-toulon-fete-les-chiens","status":"publish","type":"post","link":"https:\/\/www.europesays.com\/fr\/436437\/","title":{"rendered":"Agility, sauvetage en mer, premiers secours&#8230; Ce samedi, Toulon f\u00eate les chiens"},"content":{"rendered":"<p>            Par<br \/>\n        <strong><br \/>\n            <a href=\"https:\/\/actu.fr\/auteur\/guillemette-herve\" title=\"Consulter tous les articles de Agence de presse APEI\" target=\"_blank\" rel=\"noopener\">Agence de presse APEI<\/a><br \/>\n        <\/strong><\/p>\n<p>        Publi\u00e9 le<\/p>\n<p>            3 oct. 2025 \u00e0 17h05        <\/p>\n<p>Les chiens seront \u00e0 l\u2019honneur \u00e0 <a href=\"https:\/\/actu.fr\/provence-alpes-cote-d-azur\/toulon_83137\/top-14-le-match-toulon-la-rochelle-reporte-au-mois-de-novembre_63211711.html\" target=\"_blank\" rel=\"noopener\">Toulon<\/a>, ce samedi 4 octobre 2025. De 10h \u00e0 17h, plages du Mourillon \u2013 anse Tabarly, <strong>de nombreuses animations<\/strong> sont pr\u00e9vues pour la 3e \u00e9dition de la Journ\u00e9e du chien.<\/p>\n<p>Canicross et premiers secours<\/p>\n<p class=\" wall-content\">Au programme :<\/p>\n<ul class=\" wall-content\">\n<li>\u00e0 10h30 : d\u00e9monstration puis initiation \u00e0 la marche au pied<\/li>\n<li>\u00e0 11h30 : initiation au canicross<\/li>\n<li>\u00e0 14h : d\u00e9monstration de <strong>sauvetage en mer<\/strong><\/li>\n<li>\u00e0 15h : d\u00e9monstration puis initiation \u00e0 l\u2019agility<\/li>\n<li>\u00e0 16h : d\u00e9monstration de <strong>premiers secours canins<\/strong>\u00a0\u00a0<\/li>\n<\/ul>\n<p class=\" wall-content\">Plusieurs <strong>stands d\u2019information<\/strong> seront \u00e9galement install\u00e9s. Vous pourrez y trouver : la Ville de Toulon (Animal en ville), la brigade animali\u00e8re de la police municipale, la Protection civile, Chien guide d\u2019aveugles du Var, <a href=\"https:\/\/actu.fr\/grand-est\/thionville_57672\/un-an-et-demi-apres-son-adoption-roxy-est-ramenee-a-la-spa-ses-maitres-n-ont-pas-reussi-a-l-aimer_63199684.html\" target=\"_blank\" rel=\"noopener\">la SPA<\/a>, la fondation Assistance aux animaux, le refuge pour chien S.A.M (Sauveteurs des animaux malheureux), Action Terre Neuve 83, Dogs &amp; Furious, le club canin d\u2019Ollioules.<\/p>\n<p class=\" wall-content\">Personnalisez votre actualit\u00e9 en ajoutant vos villes et m\u00e9dias en favori avec <a href=\"https:\/\/moncompte.actu.fr\" title=\"D\u00e9couvez Mon Actu\" rel=\"nofollow noopener\" data-trk=\"{&quot;cta&quot;:{&quot;action&quot;:&quot;https:\\\/\\\/moncompte.actu.fr&quot;,&quot;category&quot;:&quot;mon compte&quot;,&quot;from&quot;:&quot;article footer&quot;,&quot;name&quot;:&quot;Mon actu&quot;,&quot;type&quot;:&quot;cta&quot;}}\" target=\"_blank\">Mon Actu<\/a>.<\/p>\n","protected":false},"excerpt":{"rendered":"Par Agence de presse APEI Publi\u00e9 le 3 oct. 2025 \u00e0 17h05 Les chiens seront \u00e0 l\u2019honneur \u00e0&hellip;\n","protected":false},"author":2,"featured_media":436438,"comment_status":"","ping_status":"","sticky":false,"template":"","format":"standard","meta":{"footnotes":""},"categories":[9619],"tags":[1111,11,1867,4850,1777,674,1011,27,12,882,25,104,2310],"class_list":{"0":"post-436437","1":"post","2":"type-post","3":"status-publish","4":"format-standard","5":"has-post-thumbnail","7":"category-toulon","8":"tag-actu","9":"tag-actualites","10":"tag-animaux","11":"tag-chien","12":"tag-eu","13":"tag-europe","14":"tag-fr","15":"tag-france","16":"tag-news","17":"tag-provence-alpes-cote-dazur","18":"tag-republique-francaise","19":"tag-societe","20":"tag-toulon"},"share_on_mastodon":{"url":"https:\/\/pubeurope.com\/@fr\/115310891161135130","error":""},"_links":{"self":[{"href":"https:\/\/www.europesays.com\/fr\/wp-json\/wp\/v2\/posts\/436437","targetHints":{"allow":["GET"]}}],"collection":[{"href":"https:\/\/www.europesays.com\/fr\/wp-json\/wp\/v2\/posts"}],"about":[{"href":"https:\/\/www.europesays.com\/fr\/wp-json\/wp\/v2\/types\/post"}],"author":[{"embeddable":true,"href":"https:\/\/www.europesays.com\/fr\/wp-json\/wp\/v2\/users\/2"}],"replies":[{"embeddable":true,"href":"https:\/\/www.europesays.com\/fr\/wp-json\/wp\/v2\/comments?post=436437"}],"version-history":[{"count":0,"href":"https:\/\/www.europesays.com\/fr\/wp-json\/wp\/v2\/posts\/436437\/revisions"}],"wp:featuredmedia":[{"embeddable":true,"href":"https:\/\/www.europesays.com\/fr\/wp-json\/wp\/v2\/media\/436438"}],"wp:attachment":[{"href":"https:\/\/www.europesays.com\/fr\/wp-json\/wp\/v2\/media?parent=436437"}],"wp:term":[{"taxonomy":"category","embeddable":true,"href":"https:\/\/www.europesays.com\/fr\/wp-json\/wp\/v2\/categories?post=436437"},{"taxonomy":"post_tag","embeddable":true,"href":"https:\/\/www.europesays.com\/fr\/wp-json\/wp\/v2\/tags?post=436437"}],"curies":[{"name":"wp","href":"https:\/\/api.w.org\/{rel}","templated":true}]}}