{"id":436440,"date":"2025-10-03T15:16:14","date_gmt":"2025-10-03T15:16:14","guid":{"rendered":"https:\/\/www.europesays.com\/fr\/436440\/"},"modified":"2025-10-03T15:16:14","modified_gmt":"2025-10-03T15:16:14","slug":"appeles-pour-des-violences-conjugales-les-policiers-tombent-sur-une-scene-insolite","status":"publish","type":"post","link":"https:\/\/www.europesays.com\/fr\/436440\/","title":{"rendered":"appel\u00e9s pour des violences conjugales, les policiers tombent sur une sc\u00e8ne insolite"},"content":{"rendered":"<p>            Par<br \/>\n        <strong><br \/>\n            <a href=\"https:\/\/actu.fr\/auteur\/lea-pippinato\" title=\"Consulter tous les articles de L\u00e9a Pippinato\" target=\"_blank\" rel=\"noopener\">L\u00e9a Pippinato<\/a><br \/>\n        <\/strong><\/p>\n<p>        Publi\u00e9 le<\/p>\n<p>            3 oct. 2025 \u00e0 16h27        <\/p>\n<p><strong>Ce mercredi 1er octobre 2025<\/strong>, vers 21h40, plusieurs passants contactent la police nationale \u00e0 <strong>Montpellier<\/strong>. Ils racontent qu\u2019un homme frappe une femme \u00e0 coups de pied, puis brandit un couteau pour intimider ceux qui s\u2019approchent. L\u2019intervention est lanc\u00e9e rue du Faubourg Boutonnet, dans le quartier des Beaux Arts.<\/p>\n<p>    <a href=\"https:\/\/www.google.com\/maps\/embed?pb=!1m18!1m12!1m3!1d92466.43203198137!2d3.840409599999999!3d43.594547199999994!2m3!1f0!2f0!3f0!3m2!1i1024!2i768!4f13.1!3m3!1m2!1s0x12b6af052f440f8d%3A0xd4a0daa547e37bb7!2sRue%20du%20Faubourg%20Boutonnet%2C%2034090%20Montpellier!5e0!3m2!1sen!2sfr!4v1759482463846!5m2!1sen!2sfr\" title=\"Ouvrie le lien\" target=\"_blank\" rel=\"noopener\">Cliquez ici pour visualiser le contenu<\/a><\/p>\n<p class=\" wall-content\">Les policiers retrouvent l\u2019individu signal\u00e9. Il se tient devant un immeuble, son tee-shirt tach\u00e9 de marques sombres. Celles-ci font d\u2019abord craindre du sang, mais il s\u2019agit en r\u00e9alit\u00e9 de peinture. Lors du contr\u00f4le, une femme rejoint le groupe. Elle explique avoir perdu une dent \u00e0 la suite d\u2019une dispute avec un ami et refuse les secours. Peu apr\u00e8s, cette m\u00eame femme \u00e9voque un \u00e9pisode diff\u00e9rent. Elle indique avoir \u00e9t\u00e9 mordue par son compagnon, celui-l\u00e0 m\u00eame que les policiers contr\u00f4lent. L\u2019homme, <strong>\u00e2g\u00e9 de 36 ans<\/strong>, porte effectivement un couteau. Il est ivre et aussit\u00f4t interpell\u00e9.<\/p>\n<p>La femme s\u2019oppose aux forces de l\u2019ordre<\/p>\n<p class=\" wall-content\">Au moment de l\u2019arrestation, la situation d\u00e9rape. La compagne du suspect, 38 ans, s\u2019emporte \u00e0 son tour. Elle refuse de rester \u00e0 l\u2019\u00e9cart, puis frappe un policier avec un coup de t\u00eate. Elle est ma\u00eetris\u00e9e et arr\u00eat\u00e9e \u00e0 son tour. Conduit au commissariat, l\u2019homme devient encore plus agressif. Il insulte les fonctionnaires, prof\u00e8re des menaces de mort et tente de porter lui aussi un coup de t\u00eate. Les deux suspects refusent le contr\u00f4le d\u2019alcool\u00e9mie. La police nationale confirme que tous deux \u00e9taient toujours en garde \u00e0 vue<strong> ce jeudi 2 octobre.\u00a0<\/strong><\/p>\n<p class=\" wall-content\">Personnalisez votre actualit\u00e9 en ajoutant vos villes et m\u00e9dias en favori avec <a href=\"https:\/\/moncompte.actu.fr\" title=\"D\u00e9couvez Mon Actu\" rel=\"nofollow noopener\" data-trk=\"{&quot;cta&quot;:{&quot;action&quot;:&quot;https:\\\/\\\/moncompte.actu.fr&quot;,&quot;category&quot;:&quot;mon compte&quot;,&quot;from&quot;:&quot;article footer&quot;,&quot;name&quot;:&quot;Mon actu&quot;,&quot;type&quot;:&quot;cta&quot;}}\" target=\"_blank\">Mon Actu<\/a>.<\/p>\n","protected":false},"excerpt":{"rendered":"Par L\u00e9a Pippinato Publi\u00e9 le 3 oct. 2025 \u00e0 16h27 Ce mercredi 1er octobre 2025, vers 21h40, plusieurs&hellip;\n","protected":false},"author":2,"featured_media":436441,"comment_status":"","ping_status":"","sticky":false,"template":"","format":"standard","meta":{"footnotes":""},"categories":[9599],"tags":[1111,11,1777,674,118,1011,27,303,2208,12,2680,1072,25,798],"class_list":{"0":"post-436440","1":"post","2":"type-post","3":"status-publish","4":"format-standard","5":"has-post-thumbnail","7":"category-montpellier","8":"tag-actu","9":"tag-actualites","10":"tag-eu","11":"tag-europe","12":"tag-faits-divers","13":"tag-fr","14":"tag-france","15":"tag-justice","16":"tag-montpellier","17":"tag-news","18":"tag-occitanie","19":"tag-police","20":"tag-republique-francaise","21":"tag-violences-conjugales"},"share_on_mastodon":{"url":"https:\/\/pubeurope.com\/@fr\/115310899083041189","error":""},"_links":{"self":[{"href":"https:\/\/www.europesays.com\/fr\/wp-json\/wp\/v2\/posts\/436440","targetHints":{"allow":["GET"]}}],"collection":[{"href":"https:\/\/www.europesays.com\/fr\/wp-json\/wp\/v2\/posts"}],"about":[{"href":"https:\/\/www.europesays.com\/fr\/wp-json\/wp\/v2\/types\/post"}],"author":[{"embeddable":true,"href":"https:\/\/www.europesays.com\/fr\/wp-json\/wp\/v2\/users\/2"}],"replies":[{"embeddable":true,"href":"https:\/\/www.europesays.com\/fr\/wp-json\/wp\/v2\/comments?post=436440"}],"version-history":[{"count":0,"href":"https:\/\/www.europesays.com\/fr\/wp-json\/wp\/v2\/posts\/436440\/revisions"}],"wp:featuredmedia":[{"embeddable":true,"href":"https:\/\/www.europesays.com\/fr\/wp-json\/wp\/v2\/media\/436441"}],"wp:attachment":[{"href":"https:\/\/www.europesays.com\/fr\/wp-json\/wp\/v2\/media?parent=436440"}],"wp:term":[{"taxonomy":"category","embeddable":true,"href":"https:\/\/www.europesays.com\/fr\/wp-json\/wp\/v2\/categories?post=436440"},{"taxonomy":"post_tag","embeddable":true,"href":"https:\/\/www.europesays.com\/fr\/wp-json\/wp\/v2\/tags?post=436440"}],"curies":[{"name":"wp","href":"https:\/\/api.w.org\/{rel}","templated":true}]}}