{"id":436444,"date":"2025-10-03T15:18:11","date_gmt":"2025-10-03T15:18:11","guid":{"rendered":"https:\/\/www.europesays.com\/fr\/436444\/"},"modified":"2025-10-03T15:18:11","modified_gmt":"2025-10-03T15:18:11","slug":"rouen-le-fury-defendu-un-lieu-de-culture-et-de-fete-ouvre-enfin-ses-portes-quai-pierre-corneille","status":"publish","type":"post","link":"https:\/\/www.europesays.com\/fr\/436444\/","title":{"rendered":"Rouen. Le Fury D\u00e9fendu, \u00ab\u00a0un lieu de culture et de f\u00eate\u00a0\u00bb ouvre enfin ses portes quai Pierre Corneille"},"content":{"rendered":"<p melodystyle=\"texte\">Soulag\u00e9s mais \u00e9puis\u00e9s plus de trois ans apr\u00e8s le lancement du projet, <a href=\"https:\/\/www.tendanceouest.com\/actualite-424161-rouen-une-nouvelle-salle-de-concert-a-la-place-de-la-taverne-de-thor\" target=\"_blank\" rel=\"nofollow noopener\">les patrons du Fury Bar \u00e0 Rouen\u00a0ouvrent enfin leur\u00a0Fury D\u00e9fendu\u00a0quai Pierre Corneille<\/a>, jeudi 1er\u00a0octobre, pour le plus grand plaisir des nostalgiques de l&rsquo;ancienne Taverne de Thor. L&rsquo;ouverture de ce nouveau bar-concert\u00a0accuse pr\u00e8s de 10 mois de retard. En cause, des complications dans les travaux et surtout une volont\u00e9 de refaire tout le lieu de fond en comble.<\/p>\n<p>Une d\u00e9coration particuli\u00e8rement soign\u00e9e<\/p>\n<p melodystyle=\"texte\">Les g\u00e9rants ont particuli\u00e8rement soign\u00e9 la d\u00e9coration inspir\u00e9e de leurs passions pour les films post-apocalyptique. Au milieu de la salle, le grand arbre\u00a0blanc partant de la sc\u00e8ne jusqu&rsquo;\u00e0 l&rsquo;\u00e9tage sert de vitrine \u00e0 ce lieu atypique.\u00a0\u00ab\u00a0C&rsquo;est l&rsquo;arbre magique\u00a0\u00bb, s&rsquo;amuse Eric Pariche, le co-g\u00e9rant du <a href=\"https:\/\/www.facebook.com\/profile.php?id=61576416860967\" target=\"_blank\" rel=\"nofollow noopener\">Fury D\u00e9fendu<\/a> avec Baptiste Magnan. Ce dernier, graphiste et sculpteur, a dessin\u00e9 les plans de cette grande sculpture. \u00ab\u00a0On a d\u00e9lir\u00e9 sur le th\u00e8me de la Gen\u00e8se, le serpent, Adam et Eve, l&rsquo;arbre de vie, le fruit d\u00e9fendu etc. \u00c7a nous a inspir\u00e9 cette d\u00e9co.\u00a0\u00bb<\/p>\n<p>Une attention particuli\u00e8re \u00ab\u00a0aux artistes r\u00e9gionaux\u00a0\u00bb<\/p>\n<p melodystyle=\"texte\">Les deux patrons ont fait appel \u00e0 un ferronnier d&rsquo;art pour les garde-corps et rampes d&rsquo;escaliers sur mesure. Le graffeur rouennais DHOA, lui, s&rsquo;est occup\u00e9 des d\u00e9corations sur les murs. En termes de musique, le Fury D\u00e9fendu se veut \u00e9clectique avec une programmation assez large et une attention toute particuli\u00e8re \u00ab\u00a0aux\u00a0artistes r\u00e9gionaux\u00a0\u00bb. C&rsquo;est tout l&rsquo;int\u00e9r\u00eat du lieu\u00a0: proposer aux\u00a0musiciens une sc\u00e8ne interm\u00e9diaire entre \u00ab\u00a0le bar qui a une petite cave et o\u00f9 il est difficile de jouer et les plus grosses salles de concerts comme <a href=\"https:\/\/www.tendanceouest.com\/actualite-431902-rouen-concerts-complets-artistes-rares-le-106-seduit-pour-cette-fin-d-annee\" target=\"_blank\" rel=\"nofollow noopener\">le 106<\/a>\u00ab\u00a0, explique Eric Pariche, chanteur d&rsquo;op\u00e9ra depuis 19 ans. \u00ab\u00a0Je fais souvent la tourn\u00e9e des villes de provinces et ce sont des lieux qui manquent.\u00a0\u00bb<\/p>\n<p melodystyle=\"texte\"><b>\u2022 A lire aussi.\u00a0<\/b><a href=\"https:\/\/www.tendanceouest.com\/actualite-432109-rouen-concerts-subventions-comment-les-artistes-se-professionnalisent\" target=\"_blank\" rel=\"nofollow noopener\">Rouen. Concerts, subventions\u2026 Comment les artistes se professionnalisent\u00a0?<\/a><\/p>\n<p>Des\u00a0artistes nationaux et voire internationaux\u00a0?<\/p>\n<p melodystyle=\"texte\">Mais les g\u00e9rants\u00a0pr\u00e9voient aussi de faire vivre le lieu au rythme d&rsquo;artistes nationaux et pourquoi pas internationaux. Quelques noms sont d\u00e9j\u00e0 programm\u00e9s tels que Didier Super, G\u00e9rard Baste (Svinkels) ou encore Loco Muerte attendu vendredi 3\u00a0octobre pour le premier concert payant du Fury D\u00e9fendu. Pour autant, la majorit\u00e9 des spectacles seront gratuits pour les spectateurs \u00e0 raison de plusieurs shows par semaine.<\/p>\n<p>\u00ab\u00a0Un lieu de culture et de f\u00eate\u00a0\u00bb<\/p>\n<p melodystyle=\"texte\">\u00ab\u00a0C&rsquo;est un lieu de culture et de f\u00eate en g\u00e9n\u00e9ral, pr\u00e9cise Eric Pariche. On peut penser \u00e0 des spectacles\u00a0de marionnettes, des spectacles de drag-queen, et on a probablement le championnat de France d&rsquo;Air Guitar qui va faire\u00a0un show ici.\u00a0\u00bb\u00a0Le Fury Bar, situ\u00e9 au niveau de la\u00a0place de la Basse Vielle Tour, va continuer son activit\u00e9 en parall\u00e8le avec une programmation d\u00e9di\u00e9e qui pourra faire le lien parfois avec la plus grosse sc\u00e8ne du Fury D\u00e9fendu. \u00ab\u00a0Cela pourrait \u00eatre une forme de tremplin pour les artistes\u00a0\u00bb, poursuit le g\u00e9rant.<\/p>\n","protected":false},"excerpt":{"rendered":"Soulag\u00e9s mais \u00e9puis\u00e9s plus de trois ans apr\u00e8s le lancement du projet, les patrons du Fury Bar \u00e0&hellip;\n","protected":false},"author":2,"featured_media":436445,"comment_status":"","ping_status":"","sticky":false,"template":"","format":"standard","meta":{"footnotes":""},"categories":[9587],"tags":[1111,11,1777,674,1011,27,12,5161,25,9590],"class_list":{"0":"post-436444","1":"post","2":"type-post","3":"status-publish","4":"format-standard","5":"has-post-thumbnail","7":"category-rouen","8":"tag-actu","9":"tag-actualites","10":"tag-eu","11":"tag-europe","12":"tag-fr","13":"tag-france","14":"tag-news","15":"tag-normandie","16":"tag-republique-francaise","17":"tag-rouen"},"share_on_mastodon":{"url":"https:\/\/pubeurope.com\/@fr\/115310906792807639","error":""},"_links":{"self":[{"href":"https:\/\/www.europesays.com\/fr\/wp-json\/wp\/v2\/posts\/436444","targetHints":{"allow":["GET"]}}],"collection":[{"href":"https:\/\/www.europesays.com\/fr\/wp-json\/wp\/v2\/posts"}],"about":[{"href":"https:\/\/www.europesays.com\/fr\/wp-json\/wp\/v2\/types\/post"}],"author":[{"embeddable":true,"href":"https:\/\/www.europesays.com\/fr\/wp-json\/wp\/v2\/users\/2"}],"replies":[{"embeddable":true,"href":"https:\/\/www.europesays.com\/fr\/wp-json\/wp\/v2\/comments?post=436444"}],"version-history":[{"count":0,"href":"https:\/\/www.europesays.com\/fr\/wp-json\/wp\/v2\/posts\/436444\/revisions"}],"wp:featuredmedia":[{"embeddable":true,"href":"https:\/\/www.europesays.com\/fr\/wp-json\/wp\/v2\/media\/436445"}],"wp:attachment":[{"href":"https:\/\/www.europesays.com\/fr\/wp-json\/wp\/v2\/media?parent=436444"}],"wp:term":[{"taxonomy":"category","embeddable":true,"href":"https:\/\/www.europesays.com\/fr\/wp-json\/wp\/v2\/categories?post=436444"},{"taxonomy":"post_tag","embeddable":true,"href":"https:\/\/www.europesays.com\/fr\/wp-json\/wp\/v2\/tags?post=436444"}],"curies":[{"name":"wp","href":"https:\/\/api.w.org\/{rel}","templated":true}]}}