{"id":436446,"date":"2025-10-03T15:20:22","date_gmt":"2025-10-03T15:20:22","guid":{"rendered":"https:\/\/www.europesays.com\/fr\/436446\/"},"modified":"2025-10-03T15:20:22","modified_gmt":"2025-10-03T15:20:22","slug":"pres-de-grenoble-contre-les-dealers-qui-squattent-devant-lecole-cette-mairie-passe-a-laction","status":"publish","type":"post","link":"https:\/\/www.europesays.com\/fr\/436446\/","title":{"rendered":"Pr\u00e8s de Grenoble. Contre les dealers qui squattent devant l&rsquo;\u00e9cole, cette mairie passe \u00e0 l&rsquo;action"},"content":{"rendered":"<p>            Par<br \/>\n        <strong><br \/>\n            <a href=\"https:\/\/actu.fr\/auteur\/lisa-rodrigues\" title=\"Consulter tous les articles de Lisa Rodrigues\" rel=\"nofollow noopener\" target=\"_blank\">Lisa Rodrigues<\/a><br \/>\n        <\/strong><\/p>\n<p>        Publi\u00e9 le<\/p>\n<p>            3 oct. 2025 \u00e0 15h32        <\/p>\n<p>Des enfants <a href=\"https:\/\/actu.fr\/auvergne-rhone-alpes\/echirolles_38151\/pres-de-grenoble-les-enfants-de-cette-ecole-prives-de-cantine-a-cause-d-un-point-de-deal_61912238.html\" rel=\"nofollow noopener\" target=\"_blank\">priv\u00e9s de cantine \u00e0 cause de dealers<\/a> post\u00e9s sur le chemin du r\u00e9fectoire. C\u2019est la situation face \u00e0 laquelle se sont retrouv\u00e9s les \u00e9l\u00e8ves de l\u2019\u00e9cole maternelle Elsa-Triolet \u00e0 \u00c9chirolles, pr\u00e8s de <a href=\"https:\/\/actu.fr\/auvergne-rhone-alpes\/grenoble_38185\" rel=\"nofollow noopener\" target=\"_blank\">Grenoble<\/a>, pendant plusieurs semaines en 2024.<\/p>\n<p class=\" wall-content\">C\u2019est \u00e0 proximit\u00e9 imm\u00e9diate de l\u2019\u00e9tablissement et sur la passerelle habituellement utilis\u00e9e par les \u00e9coliers pour aller manger le midi que des guetteurs ont \u00e9lu domicile. De <strong>nombreuses op\u00e9rations de police<\/strong> les ont en partie d\u00e9log\u00e9s, et un nouvel outil va les aider \u00e0 surveiller la zone : une cam\u00e9ra de vid\u00e9oprotection.<\/p>\n<p class=\" wall-content\">\u00ab\u00a0On s\u2019est engag\u00e9 \u00e0 en mettre une devant l\u2019\u00e9cole\u00a0\u00bb, souligne Amandine Demore, maire communiste d\u2019\u00c9chirolles.<\/p>\n<p>    <a href=\"https:\/\/www.google.com\/maps\/embed?pb=!1m18!1m12!1m3!1d5626.940113354397!2d5.718120775021786!3d45.15733047107057!2m3!1f0!2f0!3f0!3m2!1i1024!2i768!4f13.1!3m3!1m2!1s0x478af4b34286686b%3A0x66d61cc4a0b5b3c0!2secole%20maternelle%20Elsa%20triolet!5e0!3m2!1sfr!2sfr!4v1759496417092!5m2!1sfr!2sfr\" title=\"Ouvrie le lien\" rel=\"nofollow noopener\" target=\"_blank\">Cliquez ici pour visualiser le contenu<\/a><\/p>\n<p>\u00ab\u00a0\u00c7a n\u2019a rien de magique, mais c\u2019est un outil suppl\u00e9mentaire\u00a0\u00bb<\/p>\n<p class=\" wall-content\">Certes, depuis le d\u00e9but de l\u2019ann\u00e9e scolaire, aucun incident n\u2019a \u00e9t\u00e9 d\u00e9plor\u00e9. \u00ab\u00a0Il y a une pr\u00e9sence de la police nationale et de la police municipale autour de l\u2019\u00e9cole\u00a0\u00bb, rappelle l\u2019\u00e9dile. La cam\u00e9ra vient en compl\u00e9ment de cette pr\u00e9sence humaine.\u00a0<\/p>\n<p class=\" wall-content\">Pour autant, l\u2019\u00e9lue reste <strong>r\u00e9aliste<\/strong> quant aux effets de la vid\u00e9oprotection sur l\u2019activit\u00e9 du narcotrafic.<\/p>\n<blockquote class=\"ac-article-quote wall-content\">\n<p>Les cam\u00e9ras, \u00e7a n&rsquo;a rien de magique, mais c&rsquo;est un outil suppl\u00e9mentaire. \u00c7a s\u00e9curise aussi l&rsquo;intervention des forces de l&rsquo;ordre et \u00e7a aide beaucoup au travail d&rsquo;enqu\u00eate de la police nationale. On a d&rsquo;ailleurs de plus en plus de r\u00e9quisitions en ce sens.<\/p>\n<p>    <strong>Amandine Demore<\/strong><br \/>\n        Maire d&rsquo;\u00c9chirolles    <\/p><\/blockquote>\n<p>Votre r\u00e9gion, votre actu !<\/p>\n<p>Recevez chaque jour les infos qui comptent pour vous.<\/p>\n<p>\t<a href=\"https:\/\/actu.fr\/newsletter\" class=\"ac-btn ac-btn--corner ac-btn--medium ac-btn--blue800\" rel=\"nofollow noopener\" target=\"_blank\">S&rsquo;incrire<\/a><\/p>\n<p class=\" wall-content\">Des cam\u00e9ras qui ont \u00e9t\u00e9 tr\u00e8s utiles encore quelques semaines en arri\u00e8re, lorsqu\u2019un \u00e9l\u00e8ve a \u00e9t\u00e9 <a href=\"https:\/\/actu.fr\/auvergne-rhone-alpes\/echirolles_38151\/pres-de-grenoble-un-adolescent-poignarde-a-proximite-d-un-lycee-ce-que-l-on-sait_62525545.html\" rel=\"nofollow noopener\" target=\"_blank\">poignard\u00e9 \u00e0 la sortie du lyc\u00e9e Marie-Curie<\/a>. Les images des cam\u00e9ras \u00e0 proximit\u00e9 ont permis aux enqu\u00eateurs d\u2019identifier rapidement les suspects et de les interpeler.<\/p>\n<p>Trois autres nouvelles cam\u00e9ras pr\u00e9vues<\/p>\n<p class=\" wall-content\">Cette installation de cam\u00e9ra pr\u00e8s de l\u2019\u00e9cole maternelle fait partie de la troisi\u00e8me phase d\u2019expansion du parc de vid\u00e9oprotection pendant ce mandat. Trois autres cam\u00e9ras vont \u00e9galement \u00eatre install\u00e9es (passerelle Carmagnole, parking de la Rampe et rue Albert-Londres).<\/p>\n<p class=\" wall-content\">Le tout repr\u00e9sente un investissement de <strong>214 000 \u20ac<\/strong>, dont 139 000 \u20ac de reste \u00e0 charge pour la mairie, apr\u00e8s d\u00e9duction des aides de l\u2019\u00c9tat, de la R\u00e9gion et du D\u00e9partement.<\/p>\n<p class=\" wall-content\">Et pour \u00e9viter tout d\u00e9sagr\u00e9ment ou d\u00e9gradation des cam\u00e9ras, la municipalit\u00e9 d\u2019<a href=\"https:\/\/actu.fr\/auvergne-rhone-alpes\/echirolles_38151\" rel=\"nofollow noopener\" target=\"_blank\">\u00c9chirolles<\/a> a pens\u00e9 \u00e0 tout. \u00ab\u00a0On les installe de mani\u00e8re de plus en plus s\u00fbre. Celles-ci seront sur des m\u00e2ts en b\u00e9ton\u00a0\u00bb, bien plus compliqu\u00e9s \u00e0 faire tomber que les m\u00e2ts classiques, \u00ab\u00a0et sans trappe accessible\u00a0\u00bb, indique Amandine Demore.<\/p>\n<p class=\" wall-content\">La Ville compte d\u00e9sormais <strong>une centaine de cam\u00e9ras<\/strong> de vid\u00e9oprotection.<\/p>\n<p class=\" wall-content\">Si aucune autre installation ne devrait survenir avant les municipales, la mairie ne ferme pas la porte \u00e0 de nouvelles expansions de la vid\u00e9oprotection lors du mandat suivant. \u00ab\u00a0C\u2019est aussi une demande des habitants.\u00a0\u00bb<\/p>\n<p class=\" wall-content\">Personnalisez votre actualit\u00e9 en ajoutant vos villes et m\u00e9dias en favori avec <a href=\"https:\/\/moncompte.actu.fr\" title=\"D\u00e9couvez Mon Actu\" rel=\"nofollow noopener\" data-trk=\"{&quot;cta&quot;:{&quot;action&quot;:&quot;https:\\\/\\\/moncompte.actu.fr&quot;,&quot;category&quot;:&quot;mon compte&quot;,&quot;from&quot;:&quot;article footer&quot;,&quot;name&quot;:&quot;Mon actu&quot;,&quot;type&quot;:&quot;cta&quot;}}\" target=\"_blank\">Mon Actu<\/a>.<\/p>\n","protected":false},"excerpt":{"rendered":"Par Lisa Rodrigues Publi\u00e9 le 3 oct. 2025 \u00e0 15h32 Des enfants priv\u00e9s de cantine \u00e0 cause de&hellip;\n","protected":false},"author":2,"featured_media":436447,"comment_status":"","ping_status":"","sticky":false,"template":"","format":"standard","meta":{"footnotes":""},"categories":[9566],"tags":[1111,11,2430,1777,674,1011,27,2731,12,25,104,10819,7939],"class_list":{"0":"post-436446","1":"post","2":"type-post","3":"status-publish","4":"format-standard","5":"has-post-thumbnail","7":"category-grenoble","8":"tag-actu","9":"tag-actualites","10":"tag-auvergne-rhone-alpes","11":"tag-eu","12":"tag-europe","13":"tag-fr","14":"tag-france","15":"tag-grenoble","16":"tag-news","17":"tag-republique-francaise","18":"tag-societe","19":"tag-videoprotection","20":"tag-videosurveillance"},"share_on_mastodon":{"url":"https:\/\/pubeurope.com\/@fr\/115310914743588096","error":""},"_links":{"self":[{"href":"https:\/\/www.europesays.com\/fr\/wp-json\/wp\/v2\/posts\/436446","targetHints":{"allow":["GET"]}}],"collection":[{"href":"https:\/\/www.europesays.com\/fr\/wp-json\/wp\/v2\/posts"}],"about":[{"href":"https:\/\/www.europesays.com\/fr\/wp-json\/wp\/v2\/types\/post"}],"author":[{"embeddable":true,"href":"https:\/\/www.europesays.com\/fr\/wp-json\/wp\/v2\/users\/2"}],"replies":[{"embeddable":true,"href":"https:\/\/www.europesays.com\/fr\/wp-json\/wp\/v2\/comments?post=436446"}],"version-history":[{"count":0,"href":"https:\/\/www.europesays.com\/fr\/wp-json\/wp\/v2\/posts\/436446\/revisions"}],"wp:featuredmedia":[{"embeddable":true,"href":"https:\/\/www.europesays.com\/fr\/wp-json\/wp\/v2\/media\/436447"}],"wp:attachment":[{"href":"https:\/\/www.europesays.com\/fr\/wp-json\/wp\/v2\/media?parent=436446"}],"wp:term":[{"taxonomy":"category","embeddable":true,"href":"https:\/\/www.europesays.com\/fr\/wp-json\/wp\/v2\/categories?post=436446"},{"taxonomy":"post_tag","embeddable":true,"href":"https:\/\/www.europesays.com\/fr\/wp-json\/wp\/v2\/tags?post=436446"}],"curies":[{"name":"wp","href":"https:\/\/api.w.org\/{rel}","templated":true}]}}