{"id":436448,"date":"2025-10-03T15:21:17","date_gmt":"2025-10-03T15:21:17","guid":{"rendered":"https:\/\/www.europesays.com\/fr\/436448\/"},"modified":"2025-10-03T15:21:17","modified_gmt":"2025-10-03T15:21:17","slug":"un-sondage-revele-une-candidate-favorite-pour-succeder-a-eric-piolle","status":"publish","type":"post","link":"https:\/\/www.europesays.com\/fr\/436448\/","title":{"rendered":"un sondage r\u00e9v\u00e8le une candidate favorite pour succ\u00e9der \u00e0 Eric Piolle"},"content":{"rendered":"<p>            Par<br \/>\n        <strong><br \/>\n            <a href=\"https:\/\/actu.fr\/auteur\/julien-sournies\" title=\"Consulter tous les articles de Julien Sournies\" target=\"_blank\" rel=\"noopener\">Julien Sournies<\/a><br \/>\n        <\/strong><\/p>\n<p>        Publi\u00e9 le<\/p>\n<p>            3 oct. 2025 \u00e0 15h18        <\/p>\n<p>Qui pour <a href=\"https:\/\/actu.fr\/auvergne-rhone-alpes\/grenoble_38185\/municipales-a-grenoble-bazar-pour-succeder-a-eric-piolle-crise-chez-les-ecologistes_63166777.html\" target=\"_blank\" rel=\"noopener\">succ\u00e9der \u00e0 \u00c9ric Piolle<\/a> (Les \u00c9cologistes) \u00e0 la mairie de <a href=\"https:\/\/actu.fr\/grenoble\/\" target=\"_blank\" rel=\"noopener\">Grenoble<\/a> en mars\u00a02026\u2009? Alors que les<strong> \u00e9lections municipales<\/strong> approchent \u00e0 grands pas, les premi\u00e8res tendances viennent d\u2019\u00eatre d\u00e9voil\u00e9es dans la capitale des Alpes, \u00e0 un peu moins de six mois du scrutin.<\/p>\n<p class=\" wall-content\">Dans un sondage men\u00e9 par l\u2019Institut Cluster 17 et publi\u00e9 par l\u2019association d\u00e9mocratie-\u00e9cologie-solidarit\u00e9 (Ades) sur son site internet ce vendredi 3\u00a0octobre, les intentions de vote au premier tour \u00e0 Grenoble sont d\u00e9sormais connues.<\/p>\n<p class=\" wall-content\">Ce qu\u2019il faut retenir.<\/p>\n<p>L\u2019union des gauches largement en t\u00eate<\/p>\n<p class=\" wall-content\">Au total, deux configurations, avec des listes et des \u00e9tiquettes imagin\u00e9es par le sondeur, ont \u00e9t\u00e9 test\u00e9es aupr\u00e8s des Grenoblois. Le premier scenario fait \u00e9tat d\u2019une <strong>alliance des partis de gauche<\/strong>, incluant par ailleurs La France Insoumise, dont la liste est men\u00e9e par Laurence Ruffin, <a href=\"https:\/\/actu.fr\/auvergne-rhone-alpes\/grenoble_38185\/grenoble-laurence-ruffin-candidate-ecologiste-veut-etre-en-rupture-d-eric-piolle_63216935.html\" target=\"_blank\" rel=\"noopener\">fra\u00eechement candidate<\/a> aux municipales.<\/p>\n<p class=\" wall-content\">Face \u00e0 elle, on retrouve l\u2019ancien maire <a href=\"https:\/\/actu.fr\/auvergne-rhone-alpes\/grenoble_38185\/municipales-2026-a-grenoble-alain-carignon-est-candidat-les-grenoblois-meritent-le-meilleur_62735518.html\" target=\"_blank\" rel=\"noopener\">Alain Carignon<\/a>, candidat sans \u00e9tiquette mais soutenu par Les R\u00e9publicains et Divers droite, <a href=\"https:\/\/actu.fr\/auvergne-rhone-alpes\/grenoble_38185\/municipales-2026-qui-est-herve-gerbi-le-premier-candidat-a-la-mairie-de-grenoble_62539289.html\" target=\"_blank\" rel=\"noopener\">Herv\u00e9 Gerbi<\/a> (Horizons), \u00c9milie Chalas (Renaissance et MoDem) et Valentin Gabriac (RN et UDR).<\/p>\n<p class=\" wall-content\">Et le r\u00e9sultat de cette premi\u00e8re hypoth\u00e8se, dont les avis de 389\u00a0personnes ont \u00e9t\u00e9 retenus par le sondeur, donne, sans surprise, l\u2019union des gauches largement favorite, r\u00e9coltant <strong>45\u2009% des suffrages<\/strong>. En deuxi\u00e8me position, on retrouve la<strong> liste d\u2019Alain Carignon<\/strong>, avec 24\u2009% des voix obtenues. Suivent, dans l\u2019ordre, les listes d\u2019\u00c9milie Chalas (14\u2009%), Herv\u00e9 Gerbi (9\u2009%) et Valentin Gabriac (8\u2009%).<\/p>\n<p>    <img   decoding=\"async\" loading=\"lazy\" src=\"https:\/\/www.europesays.com\/fr\/wp-content\/uploads\/2025\/10\/resultat-1er-tour-hyp-1-960x640.png\" alt=\"La liste\" width=\"960\" height=\"640\"\/><br \/>\n    Le r\u00e9sultat de cette premi\u00e8re hypoth\u00e8se, dont les avis de 389\u00a0personnes ont \u00e9t\u00e9 retenus par le sondeur, donne, sans surprise, l\u2019union des gauches largement favorite, r\u00e9coltant 45\u2009% des suffrages. (\u00a9Capture Ades)<\/p>\n<p>Votre r\u00e9gion, votre actu !<\/p>\n<p>Recevez chaque jour les infos qui comptent pour vous.<\/p>\n<p>\t<a href=\"https:\/\/actu.fr\/newsletter\" class=\"ac-btn ac-btn--corner ac-btn--medium ac-btn--blue800\" target=\"_blank\" rel=\"noopener\">S&rsquo;incrire<\/a><br \/>\nUn deuxi\u00e8me scenario bien plus \u00ab\u2009r\u00e9aliste\u2009\u00bb<\/p>\n<p class=\" wall-content\">Si la premi\u00e8re hypoth\u00e8se positionne les forces de gauche largement en t\u00eate au premier tour, la seconde configuration test\u00e9e semble plus r\u00e9aliste. Celle-ci fait de nouveau \u00e9tat d\u2019une union des gauches, toujours men\u00e9e par Laurence Ruffin, mais cette fois-ci <strong>sans le soutien de La France Insoumise<\/strong>.<\/p>\n<p class=\" wall-content\">Comme annonc\u00e9 il y a une dizaine de jours, LFI, avec Allan Brunon comme candidat, a en effet choisi de faire<a href=\"https:\/\/actu.fr\/auvergne-rhone-alpes\/grenoble_38185\/municipales-a-grenoble-lfi-lance-sa-propre-liste-sans-les-ecologistes-d-eric-piolle_63194295.html\" target=\"_blank\" rel=\"noopener\"> cavalier seul pour les municipales de 2026<\/a>. Dans ce second sc\u00e9nario, on retrouve encore Alain Carignon (LR et DVD), Herv\u00e9 Gerbi (Horizons), \u00c9milie Chalas (Renaissance et MoDem) et Valentin Gabriac (RN et UDR).<\/p>\n<p class=\" wall-content\">\u00c0 noter qu\u2019un autre candidat a \u00e9galement \u00e9t\u00e9 ajout\u00e9 par le sondeur\u2009: <a href=\"https:\/\/actu.fr\/auvergne-rhone-alpes\/grenoble_38185\/grenoble-voici-les-candidats-prets-a-remplacer-eric-piolle-des-surprises-possibles_63109106.html\" target=\"_blank\" rel=\"noopener\">Romain Gentil<\/a>, d\u00e9fini sous l\u2019\u00e9tiquette Place Publique.<\/p>\n<p>M\u00e9thodologie<\/p>\n<p>Le sondage a \u00e9t\u00e9 r\u00e9alis\u00e9 aupr\u00e8s d\u2019un \u00e9chantillon de 505 personnes inscrites sur les listes \u00e9lectorales issu d\u2019un \u00e9chantillon de 618 personnes repr\u00e9sentatives de la population grenobloise. Parmi elles, 439 r\u00e9pondants ont exprim\u00e9 une intention de vote pour le sc\u00e9nario 1 du 1er tour et 457 r\u00e9pondants ont exprim\u00e9 une intention de vote pour le sc\u00e9nario 2 du 1er tour. <\/p>\n<p>Apr\u00e8s redressement et pond\u00e9ration en fonction des variables socio-d\u00e9mographiques et de la probabilit\u00e9 de vote, l\u2019effectif utile est de 389 personnes pour le sc\u00e9nario 1 du 1er tour et de 409 personnes pour le sc\u00e9nario 2 du 1er tour. L\u2019\u00e9chantillon est r\u00e9alis\u00e9 selon la m\u00e9thode des quotas, au regard des crit\u00e8res de sexe, d\u2019\u00e2ge, de cat\u00e9gorie socioprofessionnelle et d\u2019arrondissement de r\u00e9sidence. <\/p>\n<p>L\u2019enqu\u00eate a fait l\u2019objet d\u2019un redressement sociod\u00e9mographique (donn\u00e9es INSEE) et d\u2019un redressement politique sur la base de la reconstitution des votes suivants : premier tour de la Pr\u00e9sidentielle 2022, premier tour des Municipales 2020 et les Europ\u00e9ennes de 2024.<\/p>\n<p>Une union des gauches moins souveraine<\/p>\n<p class=\" wall-content\">Malgr\u00e9 l\u2019arriv\u00e9e de deux nouveaux pr\u00e9tendants, c\u2019est toujours la liste de Laurence Ruffin qui arrive en t\u00eate au premier tour, avec <strong>31\u2009% des voix<\/strong>. Mais son avance s\u2019est largement r\u00e9duite, puisque la liste d\u2019Alain Carignon, toujours deuxi\u00e8me, obtient 22\u2009% des suffrages dans ce scenario.<\/p>\n<p class=\" wall-content\">En cause\u2009? La pr\u00e9sence de la liste LFI, laquelle affaiblit l\u2019union des gauches, avec ses <strong>12\u2009%<\/strong> r\u00e9colt\u00e9s dans le sondage. Suivent les listes d\u2019\u00c9milie Chalas (11\u2009%), Romain Gentil (9\u2009%), Valentin Gabriac (8\u2009%) et Herv\u00e9 Gerbi (7\u2009%).<\/p>\n<p>    <img   decoding=\"async\" loading=\"lazy\" src=\"https:\/\/www.europesays.com\/fr\/wp-content\/uploads\/2025\/10\/resultat-2-960x640.png\" alt=\"fhgn\" width=\"960\" height=\"640\"\/><br \/>\n    Malgr\u00e9 l\u2019arriv\u00e9e de deux nouveaux pr\u00e9tendants, c\u2019est toujours la liste de Laurence Ruffin qui arrive en t\u00eate au premier tour, avec 31\u2009% des voix. (\u00a9Capture Ades)<\/p>\n<p class=\" wall-content\">Pour rappel, m\u00eame si ces deux scenarii sourient actuellement \u00e0 la coalition de la gauche, les sondages de ce type contiennent certaines impr\u00e9cisions statistiques, lesquelles peuvent toujours \u00e9voluer. D\u2019autant plus qu\u2019il peut y avoir une dissolution avant les \u00e9lections municipales, ce qui peut changer la donne de la politique locale.<\/p>\n<p class=\" wall-content\">Personnalisez votre actualit\u00e9 en ajoutant vos villes et m\u00e9dias en favori avec <a href=\"https:\/\/moncompte.actu.fr\" title=\"D\u00e9couvez Mon Actu\" rel=\"nofollow noopener\" data-trk=\"{&quot;cta&quot;:{&quot;action&quot;:&quot;https:\\\/\\\/moncompte.actu.fr&quot;,&quot;category&quot;:&quot;mon compte&quot;,&quot;from&quot;:&quot;article footer&quot;,&quot;name&quot;:&quot;Mon actu&quot;,&quot;type&quot;:&quot;cta&quot;}}\" target=\"_blank\">Mon Actu<\/a>.<\/p>\n","protected":false},"excerpt":{"rendered":"Par Julien Sournies Publi\u00e9 le 3 oct. 2025 \u00e0 15h18 Qui pour succ\u00e9der \u00e0 \u00c9ric Piolle (Les \u00c9cologistes)&hellip;\n","protected":false},"author":2,"featured_media":436449,"comment_status":"","ping_status":"","sticky":false,"template":"","format":"standard","meta":{"footnotes":""},"categories":[9566],"tags":[1111,11,2430,4188,9607,1777,674,1011,27,2731,3434,12,316,25,11243],"class_list":{"0":"post-436448","1":"post","2":"type-post","3":"status-publish","4":"format-standard","5":"has-post-thumbnail","7":"category-grenoble","8":"tag-actu","9":"tag-actualites","10":"tag-auvergne-rhone-alpes","11":"tag-elections-municipales","12":"tag-eric-piolle","13":"tag-eu","14":"tag-europe","15":"tag-fr","16":"tag-france","17":"tag-grenoble","18":"tag-municipales-2026","19":"tag-news","20":"tag-politique","21":"tag-republique-francaise","22":"tag-sondages"},"share_on_mastodon":{"url":"https:\/\/pubeurope.com\/@fr\/115310919183789195","error":""},"_links":{"self":[{"href":"https:\/\/www.europesays.com\/fr\/wp-json\/wp\/v2\/posts\/436448","targetHints":{"allow":["GET"]}}],"collection":[{"href":"https:\/\/www.europesays.com\/fr\/wp-json\/wp\/v2\/posts"}],"about":[{"href":"https:\/\/www.europesays.com\/fr\/wp-json\/wp\/v2\/types\/post"}],"author":[{"embeddable":true,"href":"https:\/\/www.europesays.com\/fr\/wp-json\/wp\/v2\/users\/2"}],"replies":[{"embeddable":true,"href":"https:\/\/www.europesays.com\/fr\/wp-json\/wp\/v2\/comments?post=436448"}],"version-history":[{"count":0,"href":"https:\/\/www.europesays.com\/fr\/wp-json\/wp\/v2\/posts\/436448\/revisions"}],"wp:featuredmedia":[{"embeddable":true,"href":"https:\/\/www.europesays.com\/fr\/wp-json\/wp\/v2\/media\/436449"}],"wp:attachment":[{"href":"https:\/\/www.europesays.com\/fr\/wp-json\/wp\/v2\/media?parent=436448"}],"wp:term":[{"taxonomy":"category","embeddable":true,"href":"https:\/\/www.europesays.com\/fr\/wp-json\/wp\/v2\/categories?post=436448"},{"taxonomy":"post_tag","embeddable":true,"href":"https:\/\/www.europesays.com\/fr\/wp-json\/wp\/v2\/tags?post=436448"}],"curies":[{"name":"wp","href":"https:\/\/api.w.org\/{rel}","templated":true}]}}