{"id":436451,"date":"2025-10-03T15:23:14","date_gmt":"2025-10-03T15:23:14","guid":{"rendered":"https:\/\/www.europesays.com\/fr\/436451\/"},"modified":"2025-10-03T15:23:14","modified_gmt":"2025-10-03T15:23:14","slug":"un-gang-qui-braquait-des-camions-de-livraison-de-tabac-demantele","status":"publish","type":"post","link":"https:\/\/www.europesays.com\/fr\/436451\/","title":{"rendered":"Un gang qui braquait des camions de livraison de tabac d\u00e9mantel\u00e9"},"content":{"rendered":"<p>Leur technique \u00e9tait bien rod\u00e9e. Apr\u00e8s plusieurs mois d\u2019enqu\u00eate de la Division de la criminalit\u00e9 organis\u00e9e et sp\u00e9cialis\u00e9e (DCOS) de Rennes, un gang de braqueurs <a href=\"https:\/\/www.20minutes.fr\/dossier\/tabac\" class=\"c-link c-link--is-underlined\" target=\"_blank\" rel=\"noopener\">de tabac<\/a> a \u00e9t\u00e9 d\u00e9mantel\u00e9 en d\u00e9but de semaine avec l\u2019interpellation de sept individus, a-t-on appris de source polici\u00e8re. Ils sont soup\u00e7onn\u00e9s de plusieurs attaques violentes ces derniers mois sur les communes de Rennes, Chantepie, Le Rheu, Foug\u00e8res ainsi que dans les C\u00f4tes-d\u2019Armor.<\/p>\n<\/p>\n<p>Agissant t\u00f4t le matin, ils <a href=\"https:\/\/www.20minutes.fr\/dossier\/braquage\" class=\"c-link c-link--is-underlined\" target=\"_blank\" rel=\"noopener\">braquaient<\/a> les chauffeurs des camions de livraison de cigarettes avant leur arriv\u00e9e chez les buralistes et emportaient \u00e0 chaque fois des dizaines de cartons remplis de cartouches. Le pr\u00e9judice est tr\u00e8s important puisqu\u2019il d\u00e9passe les 500.000 euros.<\/p>\n<p>Une cigarette sur deux issue de la contrebande<\/p>\n<p>Parmi les sept personnes interpell\u00e9es, six doivent \u00eatre jug\u00e9es en comparution imm\u00e9diate ce vendredi pour vol en bande organis\u00e9e et association de malfaiteurs en vue de la pr\u00e9paration d\u2019un crime.<\/p>\n<p>Avec l\u2019augmentation du prix des cigarettes, les buralistes et les camions de livraison de tabac sont devenus des cibles de choix pour les braqueurs. Selon une \u00e9tude de KPMG, <a href=\"https:\/\/www.20minutes.fr\/economie\/4157892-20250611-cigarettes-france-largement-tete-marche-noir-europe\" class=\"c-link c-link--is-underlined\" target=\"_blank\" rel=\"noopener\">une cigarette sur deux fum\u00e9e en France en\u00a02024 est issue de la contrebande<\/a>. Le pays se place ainsi en t\u00eate du classement europ\u00e9en de la consommation de cigarettes issues du march\u00e9 noir, loin devant l\u2019Ukraine, le Royaume-Uni ou la Gr\u00e8ce.<\/p>\n","protected":false},"excerpt":{"rendered":"Leur technique \u00e9tait bien rod\u00e9e. Apr\u00e8s plusieurs mois d\u2019enqu\u00eate de la Division de la criminalit\u00e9 organis\u00e9e et sp\u00e9cialis\u00e9e&hellip;\n","protected":false},"author":2,"featured_media":436452,"comment_status":"","ping_status":"","sticky":false,"template":"","format":"standard","meta":{"footnotes":""},"categories":[2821],"tags":[1111,47,11,6941,829,1174,6583,49596,1777,674,118,7641,1011,27,848,12,1072,584,25,6582],"class_list":{"0":"post-436451","1":"post","2":"type-post","3":"status-publish","4":"format-standard","5":"has-post-thumbnail","7":"category-rennes","8":"tag-actu","9":"tag-actualite","10":"tag-actualites","11":"tag-braquage","12":"tag-bretagne","13":"tag-cambriolage","14":"tag-cigarette","15":"tag-contrebande","16":"tag-eu","17":"tag-europe","18":"tag-faits-divers","19":"tag-faits-divers-rennes","20":"tag-fr","21":"tag-france","22":"tag-ille-et-vilaine","23":"tag-news","24":"tag-police","25":"tag-rennes","26":"tag-republique-francaise","27":"tag-tabac"},"share_on_mastodon":{"url":"https:\/\/pubeurope.com\/@fr\/115310927038987189","error":""},"_links":{"self":[{"href":"https:\/\/www.europesays.com\/fr\/wp-json\/wp\/v2\/posts\/436451","targetHints":{"allow":["GET"]}}],"collection":[{"href":"https:\/\/www.europesays.com\/fr\/wp-json\/wp\/v2\/posts"}],"about":[{"href":"https:\/\/www.europesays.com\/fr\/wp-json\/wp\/v2\/types\/post"}],"author":[{"embeddable":true,"href":"https:\/\/www.europesays.com\/fr\/wp-json\/wp\/v2\/users\/2"}],"replies":[{"embeddable":true,"href":"https:\/\/www.europesays.com\/fr\/wp-json\/wp\/v2\/comments?post=436451"}],"version-history":[{"count":0,"href":"https:\/\/www.europesays.com\/fr\/wp-json\/wp\/v2\/posts\/436451\/revisions"}],"wp:featuredmedia":[{"embeddable":true,"href":"https:\/\/www.europesays.com\/fr\/wp-json\/wp\/v2\/media\/436452"}],"wp:attachment":[{"href":"https:\/\/www.europesays.com\/fr\/wp-json\/wp\/v2\/media?parent=436451"}],"wp:term":[{"taxonomy":"category","embeddable":true,"href":"https:\/\/www.europesays.com\/fr\/wp-json\/wp\/v2\/categories?post=436451"},{"taxonomy":"post_tag","embeddable":true,"href":"https:\/\/www.europesays.com\/fr\/wp-json\/wp\/v2\/tags?post=436451"}],"curies":[{"name":"wp","href":"https:\/\/api.w.org\/{rel}","templated":true}]}}