{"id":436453,"date":"2025-10-03T15:24:10","date_gmt":"2025-10-03T15:24:10","guid":{"rendered":"https:\/\/www.europesays.com\/fr\/436453\/"},"modified":"2025-10-03T15:24:10","modified_gmt":"2025-10-03T15:24:10","slug":"au-travail-ces-jeunes-ne-veulent-pas-reproduire-les-memes-erreurs-que-leurs-parents","status":"publish","type":"post","link":"https:\/\/www.europesays.com\/fr\/436453\/","title":{"rendered":"au travail, ces jeunes ne veulent pas reproduire les m\u00eames erreurs que leurs parents"},"content":{"rendered":"<p>            Par<br \/>\n        <strong><br \/>\n            <a href=\"https:\/\/actu.fr\/auteur\/ivan-capecchi\" title=\"Consulter tous les articles de Ivan CAPECCHI\" target=\"_blank\" rel=\"noopener\">Ivan CAPECCHI<\/a><br \/>\n        <\/strong><\/p>\n<p>        Publi\u00e9 le<\/p>\n<p>            3 oct. 2025 \u00e0 16h30        <\/p>\n<p>Sur <a href=\"https:\/\/actu.fr\/tag\/tiktok\" target=\"_blank\" rel=\"noopener\">TikTok<\/a>, il n\u2019est pas rare de voir des vid\u00e9os dans lesquelles la <strong>g\u00e9n\u00e9ration Z<\/strong> \u2013 celle qui a entre 15 et 28\u00a0ans \u2013 \u00e9num\u00e8re <strong>les pratiques professionnelles qu\u2019elle n\u2019accepte plus<\/strong>, souvent en contradiction avec la g\u00e9n\u00e9ration de ses parents, avec comme maxime\u2009: \u00ab<strong>\u2009Il faut les choquer<\/strong>\u2009\u00bb. Sous-entendu\u2009: il faut choquer celles et ceux qui appliquent encore ces vieux sch\u00e9mas, mais surtout<strong> les d\u00e9noncer avec force pour qu\u2019ils ne se reproduisent plus<\/strong>.<\/p>\n<p class=\" wall-content\">S\u2019agit-il d\u2019une simple trend (tendance) ou voit-on appara\u00eetre un vrai mouvement de fond\u2009? On a voulu t\u00e2ter le terrain en allant <strong>discuter avec les \u00e9tudiants sur le campus de Strasbourg<\/strong>.<\/p>\n<blockquote class=\"tiktok-embed\" cite=\"https:\/\/www.tiktok.com\/@mama.job\/video\/7430782541663063328\" data-video-id=\"7430782541663063328\" data-embed-from=\"oembed\" style=\"max-width:605px; min-width:325px;\"><p>\n<a target=\"_blank\" title=\"@mama.job\" href=\"https:\/\/www.tiktok.com\/@mama.job?refer=embed\" rel=\"noopener\">@mama.job<\/a> <\/p>\n<p>@AMANDE merci pour ton partage d\u2019exp\u00e9rience. J\u2019ai une question est-ce que pour vous la g\u00e9n\u00e9ration Z est l\u00e0 pour bousculer le monde du travail ou pour nous montrer une mani\u00e8re de travailler plus saine ?<\/p>\n<p> <a target=\"_blank\" title=\"\u266c son original - MAMAJOB\" href=\"https:\/\/www.tiktok.com\/music\/son-original-7430782658768096033?refer=embed\" rel=\"noopener\">\u266c son original \u2013 MAMAJOB<\/a> <\/p>\n<\/blockquote>\n<p>\u00ab\u200917h c\u2019est 17h\u2009\u00bb<\/p>\n<p class=\" wall-content\">Sophie, 18\u00a0ans, est d\u2019accord avec l\u2019id\u00e9e qu\u2019\u00ab\u2009il faut les choquer\u2009\u00bb. Elle \u00e9voque par exemple le sujet des <strong>horaires<\/strong>. \u00ab\u2009Quand les gens partent \u00e0 17h parce que c\u2019est l\u2019heure, <strong>je trouve \u00e7a normal<\/strong>\u2009\u00bb, explique cette \u00e9tudiante en langues. \u00ab\u200917h c\u2019est 17h, si j\u2019ai fini ma journ\u00e9e, je ne vois pas pourquoi je resterais plus longtemps,<strong> je ne vais pas \u00eatre pay\u00e9e plus<\/strong>\u2009\u00bb, explicite-t-elle.<\/p>\n<p class=\" wall-content\">\u00ab<strong>\u2009On n\u2019a pas besoin de travailler plus que ce qui est \u00e9crit sur le contrat<\/strong>\u2009\u00bb, l\u2019enjoint son amie C\u00e9line, partisane de \u00ab<strong>\u2009ne pas faire plus que ce qui est demand\u00e9<\/strong>\u2009\u00bb. \u00ab<strong>\u2009Il ne faut pas g\u00e2cher sa vie \u00e0 faire plus pour se faire bien voir de son patron<\/strong>\u2009\u00bb, estime-t-elle.<\/p>\n<p>\u00ab\u2009Je dis \u00e0 ma m\u00e8re\u2009: \u2018Pourquoi tu travailles jusque si tard le soir\u2009?\u2019\u00bb<\/p>\n<p class=\" wall-content\">La jeune femme \u00e9voque sa m\u00e8re, qui \u00ab\u2009a tendance \u00e0 <strong>vachement penser au travail \u00e0 la maison<\/strong>\u2009\u00bb. \u00ab\u2009J\u2019ai envie de lui dire\u2009: \u2018<strong>Il est 18h, arr\u00eate de penser \u00e0 \u00e7a<\/strong>\u2018\u00bb, raconte-t-elle.<\/p>\n<p class=\" wall-content\">Sophie aussi voit parfois sa m\u00e8re <strong>\u00ab\u2009travailler jusqu\u2019\u00e0 tard le soir en semaine\u2009\u00bb<\/strong>. \u00ab\u2009Je lui demande\u2009: \u2018Pourquoi tu travailles si tard alors que t\u2019as fini depuis belle lurette\u2009? Et elle me r\u00e9pond\u2009: \u2018Nan mais comme \u00e7a, c\u2019est fait, je n\u2019aurai plus \u00e0 le faire lundi\u2019\u00bb. \u00ab\u2009Si elle veut s\u2019avancer, elle fait ce qu\u2019elle veut, <strong>moi je ne le ferai pas<\/strong>\u2009\u00bb, ponctue Sophie.<\/p>\n<p>Mettre fin aux \u00ab\u2009comportements sexistes en entreprise\u2009\u00bb<\/p>\n<p class=\" wall-content\">De son c\u00f4t\u00e9, Arnaud repense \u00e0 \u00ab\u2009cet ami en stage\u2009\u00bb qui avait \u00ab\u2009demand\u00e9 \u00e0 pouvoir porter un casque sur un chantier\u2009\u00bb et \u00e0 qui on a dit \u00ab\u2009non\u2009\u00bb. \u00ab\u2009C\u2019est quand m\u00eame une grosse mise en danger du stagiaire\u2009\u00bb, continue-t-il, appelant de ses v\u0153ux \u00e0 ce que <strong>ce genre de \u00ab\u2009comportements tr\u00e8s limites\u2009\u00bb cessent<\/strong>.<\/p>\n<p>Votre r\u00e9gion, votre actu !<\/p>\n<p>Recevez chaque jour les infos qui comptent pour vous.<\/p>\n<p>\t<a href=\"https:\/\/actu.fr\/newsletter\" class=\"ac-btn ac-btn--corner ac-btn--medium ac-btn--blue800\" target=\"_blank\" rel=\"noopener\">S&rsquo;incrire<\/a><\/p>\n<p class=\" wall-content\">\u00c0 ses c\u00f4t\u00e9s, Clara mentionne<strong> les \u00ab\u2009comportements sexistes en entreprise\u2009\u00bb<\/strong>.<\/p>\n<blockquote class=\"tiktok-embed\" cite=\"https:\/\/www.tiktok.com\/@soniaa_grt\/video\/7526330842809912598\" data-video-id=\"7526330842809912598\" data-embed-from=\"oembed\" style=\"max-width:605px; min-width:325px;\"><p>\n<a target=\"_blank\" title=\"@soniaa_grt\" href=\"https:\/\/www.tiktok.com\/@soniaa_grt?refer=embed\" rel=\"noopener\">@soniaa_grt<\/a> <\/p>\n<p><a title=\"genz\" target=\"_blank\" href=\"https:\/\/www.tiktok.com\/tag\/genz?refer=embed\" rel=\"noopener\">#genz<\/a> <a title=\"taf\" target=\"_blank\" href=\"https:\/\/www.tiktok.com\/tag\/taf?refer=embed\" rel=\"noopener\">#taf<\/a> <a title=\"jobsetudiant\" target=\"_blank\" href=\"https:\/\/www.tiktok.com\/tag\/jobsetudiant?refer=embed\" rel=\"noopener\">#jobsetudiant<\/a> <a title=\"bordeaux\" target=\"_blank\" href=\"https:\/\/www.tiktok.com\/tag\/bordeaux?refer=embed\" rel=\"noopener\">#bordeaux<\/a> <\/p>\n<p> <a target=\"_blank\" title=\"\u266c son original - Sonia \ud83d\udd7a\" href=\"https:\/\/www.tiktok.com\/music\/son-original-7526330814327425814?refer=embed\" rel=\"noopener\">\u266c son original \u2013 Sonia \ud83d\udd7a<\/a> <\/p>\n<\/blockquote>\n<p>Des avis qui divergent sur la m\u00e9thode \u00e0 employer<\/p>\n<p class=\" wall-content\">Pour eux, il faut <strong>employer la m\u00e9thode forte<\/strong> pour que les choses changent. \u00ab\u00a0Les choquer, <strong>c\u2019est vraiment appropri\u00e9 comme terme \u00bb<\/strong>,\u2009\u00bbconsid\u00e8re C\u00e9line. \u00ab\u00a0Les g\u00e9n\u00e9rations pr\u00e9c\u00e9dentes, qui \u00e9taient plus soumises, <strong>n\u2019ont pas permis de faire bouger les choses \u00bb<\/strong>,\u2009constate-t-elle. \u00ab\u00a0Je pense que si on continue d\u2019y aller doucement, <strong>\u00e7a ne va pas marcher \u00bb<\/strong>,\u2009abonde Clara.<\/p>\n<p class=\" wall-content\">No\u00e9 n\u2019est pas de cet avis. \u00ab\u00a0<strong>Je ne pense pas que ce soit la bonne fa\u00e7on de faire<\/strong>. Ce n\u2019est pas en allant compl\u00e8tement \u00e0 contre-courant qu\u2019on va faire changer les choses. Il faut peut-\u00eatre essayer <strong>d\u2019amener les choses par la mani\u00e8re douce <\/strong>\u00bb,\u2009esquisse-t-il.<\/p>\n<p class=\" wall-content\">Lui ne se retrouve pas vraiment dans la trend \u00e9voqu\u00e9e plus t\u00f4t. Sur les horaires par exemple, \u00ab\u00a0<strong>\u00e7a d\u00e9pend du travail qu\u2019il y a \u00e0 faire \u00bb<\/strong>,\u2009juge-t-il. \u00ab\u00a0Si tu termines ton travail avant l\u2019heure, autant rentrer, si tu finis apr\u00e8s, tu pourras peut-\u00eatre partir plus t\u00f4t le lendemain. <strong>Dans tous les cas, \u00e7a ne me d\u00e9range pas de rester 10 ou 15 minutes de plus pour achever un travail correctement <\/strong>\u00bb,\u2009t\u00e9moigne-t-il.<\/p>\n<p>\u00ab\u00a0Moi je suis plut\u00f4t \u00e0 l\u2019ancienne\u00a0\u00bb<\/p>\n<p class=\" wall-content\">\u2009Antoine, lui, se dit carr\u00e9ment <strong>\u00ab\u00a0\u00e0 \u2009l\u2019ancienne<\/strong> \u00bb\u00a0sur ces sujets. \u00ab\u00a0Quand je vois comme quoi il ne faut pas rentrer trop tard par exemple, <strong>moi je ne comprends pas<\/strong>. Si t\u2019aimes bien ce que tu fais, <strong>autant rester <\/strong>\u00bb,\u2009dit celui dont le \u00ab\u00a0p\u00e8re qui travaille dans le b\u00e2timent rentrait parfois tard le soir \u00bb.<\/p>\n<p class=\" wall-content\">Juste \u00ab\u00a0par rapport aux femmes, <strong>oui \u00e7a c\u2019est normal<\/strong> [de faire changer les mentalit\u00e9s] \u00bb, glisse-t-il.<\/p>\n<p>Gouffre entre attentes et r\u00e9alit\u00e9<\/p>\n<p class=\" wall-content\">Publi\u00e9e en avril dernier par l\u2019Institut Montaigne, <a href=\"https:\/\/www.institutmontaigne.org\/publications\/les-jeunes-et-le-travail-aspirations-et-desillusions-des-16-30-ans\" target=\"_blank\" rel=\"noopener\">l\u2019\u00e9tude \u00ab\u00a0Les jeunes et le travail :\u2009aspirations et d\u00e9sillusions des 16-30 ans \u00bb<\/a>\u00a0contre une g\u00e9n\u00e9ration<strong> attach\u00e9e au travail mais d\u00e9\u00e7ue par ses conditions<\/strong>.<\/p>\n<p class=\" wall-content\">66 %\u2009jugent qu\u2019il existe <strong>un fort \u00e9cart entre leurs attentes<\/strong> (\u00e9quilibre, reconnaissance, qualit\u00e9 de vie) et la<strong> r\u00e9alit\u00e9 des <\/strong><a href=\"https:\/\/actu.fr\/tag\/emploi\" target=\"_blank\" rel=\"noopener\">emplois<\/a>. Les <strong>risques psychosociaux<\/strong> dominent les pr\u00e9occupations, et <strong>27 %\u2009disent avoir subi du harc\u00e8lement moral<\/strong>, <strong>9 %\u2009sexuel<\/strong>. Les <strong>plus dipl\u00f4m\u00e9s<\/strong>, surtout issus de fili\u00e8res g\u00e9n\u00e9ralistes, ainsi que les <strong>jeunes femmes dans les m\u00e9tiers de service<\/strong>, se disent <strong>particuli\u00e8rement d\u00e9sillusionn\u00e9s<\/strong>.<\/p>\n<p>Paradoxe<\/p>\n<p class=\" wall-content\">Ce malaise d\u00e9bouche sur un <strong>paradoxe<\/strong> :\u2009les jeunes disent vouloir la <strong>stabilit\u00e9 professionnelle<\/strong>, mais <strong>60 %\u2009envisagent tout de m\u00eame de quitter leur entreprise d\u2019ici cinq ans<\/strong>, dont la moiti\u00e9 pour se mettre \u00e0 leur compte. Ils restent attach\u00e9s \u00e0 l\u2019id\u00e9e de travailler, mais refusent de le faire \u00e0 des conditions qu\u2019ils jugent <strong>sacrificielles<\/strong> :\u2009<strong>longues heures, faible reconnaissance, sant\u00e9 psychologique n\u00e9glig\u00e9e<\/strong>.<\/p>\n<p class=\" wall-content\">Personnalisez votre actualit\u00e9 en ajoutant vos villes et m\u00e9dias en favori avec <a href=\"https:\/\/moncompte.actu.fr\" title=\"D\u00e9couvez Mon Actu\" rel=\"nofollow noopener\" data-trk=\"{&quot;cta&quot;:{&quot;action&quot;:&quot;https:\\\/\\\/moncompte.actu.fr&quot;,&quot;category&quot;:&quot;mon compte&quot;,&quot;from&quot;:&quot;article footer&quot;,&quot;name&quot;:&quot;Mon actu&quot;,&quot;type&quot;:&quot;cta&quot;}}\" target=\"_blank\">Mon Actu<\/a>.<\/p>\n<p>                    <script async src=\"\/\/www.tiktok.com\/embed.js\"><\/script><\/p>\n","protected":false},"excerpt":{"rendered":"Par Ivan CAPECCHI Publi\u00e9 le 3 oct. 2025 \u00e0 16h30 Sur TikTok, il n\u2019est pas rare de voir&hellip;\n","protected":false},"author":2,"featured_media":436454,"comment_status":"","ping_status":"","sticky":false,"template":"","format":"standard","meta":{"footnotes":""},"categories":[2820],"tags":[1111,11,15787,341,1064,1777,674,1011,27,775,12,25,104,640],"class_list":{"0":"post-436453","1":"post","2":"type-post","3":"status-publish","4":"format-standard","5":"has-post-thumbnail","7":"category-strasbourg","8":"tag-actu","9":"tag-actualites","10":"tag-droit-des-travailleurs","11":"tag-emploi","12":"tag-etudiantses","13":"tag-eu","14":"tag-europe","15":"tag-fr","16":"tag-france","17":"tag-grand-est","18":"tag-news","19":"tag-republique-francaise","20":"tag-societe","21":"tag-strasbourg"},"share_on_mastodon":{"url":"https:\/\/pubeurope.com\/@fr\/115310930462919132","error":""},"_links":{"self":[{"href":"https:\/\/www.europesays.com\/fr\/wp-json\/wp\/v2\/posts\/436453","targetHints":{"allow":["GET"]}}],"collection":[{"href":"https:\/\/www.europesays.com\/fr\/wp-json\/wp\/v2\/posts"}],"about":[{"href":"https:\/\/www.europesays.com\/fr\/wp-json\/wp\/v2\/types\/post"}],"author":[{"embeddable":true,"href":"https:\/\/www.europesays.com\/fr\/wp-json\/wp\/v2\/users\/2"}],"replies":[{"embeddable":true,"href":"https:\/\/www.europesays.com\/fr\/wp-json\/wp\/v2\/comments?post=436453"}],"version-history":[{"count":0,"href":"https:\/\/www.europesays.com\/fr\/wp-json\/wp\/v2\/posts\/436453\/revisions"}],"wp:featuredmedia":[{"embeddable":true,"href":"https:\/\/www.europesays.com\/fr\/wp-json\/wp\/v2\/media\/436454"}],"wp:attachment":[{"href":"https:\/\/www.europesays.com\/fr\/wp-json\/wp\/v2\/media?parent=436453"}],"wp:term":[{"taxonomy":"category","embeddable":true,"href":"https:\/\/www.europesays.com\/fr\/wp-json\/wp\/v2\/categories?post=436453"},{"taxonomy":"post_tag","embeddable":true,"href":"https:\/\/www.europesays.com\/fr\/wp-json\/wp\/v2\/tags?post=436453"}],"curies":[{"name":"wp","href":"https:\/\/api.w.org\/{rel}","templated":true}]}}