{"id":436465,"date":"2025-10-03T15:30:14","date_gmt":"2025-10-03T15:30:14","guid":{"rendered":"https:\/\/www.europesays.com\/fr\/436465\/"},"modified":"2025-10-03T15:30:14","modified_gmt":"2025-10-03T15:30:14","slug":"trois-figures-majeures-de-la-danse-contemporaine-a-bordeaux","status":"publish","type":"post","link":"https:\/\/www.europesays.com\/fr\/436465\/","title":{"rendered":"trois figures majeures de la danse contemporaine \u00e0 Bordeaux !"},"content":{"rendered":"<p>Du 11 au 18 octobre 2025, l\u2019<a href=\"https:\/\/www.opera-bordeaux.com\" target=\"_blank\" rel=\"noreferrer noopener nofollow\">Op\u00e9ra National de Bordeaux<\/a> propose une exp\u00e9rience artistique exceptionnelle avec le spectacle\u00a0<strong>Wake Up!<\/strong>, r\u00e9unissant trois grands noms de la danse contemporaine : <a href=\"https:\/\/www.opera-bordeaux.com\/pontus-lidberg-16956\" target=\"_blank\" rel=\"noreferrer noopener nofollow\">Pontus Lidberg<\/a>, <a href=\"https:\/\/www.opera-bordeaux.com\/marco-goecke-21972\" target=\"_blank\" rel=\"noreferrer noopener nofollow\">Marco Goecke<\/a> et <a href=\"https:\/\/www.operadeparis.fr\/artistes\/christopher-wheeldon\" target=\"_blank\" rel=\"noreferrer noopener nofollow\">Christopher Wheeldon<\/a>. <\/p>\n<p style=\"font-size:16px\">Sous la direction artistique d\u2019<a href=\"https:\/\/www.opera-bordeaux.com\/eric-quillere-636\" target=\"_blank\" rel=\"noreferrer noopener nofollow\"><strong>\u00c9ric Quiller\u00e9<\/strong><\/a>, le <strong>Ballet de l\u2019Op\u00e9ra National de Bordeaux<\/strong> offre au public une soir\u00e9e unique, o\u00f9 technique, \u00e9motion et virtuosit\u00e9 se rencontrent dans un dialogue fascinant entre corps et musique.<\/p>\n<p><img fetchpriority=\"high\" decoding=\"async\" width=\"1024\" height=\"683\" src=\"https:\/\/www.bougerabordeaux.com\/wp-content\/uploads\/2025\/10\/251011_Wakeup_c_Pierre_Planchenault-1024x683.webp\" alt=\"\" class=\"wp-image-84680\"  \/>Le Ballet de l\u2019Op\u00e9ra National de Bordeaux en r\u00e9p\u00e9tition pour Wake Up!, un spectacle qui m\u00eale virtuosit\u00e9 et \u00e9motion.\u00a9Op\u00e9ra de Bordeaux<\/p>\n<p style=\"font-size:16px\"><strong>Wake Up!<\/strong> explore le <strong>th\u00e8me de l\u2019\u00e9veil sous toutes ses formes <\/strong>: <strong>\u00e9veil des sens, de la nature, de l\u2019amour et de l\u2019introspection.<\/strong> Chaque chor\u00e9graphe y apporte sa vision propre, cr\u00e9ant une soir\u00e9e riche en contrastes et en sensations. <\/p>\n<p style=\"font-size:16px\">La soir\u00e9e d\u00e9bute avec\u00a0<strong><a href=\"https:\/\/www.nycballet.com\/discover\/ballet-repertory\/the-shimmering-asphalt\" target=\"_blank\" rel=\"noreferrer noopener nofollow\">The Shimmering Asphalt<\/a><\/strong>, une pi\u00e8ce sign\u00e9e du chor\u00e9graphe su\u00e9dois <strong>Pontus Lidberg. <\/strong>Reconnu pour sa musicalit\u00e9 et sa finesse, Lidberg d\u00e9ploie une gestuelle \u00e0 la fois fluide et rigoureuse, soutenue par la composition du musicien David Lang. <\/p>\n<p style=\"font-size:16px\">La deuxi\u00e8me cr\u00e9ation,<a href=\"https:\/\/www.dansesaveclaplume.com\/tag\/woke-up-blind\/\" target=\"_blank\" rel=\"noreferrer noopener nofollow\">\u00a0<strong>Woke up Blind<\/strong><\/a>\u00a0de <strong>Marco Goecke<\/strong>, plonge le public dans une tension dramatique et sensorielle. Connue pour son langage corporel nerveux et expressif, la chor\u00e9graphie de Goecke explore l\u2019intensit\u00e9 des sentiments amoureux et la fragilit\u00e9 humaine. Sur des morceaux de <strong><a href=\"https:\/\/jeffbuckley.com\" target=\"_blank\" rel=\"noreferrer noopener nofollow\">Jeff Buckley<\/a><\/strong>, le spectateur est invit\u00e9 \u00e0 ressentir l\u2019\u00e9nergie des corps qui luttent, r\u00e9agissent et communiquent avec une intensit\u00e9 palpable. <\/p>\n<p><img loading=\"lazy\" decoding=\"async\" width=\"1024\" height=\"683\" src=\"https:\/\/www.europesays.com\/fr\/wp-content\/uploads\/2025\/10\/WebNow-and-now-\u00a9_Pierre_Planchenault-05645-copie-1024x683.jpeg\" alt=\"\" class=\"wp-image-84681\"  \/>Pontus Lidberg, Marco Goecke et Christopher Wheeldon : trois chor\u00e9graphes de renom r\u00e9unis pour une soir\u00e9e exceptionnelle de danse contemporaine.\u00a9Op\u00e9ra de Bordeaux<\/p>\n<p style=\"font-size:16px\">La soir\u00e9e se conclut avec\u00a0<strong><a href=\"https:\/\/www.balletsdemontecarlo.com\/fr\/repertoire-invite-wheeldon-within-the-golden-hour\" target=\"_blank\" rel=\"noreferrer noopener nofollow\">Within The Golden Hour<\/a><\/strong>\u00a0de <strong>Christopher Wheeldon<\/strong>, o\u00f9 le corps et la lumi\u00e8re se rencontrent pour composer un tableau de pure beaut\u00e9. Les compositions d\u2019<strong>Ezio Bosso et d\u2019Antonio Vivaldi<\/strong> accompagnent des port\u00e9s \u00e9l\u00e9gants et des figures sculpturales, illustrant la virtuosit\u00e9 du <strong>Ballet de Bordeaux.<\/strong> <\/p>\n<p style=\"font-size:16px\">Avec Wake Up!, l\u2019<strong>Op\u00e9ra National de Bordeaux<\/strong> confirme son engagement en faveur de la cr\u00e9ation chor\u00e9graphique contemporaine. Sous la direction <strong>d\u2019\u00c9ric Quiller\u00e9<\/strong>, la compagnie allie h\u00e9ritage classique et innovation moderne, se positionnant parmi les grandes compagnies europ\u00e9ennes. La programmation b\u00e9n\u00e9ficie du soutien de la<strong> Fondation d\u2019Entreprise Philippine de Rothschild <\/strong>et des Ateliers de l\u2019Op\u00e9ra, permettant \u00e0 un large public d\u2019acc\u00e9der \u00e0 des \u0153uvres d\u2019exception.<\/p>\n<p class=\"has-text-align-center\" style=\"font-size:16px\"><strong>On y va ? <\/strong><br \/>\ud83d\udccdGrand-Th\u00e9\u00e2tre de Bordeaux, Place de la Com\u00e9die<br \/>\ud83d\udcc5Du 11 au 18 octobre 2025<br \/>\ud83d\udcb6 De 10 \u20ac \u00e0 50 \u20ac (tarif 7)<br \/>\ud83d\udc9bOuvert \u00e0 tous.tes<\/p>\n<p style=\"font-size:16px\">\u00c0 lire aussi : <a href=\"https:\/\/www.bougerabordeaux.com\/sorties\/sport\/une-communaute-de-yoga-et-pilates-en-ligne-debarque-a-bordeaux\/\" rel=\"nofollow noopener\" target=\"_blank\">Une communaut\u00e9 de yoga et pilates en ligne d\u00e9barque \u00e0 Bordeaux !<\/a><\/p>\n","protected":false},"excerpt":{"rendered":"Du 11 au 18 octobre 2025, l\u2019Op\u00e9ra National de Bordeaux propose une exp\u00e9rience artistique exceptionnelle avec le spectacle\u00a0Wake&hellip;\n","protected":false},"author":2,"featured_media":436466,"comment_status":"","ping_status":"","sticky":false,"template":"","format":"standard","meta":{"footnotes":""},"categories":[2817],"tags":[1111,11,1997,1777,674,1011,27,12,2219,25],"class_list":{"0":"post-436465","1":"post","2":"type-post","3":"status-publish","4":"format-standard","5":"has-post-thumbnail","7":"category-bordeaux","8":"tag-actu","9":"tag-actualites","10":"tag-bordeaux","11":"tag-eu","12":"tag-europe","13":"tag-fr","14":"tag-france","15":"tag-news","16":"tag-nouvelle-aquitaine","17":"tag-republique-francaise"},"share_on_mastodon":{"url":"https:\/\/pubeurope.com\/@fr\/115310954769022693","error":""},"_links":{"self":[{"href":"https:\/\/www.europesays.com\/fr\/wp-json\/wp\/v2\/posts\/436465","targetHints":{"allow":["GET"]}}],"collection":[{"href":"https:\/\/www.europesays.com\/fr\/wp-json\/wp\/v2\/posts"}],"about":[{"href":"https:\/\/www.europesays.com\/fr\/wp-json\/wp\/v2\/types\/post"}],"author":[{"embeddable":true,"href":"https:\/\/www.europesays.com\/fr\/wp-json\/wp\/v2\/users\/2"}],"replies":[{"embeddable":true,"href":"https:\/\/www.europesays.com\/fr\/wp-json\/wp\/v2\/comments?post=436465"}],"version-history":[{"count":0,"href":"https:\/\/www.europesays.com\/fr\/wp-json\/wp\/v2\/posts\/436465\/revisions"}],"wp:featuredmedia":[{"embeddable":true,"href":"https:\/\/www.europesays.com\/fr\/wp-json\/wp\/v2\/media\/436466"}],"wp:attachment":[{"href":"https:\/\/www.europesays.com\/fr\/wp-json\/wp\/v2\/media?parent=436465"}],"wp:term":[{"taxonomy":"category","embeddable":true,"href":"https:\/\/www.europesays.com\/fr\/wp-json\/wp\/v2\/categories?post=436465"},{"taxonomy":"post_tag","embeddable":true,"href":"https:\/\/www.europesays.com\/fr\/wp-json\/wp\/v2\/tags?post=436465"}],"curies":[{"name":"wp","href":"https:\/\/api.w.org\/{rel}","templated":true}]}}