{"id":436467,"date":"2025-10-03T15:31:09","date_gmt":"2025-10-03T15:31:09","guid":{"rendered":"https:\/\/www.europesays.com\/fr\/436467\/"},"modified":"2025-10-03T15:31:09","modified_gmt":"2025-10-03T15:31:09","slug":"pour-24-euros-cinq-plats-de-chefs-reputes-sont-a-deguster-le-temps-dune-journee-a-bordeaux","status":"publish","type":"post","link":"https:\/\/www.europesays.com\/fr\/436467\/","title":{"rendered":"Pour 24 euros, cinq plats de chefs r\u00e9put\u00e9s sont \u00e0 d\u00e9guster le temps d\u2019une journ\u00e9e \u00e0 Bordeaux"},"content":{"rendered":"<p>            Par<br \/>\n        <strong><br \/>\n            <a href=\"https:\/\/actu.fr\/auteur\/charlotte-lesprit\" title=\"Consulter tous les articles de Charlotte Lesprit\" rel=\"nofollow noopener\" target=\"_blank\">Charlotte Lesprit<\/a><br \/>\n        <\/strong><\/p>\n<p>        Publi\u00e9 le<\/p>\n<p>            3 oct. 2025 \u00e0 17h24        <\/p>\n<p>Demeter, Mary Curry, Mazal, Brut, Grain ou encore Bergamote, Jouvence, Bistro 111 ou La Zoologie sont des noms qui parlent aux amateurs de <strong>bonnes adresses bordelaises<\/strong>. Au total, ils sont vingt \u00e0 avoir r\u00e9pondu \u00e0 l\u2019invitation lanc\u00e9e par le <a href=\"https:\/\/www.bordeauxfoodclub.com\/?fbclid=PAZXh0bgNhZW0CMTEAAaebcIVq-20zLoELWhNHPqs61jwDhS29Jo6mmGRZdCOwH7d0-VJjtwOa0z9Yrw_aem_MHfDx7UuKYLDW8Oa838DtQ\" rel=\"nofollow noopener\" target=\"_blank\">Bordeaux Food Club<\/a><strong>,<\/strong> pour son projet <strong>Chaud Show<\/strong> qui cl\u00f4ture le Festival Bon\u2009! de la Ville\u2009: l\u2019\u00e9v\u00e9nement culinaire qui se d\u00e9roule du 13 au 19\u00a0octobre dans huit quartiers et dont l\u2019\u00e9dition 2025 est parrain\u00e9e par <a href=\"https:\/\/actu.fr\/tag\/philippe-etchebest\" rel=\"nofollow noopener\" target=\"_blank\">Philippe\u00a0Etchebest<\/a>.<\/p>\n<p class=\" wall-content\">Au programme du rendez-vous gourmand du <strong>18\u00a0octobre<\/strong>\u2009: des chefs bordelais et producteurs engag\u00e9s qui se r\u00e9uniront<strong> au campus Victoire<\/strong> pour toute une journ\u00e9e d\u00e9di\u00e9e \u00e0 <a href=\"https:\/\/actu.fr\/tag\/cuisine\" rel=\"nofollow noopener\" target=\"_blank\">la cuisine<\/a> mais aussi \u00e0 la culture, entre animations et concerts.<\/p>\n<p class=\" wall-content\"><a href=\"https:\/\/www.instagram.com\/p\/DO6UYjeDYT3\/embed\" title=\"Ouvrir le lien sur Instagram\" rel=\"nofollow noopener\" target=\"_blank\">Visualiser le contenu sur Instagram<\/a><\/p>\n<p>24\u00a0euros pour cinq d\u00e9couvertes gustatives<\/p>\n<p class=\" wall-content\">Un billet commercialis\u00e9 en ligne <strong>24\u00a0euros<\/strong> permet de d\u00e9guster sur place cinq mets sp\u00e9cialement concoct\u00e9s par les chefs. Mais Chaud Show, ce n\u2019est pas seulement<strong> une exp\u00e9rience gustative<\/strong>\u2009: le bon go\u00fbt se savoure aussi \u00e0 travers la danse, les bandas, le dessin, le th\u00e9\u00e2tre et les DJ sets. Un mot d\u2019ordre\u2009: \u00e9veiller tous les sens.<\/p>\n<p class=\" wall-content\">Les personnes qui ne souhaitent se munir d\u2019un pass midi ou soir peuvent \u00e9galement se procurer sur place des tickets \u00e0<strong> 5\u00a0euros l\u2019unit\u00e9<\/strong> pour le sal\u00e9 et 4\u00a0euros pour le sucr\u00e9. Attention, ces derniers seront vendus dans la limite des stocks disponibles. L\u2019entr\u00e9e et les animations restent quant \u00e0 elles libres et gratuites.<\/p>\n<p><a href=\"https:\/\/yp.events\/6e6ac781-49ed-4d0c-987c-6468377b148a\/Chaud-Show-edition-3?fbclid=PAZXh0bgNhZW0CMTEAAafZZL3m2h4Oy5Ze8QL-b1jY1bcABhmNYovz2M7D3slc-VanvqW90fGoLORfOQ_aem_CLfXKLxo5ofRtJRFExQ9NA\" rel=\"nofollow noopener\" target=\"_blank\">La billetterie<\/a> est ouverte depuis le 25\u00a0septembre\u2009: pass midi ou soir \u00e0 24\u00a0euros \u2013 cinq recettes au choix. 14\u00a0euros pour les enfants. Buvette sur place. Rendez-vous au campus Victoire (tram B). De midi \u00e0 minuit.<\/p>\n<p class=\" wall-content\">Personnalisez votre actualit\u00e9 en ajoutant vos villes et m\u00e9dias en favori avec <a href=\"https:\/\/moncompte.actu.fr\" title=\"D\u00e9couvez Mon Actu\" rel=\"nofollow noopener\" data-trk=\"{&quot;cta&quot;:{&quot;action&quot;:&quot;https:\\\/\\\/moncompte.actu.fr&quot;,&quot;category&quot;:&quot;mon compte&quot;,&quot;from&quot;:&quot;article footer&quot;,&quot;name&quot;:&quot;Mon actu&quot;,&quot;type&quot;:&quot;cta&quot;}}\" target=\"_blank\">Mon Actu<\/a>.<\/p>\n<p>                    <script async src=\"\/\/www.instagram.com\/embed.js\"><\/script><\/p>\n","protected":false},"excerpt":{"rendered":"Par Charlotte Lesprit Publi\u00e9 le 3 oct. 2025 \u00e0 17h24 Demeter, Mary Curry, Mazal, Brut, Grain ou encore&hellip;\n","protected":false},"author":2,"featured_media":436468,"comment_status":"","ping_status":"","sticky":false,"template":"","format":"standard","meta":{"footnotes":""},"categories":[2817],"tags":[1111,11,1997,902,1777,674,1011,27,1661,1305,12,2219,25],"class_list":{"0":"post-436467","1":"post","2":"type-post","3":"status-publish","4":"format-standard","5":"has-post-thumbnail","7":"category-bordeaux","8":"tag-actu","9":"tag-actualites","10":"tag-bordeaux","11":"tag-cuisine","12":"tag-eu","13":"tag-europe","14":"tag-fr","15":"tag-france","16":"tag-gastronomie","17":"tag-lifestyle","18":"tag-news","19":"tag-nouvelle-aquitaine","20":"tag-republique-francaise"},"share_on_mastodon":{"url":"https:\/\/pubeurope.com\/@fr\/115310958137477615","error":""},"_links":{"self":[{"href":"https:\/\/www.europesays.com\/fr\/wp-json\/wp\/v2\/posts\/436467","targetHints":{"allow":["GET"]}}],"collection":[{"href":"https:\/\/www.europesays.com\/fr\/wp-json\/wp\/v2\/posts"}],"about":[{"href":"https:\/\/www.europesays.com\/fr\/wp-json\/wp\/v2\/types\/post"}],"author":[{"embeddable":true,"href":"https:\/\/www.europesays.com\/fr\/wp-json\/wp\/v2\/users\/2"}],"replies":[{"embeddable":true,"href":"https:\/\/www.europesays.com\/fr\/wp-json\/wp\/v2\/comments?post=436467"}],"version-history":[{"count":0,"href":"https:\/\/www.europesays.com\/fr\/wp-json\/wp\/v2\/posts\/436467\/revisions"}],"wp:featuredmedia":[{"embeddable":true,"href":"https:\/\/www.europesays.com\/fr\/wp-json\/wp\/v2\/media\/436468"}],"wp:attachment":[{"href":"https:\/\/www.europesays.com\/fr\/wp-json\/wp\/v2\/media?parent=436467"}],"wp:term":[{"taxonomy":"category","embeddable":true,"href":"https:\/\/www.europesays.com\/fr\/wp-json\/wp\/v2\/categories?post=436467"},{"taxonomy":"post_tag","embeddable":true,"href":"https:\/\/www.europesays.com\/fr\/wp-json\/wp\/v2\/tags?post=436467"}],"curies":[{"name":"wp","href":"https:\/\/api.w.org\/{rel}","templated":true}]}}