{"id":436479,"date":"2025-10-03T15:37:11","date_gmt":"2025-10-03T15:37:11","guid":{"rendered":"https:\/\/www.europesays.com\/fr\/436479\/"},"modified":"2025-10-03T15:37:11","modified_gmt":"2025-10-03T15:37:11","slug":"pour-se-relancer-le-comite-dinteret-de-quartier-a-la-croix-rouge-a-marseille-recherche-des-benevoles","status":"publish","type":"post","link":"https:\/\/www.europesays.com\/fr\/436479\/","title":{"rendered":"Pour se relancer, le Comit\u00e9 d&rsquo;int\u00e9r\u00eat de quartier \u00e0 la Croix-Rouge \u00e0 Marseille, recherche des b\u00e9n\u00e9voles"},"content":{"rendered":"<p>Faire remonter les dol\u00e9ances des habitants aupr\u00e8s des pouvoirs publics mais aussi participer \u00e0 la vie du quartier en tissant des liens entre les r\u00e9sidents, voil\u00e0 ce qui, dans les grandes lignes, est attendu d\u2019un <a href=\"https:\/\/www.laprovence.com\/article\/region\/226430175416615\/les-comites-d-interets-de-quartier-sont-des-vigies-de-la-vie-citoyenne-depuis-plus-d-un-siecle\" target=\"_blank\" rel=\"nofollow noopener\">Comit\u00e9 d\u2019int\u00e9r\u00eat de quartier (CIQ)<\/a>. \u00ab\u00a0Dans le 13e arrondissement, on compte onze CIQ, rappelle Fr\u00e9d\u00e9ric Pinatel, secr\u00e9taire g\u00e9n\u00e9ral de la f\u00e9d\u00e9ration des CIQ du 13e. On a relanc\u00e9 ceux de Saint-J\u00e9r\u00f4me, <a href=\"https:\/\/www.laprovence.com\/article\/region\/8720208521536714\/quartier-de-marseille-le-reveil-des-olives\" target=\"_blank\" rel=\"nofollow noopener\">des Olives<\/a> et de Saint-Mitre, il est temps \u00e0 pr\u00e9sent d\u2019aider \u00e0 la cr\u00e9ation d\u2019un CIQ \u00e0 la Croix-Rouge.\u00a0\u00bb<\/p>\n<p>Dans ce secteur qui s\u2019\u00e9tend de la rue Albert-Einstein \u00e0 la <a href=\"https:\/\/www.laprovence.com\/article\/region\/26052868495747\/marseille-cite-la-marie-13e-la-savine-15e-ces-endroits-ou-aucun-bus-ne-passe\" target=\"_blank\" rel=\"nofollow noopener\">cit\u00e9 la Marie<\/a>, et de l\u2019avenue de la Croix-Rouge \u00e0 hauteur de l\u2019\u00e9glise, jusqu\u2019\u00e0 Allauch et de Plan-du-Cuques, de nombreuses r\u00e9sidences ont vu le jour ces derni\u00e8res ann\u00e9es, c\u00f4toyant d\u2019autres historiquement install\u00e9es.<\/p>\n<p>Depuis plusieurs jours, les membres de la f\u00e9d\u00e9ration des CIQ du 13e arpentent le quartier pour relever les probl\u00e8mes \u00e0 r\u00e9gler. Entre la rue de l\u2019\u00e9glise ferm\u00e9e \u00e0 la circulation depuis plusieurs mois, les trottoirs impraticables en raison de travaux sur des murs qui tardent \u00e0 \u00eatre r\u00e9alis\u00e9s ou la suppression de plusieurs places de stationnement en face de l\u2019<a href=\"https:\/\/www.laprovence.com\/article\/region\/3907638793629514\/a-marseille-la-future-ecole-de-chateau-gombert-aura-son-propre-parking\" target=\"_blank\" rel=\"nofollow noopener\">\u00e9cole Ch\u00e2teau-Gombert Ath\u00e9na<\/a> et sur le chemin du Vallon&#8230;<\/p>\n","protected":false},"excerpt":{"rendered":"Faire remonter les dol\u00e9ances des habitants aupr\u00e8s des pouvoirs publics mais aussi participer \u00e0 la vie du quartier&hellip;\n","protected":false},"author":2,"featured_media":436480,"comment_status":"","ping_status":"","sticky":false,"template":"","format":"standard","meta":{"footnotes":""},"categories":[2814],"tags":[17,1111,11,9639,19056,56379,1777,674,1011,27,884,12,471,882,5775,15886,25,104],"class_list":{"0":"post-436479","1":"post","2":"type-post","3":"status-publish","4":"format-standard","5":"has-post-thumbnail","7":"category-marseille","8":"tag-17","9":"tag-actu","10":"tag-actualites","11":"tag-comite","12":"tag-croix-rouge","13":"tag-dinteret","14":"tag-eu","15":"tag-europe","16":"tag-fr","17":"tag-france","18":"tag-marseille","19":"tag-news","20":"tag-pour","21":"tag-provence-alpes-cote-dazur","22":"tag-quartier","23":"tag-relancer","24":"tag-republique-francaise","25":"tag-societe"},"share_on_mastodon":{"url":"https:\/\/pubeurope.com\/@fr\/115310981621574381","error":""},"_links":{"self":[{"href":"https:\/\/www.europesays.com\/fr\/wp-json\/wp\/v2\/posts\/436479","targetHints":{"allow":["GET"]}}],"collection":[{"href":"https:\/\/www.europesays.com\/fr\/wp-json\/wp\/v2\/posts"}],"about":[{"href":"https:\/\/www.europesays.com\/fr\/wp-json\/wp\/v2\/types\/post"}],"author":[{"embeddable":true,"href":"https:\/\/www.europesays.com\/fr\/wp-json\/wp\/v2\/users\/2"}],"replies":[{"embeddable":true,"href":"https:\/\/www.europesays.com\/fr\/wp-json\/wp\/v2\/comments?post=436479"}],"version-history":[{"count":0,"href":"https:\/\/www.europesays.com\/fr\/wp-json\/wp\/v2\/posts\/436479\/revisions"}],"wp:featuredmedia":[{"embeddable":true,"href":"https:\/\/www.europesays.com\/fr\/wp-json\/wp\/v2\/media\/436480"}],"wp:attachment":[{"href":"https:\/\/www.europesays.com\/fr\/wp-json\/wp\/v2\/media?parent=436479"}],"wp:term":[{"taxonomy":"category","embeddable":true,"href":"https:\/\/www.europesays.com\/fr\/wp-json\/wp\/v2\/categories?post=436479"},{"taxonomy":"post_tag","embeddable":true,"href":"https:\/\/www.europesays.com\/fr\/wp-json\/wp\/v2\/tags?post=436479"}],"curies":[{"name":"wp","href":"https:\/\/api.w.org\/{rel}","templated":true}]}}