{"id":436485,"date":"2025-10-03T15:41:10","date_gmt":"2025-10-03T15:41:10","guid":{"rendered":"https:\/\/www.europesays.com\/fr\/436485\/"},"modified":"2025-10-03T15:41:10","modified_gmt":"2025-10-03T15:41:10","slug":"meteo-france-place-lessonne-en-vigilance-jaune-voici-a-quoi-sattendre","status":"publish","type":"post","link":"https:\/\/www.europesays.com\/fr\/436485\/","title":{"rendered":"M\u00e9t\u00e9o France place l\u2019Essonne en vigilance jaune, voici \u00e0 quoi s&rsquo;attendre"},"content":{"rendered":"<p>            Par<br \/>\n        <strong><br \/>\n            <a href=\"https:\/\/actu.fr\/auteur\/coline-bonvalot-actu-fr\" title=\"Consulter tous les articles de Coline Bonvalot\" target=\"_blank\" rel=\"noopener\">Coline Bonvalot<\/a><br \/>\n        <\/strong><\/p>\n<p>        Publi\u00e9 le<\/p>\n<p>            3 oct. 2025 \u00e0 17h16        <\/p>\n<p>\u00c7a va souffler fort, voire m\u00eame tr\u00e8s fort. <a href=\"https:\/\/actu.fr\/meteo\/tempete-amy-meteo-france-vent-violent-vigilance-orange-dizaines-departements-voici-ou-ca-va-souffler_63249671.html\" target=\"_blank\" rel=\"noopener\">La temp\u00eate Amy<\/a>, qui a pris naissance dans le sillage de <a href=\"https:\/\/actu.fr\/tag\/ouragan\" target=\"_blank\" rel=\"noopener\">l\u2019ex-ouragan Humberto<\/a>, <strong>va frapper des dizaines de d\u00e9partements<\/strong>, dont <strong>l\u2019Essonne<\/strong>, ce samedi 4 octobre 2025, apr\u00e8s avoir travers\u00e9 l\u2019\u00c9cosse, l\u2019Irlande du Nord, ainsi qu\u2019une grande partie du nord-ouest de l\u2019Angleterre et du Pays de Galles. Voici les pr\u00e9visions.<\/p>\n<p>Des rafales de vent attendues tout le week-end<\/p>\n<p class=\" wall-content\">Tout d\u2019abord, <a href=\"https:\/\/actu.fr\/tag\/meteo-france\" target=\"_blank\" rel=\"noopener\">M\u00e9t\u00e9o France<\/a> a plac\u00e9 le d\u00e9partement <strong>en vigilance jaune pour risque de vent violent<\/strong> ce samedi. L\u2019alerte sera active \u00e0 partir de 5 heures jusqu\u2019\u00e0 20 heures.<\/p>\n<p class=\" wall-content\">Plus pr\u00e9cis\u00e9ment, des rafales de vent pouvant aller jusqu\u2019\u00e0 75 km\/h sont attendues tout au long de la matin\u00e9e. Celles-ci seront accompagn\u00e9es de pluie.<\/p>\n<p class=\" wall-content\">L\u2019apr\u00e8s-midi, le soleil pointera le bout de son nez. Mais le vent soufflera encore jusqu\u2019en soir\u00e9e ; les rafales devraient cependant \u00eatre moins fortes, entre 60 et 70 km\/h.<\/p>\n<p class=\" wall-content\">C\u00f4t\u00e9 temp\u00e9ratures, le mercure affichera un minimum de 15 \u00b0C et un maximum de 17 \u00b0C tout au long de la journ\u00e9e.<\/p>\n<p class=\" wall-content\">La journ\u00e9e de dimanche sera, quant \u00e0 elle, ensoleill\u00e9e, avec des temp\u00e9ratures comprises entre 12 et 16 \u00b0C. Des rafales de vent pouvant aller jusqu\u2019\u00e0 50 km\/h sont attendues.<\/p>\n<p class=\" wall-content\">Personnalisez votre actualit\u00e9 en ajoutant vos villes et m\u00e9dias en favori avec <a href=\"https:\/\/moncompte.actu.fr\" title=\"D\u00e9couvez Mon Actu\" rel=\"nofollow noopener\" data-trk=\"{&quot;cta&quot;:{&quot;action&quot;:&quot;https:\\\/\\\/moncompte.actu.fr&quot;,&quot;category&quot;:&quot;mon compte&quot;,&quot;from&quot;:&quot;article footer&quot;,&quot;name&quot;:&quot;Mon actu&quot;,&quot;type&quot;:&quot;cta&quot;}}\" target=\"_blank\">Mon Actu<\/a>.<\/p>\n","protected":false},"excerpt":{"rendered":"Par Coline Bonvalot Publi\u00e9 le 3 oct. 2025 \u00e0 17h16 \u00c7a va souffler fort, voire m\u00eame tr\u00e8s fort.&hellip;\n","protected":false},"author":2,"featured_media":436486,"comment_status":"","ping_status":"","sticky":false,"template":"","format":"standard","meta":{"footnotes":""},"categories":[1592],"tags":[1111,11,1777,674,1011,27,662,2487,2357,12,626,25],"class_list":{"0":"post-436485","1":"post","2":"type-post","3":"status-publish","4":"format-standard","5":"has-post-thumbnail","7":"category-ile-de-france","8":"tag-actu","9":"tag-actualites","10":"tag-eu","11":"tag-europe","12":"tag-fr","13":"tag-france","14":"tag-ile-de-france","15":"tag-meteo","16":"tag-meteo-france","17":"tag-news","18":"tag-paris","19":"tag-republique-francaise"},"share_on_mastodon":{"url":"https:\/\/pubeurope.com\/@fr\/115310997344880131","error":""},"_links":{"self":[{"href":"https:\/\/www.europesays.com\/fr\/wp-json\/wp\/v2\/posts\/436485","targetHints":{"allow":["GET"]}}],"collection":[{"href":"https:\/\/www.europesays.com\/fr\/wp-json\/wp\/v2\/posts"}],"about":[{"href":"https:\/\/www.europesays.com\/fr\/wp-json\/wp\/v2\/types\/post"}],"author":[{"embeddable":true,"href":"https:\/\/www.europesays.com\/fr\/wp-json\/wp\/v2\/users\/2"}],"replies":[{"embeddable":true,"href":"https:\/\/www.europesays.com\/fr\/wp-json\/wp\/v2\/comments?post=436485"}],"version-history":[{"count":0,"href":"https:\/\/www.europesays.com\/fr\/wp-json\/wp\/v2\/posts\/436485\/revisions"}],"wp:featuredmedia":[{"embeddable":true,"href":"https:\/\/www.europesays.com\/fr\/wp-json\/wp\/v2\/media\/436486"}],"wp:attachment":[{"href":"https:\/\/www.europesays.com\/fr\/wp-json\/wp\/v2\/media?parent=436485"}],"wp:term":[{"taxonomy":"category","embeddable":true,"href":"https:\/\/www.europesays.com\/fr\/wp-json\/wp\/v2\/categories?post=436485"},{"taxonomy":"post_tag","embeddable":true,"href":"https:\/\/www.europesays.com\/fr\/wp-json\/wp\/v2\/tags?post=436485"}],"curies":[{"name":"wp","href":"https:\/\/api.w.org\/{rel}","templated":true}]}}