{"id":436495,"date":"2025-10-03T15:46:13","date_gmt":"2025-10-03T15:46:13","guid":{"rendered":"https:\/\/www.europesays.com\/fr\/436495\/"},"modified":"2025-10-03T15:46:13","modified_gmt":"2025-10-03T15:46:13","slug":"paris-denonce-des-provocations-inacceptables-et-defend-larraisonnement-dun-petrolier","status":"publish","type":"post","link":"https:\/\/www.europesays.com\/fr\/436495\/","title":{"rendered":"Paris d\u00e9nonce des \u00ab provocations inacceptables \u00bb et d\u00e9fend l\u2019arraisonnement d&rsquo;un p\u00e9trolier"},"content":{"rendered":"<p style=\"text-align:justify;\">AA \/ Paris \/ \u00dcmit D\u00f6nmez<\/p>\n<p style=\"text-align:justify;\">Le porte-parole du minist\u00e8re fran\u00e7ais de l\u2019Europe et des Affaires \u00e9trang\u00e8res, Pascal Confavreux, a d\u00e9nonc\u00e9 vendredi \u00ab des provocations qui sont inacceptables \u00bb de la part de la Russie, \u00e9voquant les incursions r\u00e9p\u00e9t\u00e9es de drones aux fronti\u00e8res de l\u2019Union europ\u00e9enne. \u00ab La Russie choisit d\u2019agir de la sorte par des provocations qui sont inacceptables, car elle est en \u00e9chec militairement, politiquement et \u00e9conomiquement \u00bb, a-t-il d\u00e9clar\u00e9 lors du point presse du Quai d\u2019Orsay.<\/p>\n<p style=\"text-align:justify;\"><strong>&#8211; Une \u00ab r\u00e9action implacable \u00bb aux provocations russes<\/strong><\/p>\n<p style=\"text-align:justify;\">Confavreux a soulign\u00e9 que \u00ab face \u00e0 ces provocations, notre r\u00e9action a \u00e9t\u00e9 implacable \u00bb, citant des interventions en \u00ab Estonie, en Pologne, en Roumanie \u00bb et en soutien au Danemark.<\/p>\n<p style=\"text-align:justify;\">Il a rappel\u00e9 que la France avait d\u00e9ploy\u00e9 des moyens anti-drones \u00e0 l\u2019occasion du sommet europ\u00e9en informel de Copenhague : \u00ab La France a fait le choix de d\u00e9ployer des moyens de lutte anti-drone avec 5 \u00e9quipes l\u00e9g\u00e8res et un h\u00e9licopt\u00e8re pour assurer la s\u00e9curit\u00e9 ce mercredi. \u00bb<\/p>\n<p style=\"text-align:justify;\"><strong>&#8211; Sanctions renforc\u00e9es contre Moscou<\/strong><\/p>\n<p style=\"text-align:justify;\">Le porte-parole a confirm\u00e9 que les Europ\u00e9ens travaillaient \u00e0 un \u00ab 19\u1d49 paquet de sanctions \u00bb en coordination avec l\u2019administration am\u00e9ricaine. \u00ab Il ne s\u2019agit pas d\u2019un 19\u1d49 paquet qui viendrait s\u2019additionner aux 18 pr\u00e9c\u00e9dents. Il s\u2019agit d\u2019ajuster davantage encore des sanctions qui sont d\u00e9j\u00e0 tr\u00e8s efficaces \u00bb, a-t-il expliqu\u00e9.<\/p>\n<p style=\"text-align:justify;\">Ces mesures incluent, a-t-il d\u00e9taill\u00e9, \u00ab en sortant l\u2019Europe du GNL, du gaz naturel liqu\u00e9fi\u00e9 russe, d\u2019ici \u00e0 janvier 2027, en ajoutant plus d\u2019une centaine de navires \u00e0 la liste de la flotte fant\u00f4me et russe, et en renfor\u00e7ant les sanctions nominatives contre des entreprises russes ou des sch\u00e9mas de contournement de sanctions \u00bb.<\/p>\n<p style=\"text-align:justify;\">Selon lui, l\u2019arraisonnement d&rsquo;un navire, en d\u00e9but de semaine au large de la Bretagne, en est un exemple.<\/p>\n<p style=\"text-align:justify;\"><strong>&#8211; R\u00e9ponse aux accusations de Vladimir Poutine<\/strong><\/p>\n<p style=\"text-align:justify;\">Interrog\u00e9 par un journaliste sur les propos du pr\u00e9sident russe, qui avait qualifi\u00e9 de \u00ab piraterie \u00bb l\u2019interception du p\u00e9trolier, Confavreux a rejet\u00e9 l\u2019accusation : \u00ab De quoi parle-t-on ? On parle d\u2019un arraisonnement d\u2019un navire au large de la Bretagne. \u00bb<\/p>\n<p style=\"text-align:justify;\">Il a rappel\u00e9 que cette op\u00e9ration reposait sur le droit international : \u00ab Le fondement du droit international, c\u2019est l\u2019article 110 de la convention de Montego Bay de 1982, et qui en fait permettait notamment une enqu\u00eate de pavillon, qui est une proc\u00e9dure qui est pr\u00e9vue et encadr\u00e9e par le droit international, y compris au-del\u00e0 des eaux territoriales. \u00bb<\/p>\n<p style=\"text-align:justify;\">\u00ab Il existait de s\u00e9rieux doutes quant \u00e0 la nationalit\u00e9 du navire, justifiant cet arraisonnement et pour proc\u00e9der aux v\u00e9rifications n\u00e9cessaires \u00bb, a-t-il poursuivi.<\/p>\n<p style=\"text-align:justify;\">Le porte-parole a pr\u00e9cis\u00e9 que \u00ab le parquet de Brest s\u2019en est du reste saisi, au titre de deux choses, \u00e0 la fois d\u00e9faut de pavillon et refus d\u2019obtemp\u00e9rer. \u00bb Deux membres d\u2019\u00e9quipage ont \u00e9t\u00e9 plac\u00e9s en garde \u00e0 vue, et \u00ab l\u2019un des individus sera convoqu\u00e9 prochainement pour son proc\u00e8s \u00e0 cet \u00e9gard \u00bb.<\/p>\n<p style=\"text-align:justify;\"><strong>&#8211; Pression sur la \u00ab flotte fant\u00f4me \u00bb russe<\/strong><\/p>\n<p style=\"text-align:justify;\">Au-del\u00e0 du cas pr\u00e9cis du navire, Confavreux a replac\u00e9 l\u2019affaire dans un contexte plus large : \u00ab On estime que c\u2019est entre 800 et 1 000 navires qui correspondent \u00e0 peu pr\u00e8s \u00e0 40 % de l\u2019effort de guerre russe en Ukraine, dans cette guerre d\u2019agression. \u00bb<\/p>\n<p style=\"text-align:justify;\">\u00ab La volont\u00e9 du Pr\u00e9sident de la R\u00e9publique, du ministre de l\u2019Europe et des Affaires \u00e9trang\u00e8res, c\u2019est de mettre la pression sur cette flotte fant\u00f4me, puisqu\u2019elle est un poumon important de cet effort de guerre \u00bb, a-t-il conclu.<\/p>\n<p>                            &#13;<br \/>\n                                <a href=\"https:\/\/www.aa.com.tr\/fr\/p\/abonnement\/1001\" target=\"_blank\" style=\"font-size:12px; color:#444; text-decoration:none;\" rel=\"nofollow noopener\">&#13;<br \/>\n                                    Seulement une partie des d\u00e9p\u00eaches, que l&rsquo;Agence Anadolu diffuse \u00e0 ses abonn\u00e9s via le Syst\u00e8me de Diffusion interne (HAS), est diffus\u00e9e sur le site de l&rsquo;AA, de mani\u00e8re r\u00e9sum\u00e9e. <b style=\"color:#1897F7\">Contactez-nous s&rsquo;il vous pla\u00eet pour vous abonner.<\/b>&#13;<br \/>\n                                <\/a>&#13;<\/p>\n","protected":false},"excerpt":{"rendered":"AA \/ Paris \/ \u00dcmit D\u00f6nmez Le porte-parole du minist\u00e8re fran\u00e7ais de l\u2019Europe et des Affaires \u00e9trang\u00e8res, Pascal&hellip;\n","protected":false},"author":2,"featured_media":436496,"comment_status":"","ping_status":"","sticky":false,"template":"","format":"standard","meta":{"footnotes":""},"categories":[1591],"tags":[11,1785,2795,56380,1887,27,56381,12,1885,1886,132],"class_list":{"0":"post-436495","1":"post","2":"type-post","3":"status-publish","4":"format-standard","5":"has-post-thumbnail","7":"category-russie","8":"tag-actualites","9":"tag-anadolu-ajansi","10":"tag-drones-russes","11":"tag-embargo-europen-sur-le-ptrole-russe","12":"tag-federation-de-russie","13":"tag-france","14":"tag-france-russie","15":"tag-news","16":"tag-russia","17":"tag-russian-federation","18":"tag-russie"},"share_on_mastodon":{"url":"https:\/\/pubeurope.com\/@fr\/115311016976323296","error":""},"_links":{"self":[{"href":"https:\/\/www.europesays.com\/fr\/wp-json\/wp\/v2\/posts\/436495","targetHints":{"allow":["GET"]}}],"collection":[{"href":"https:\/\/www.europesays.com\/fr\/wp-json\/wp\/v2\/posts"}],"about":[{"href":"https:\/\/www.europesays.com\/fr\/wp-json\/wp\/v2\/types\/post"}],"author":[{"embeddable":true,"href":"https:\/\/www.europesays.com\/fr\/wp-json\/wp\/v2\/users\/2"}],"replies":[{"embeddable":true,"href":"https:\/\/www.europesays.com\/fr\/wp-json\/wp\/v2\/comments?post=436495"}],"version-history":[{"count":0,"href":"https:\/\/www.europesays.com\/fr\/wp-json\/wp\/v2\/posts\/436495\/revisions"}],"wp:featuredmedia":[{"embeddable":true,"href":"https:\/\/www.europesays.com\/fr\/wp-json\/wp\/v2\/media\/436496"}],"wp:attachment":[{"href":"https:\/\/www.europesays.com\/fr\/wp-json\/wp\/v2\/media?parent=436495"}],"wp:term":[{"taxonomy":"category","embeddable":true,"href":"https:\/\/www.europesays.com\/fr\/wp-json\/wp\/v2\/categories?post=436495"},{"taxonomy":"post_tag","embeddable":true,"href":"https:\/\/www.europesays.com\/fr\/wp-json\/wp\/v2\/tags?post=436495"}],"curies":[{"name":"wp","href":"https:\/\/api.w.org\/{rel}","templated":true}]}}