{"id":436501,"date":"2025-10-03T15:49:28","date_gmt":"2025-10-03T15:49:28","guid":{"rendered":"https:\/\/www.europesays.com\/fr\/436501\/"},"modified":"2025-10-03T15:49:28","modified_gmt":"2025-10-03T15:49:28","slug":"londres-veut-definitivement-interdire-la-tres-decriee-fracturation-hydraulique-2","status":"publish","type":"post","link":"https:\/\/www.europesays.com\/fr\/436501\/","title":{"rendered":"Londres veut d\u00e9finitivement interdire la tr\u00e8s d\u00e9cri\u00e9e fracturation hydraulique"},"content":{"rendered":"<p class=\"ap-StoryElement ap-StoryElement--mb ap-StoryText\">Cette technologie &#8211; dont le potentiel reste a priori limit\u00e9 au Royaume-Uni &#8211; risque de \u00ab\u00a0d\u00e9molir\u00a0\u00bb les engagements climatiques du pays tout en \u00e9tant \u00ab\u00a0dangereuse et extr\u00eamement pr\u00e9judiciable pour notre environnement\u00a0\u00bb, a-t-il lanc\u00e9 lors d&rsquo;un discours au congr\u00e8s du parti travailliste \u00e0 Liverpool, appelant \u00e0 \u00ab\u00a0interdire la fracturation hydraulique\u00a0\u00bb.<\/p>\n<p class=\"ap-StoryElement ap-StoryElement--mb ap-StoryText\">Il s&rsquo;agissait d&rsquo;une promesse de campagne du parti travailliste de Keir Starmer, \u00e9lu en juillet 2024.<\/p>\n<p class=\"ap-StoryElement ap-StoryElement--mb ap-StoryText\">Le gouvernement de l&rsquo;\u00e9ph\u00e9m\u00e8re Premi\u00e8re ministre conservatrice Liz Truss avait bri\u00e8vement lev\u00e9 en 2022 un moratoire sur la fracturation hydraulique, en vigueur dans le pays depuis 2019 en raison des risques de secousses sismiques. La suspension avait \u00e9t\u00e9 rapidement r\u00e9introduite par son successeur, lui aussi conservateur, Rishi Sunak.<\/p>\n","protected":false},"excerpt":{"rendered":"Cette technologie &#8211; dont le potentiel reste a priori limit\u00e9 au Royaume-Uni &#8211; risque de \u00ab\u00a0d\u00e9molir\u00a0\u00bb les engagements&hellip;\n","protected":false},"author":2,"featured_media":25030,"comment_status":"","ping_status":"","sticky":false,"template":"","format":"standard","meta":{"footnotes":""},"categories":[1588],"tags":[11,1777,674,12,3848,1800,473,1853,1851,1850,1852],"class_list":{"0":"post-436501","1":"post","2":"type-post","3":"status-publish","4":"format-standard","5":"has-post-thumbnail","7":"category-royaume-uni","8":"tag-actualites","9":"tag-eu","10":"tag-europe","11":"tag-news","12":"tag-partis","13":"tag-pollution","14":"tag-royaume-uni","15":"tag-royaume-uni-de-grande-bretagne-et-dirlande-du-nord","16":"tag-uk","17":"tag-united-kingdom","18":"tag-united-kingdom-of-great-britain-and-northern-ireland"},"share_on_mastodon":{"url":"https:\/\/pubeurope.com\/@fr\/115311028921463903","error":""},"_links":{"self":[{"href":"https:\/\/www.europesays.com\/fr\/wp-json\/wp\/v2\/posts\/436501","targetHints":{"allow":["GET"]}}],"collection":[{"href":"https:\/\/www.europesays.com\/fr\/wp-json\/wp\/v2\/posts"}],"about":[{"href":"https:\/\/www.europesays.com\/fr\/wp-json\/wp\/v2\/types\/post"}],"author":[{"embeddable":true,"href":"https:\/\/www.europesays.com\/fr\/wp-json\/wp\/v2\/users\/2"}],"replies":[{"embeddable":true,"href":"https:\/\/www.europesays.com\/fr\/wp-json\/wp\/v2\/comments?post=436501"}],"version-history":[{"count":0,"href":"https:\/\/www.europesays.com\/fr\/wp-json\/wp\/v2\/posts\/436501\/revisions"}],"wp:featuredmedia":[{"embeddable":true,"href":"https:\/\/www.europesays.com\/fr\/wp-json\/wp\/v2\/media\/25030"}],"wp:attachment":[{"href":"https:\/\/www.europesays.com\/fr\/wp-json\/wp\/v2\/media?parent=436501"}],"wp:term":[{"taxonomy":"category","embeddable":true,"href":"https:\/\/www.europesays.com\/fr\/wp-json\/wp\/v2\/categories?post=436501"},{"taxonomy":"post_tag","embeddable":true,"href":"https:\/\/www.europesays.com\/fr\/wp-json\/wp\/v2\/tags?post=436501"}],"curies":[{"name":"wp","href":"https:\/\/api.w.org\/{rel}","templated":true}]}}