{"id":436515,"date":"2025-10-03T15:59:13","date_gmt":"2025-10-03T15:59:13","guid":{"rendered":"https:\/\/www.europesays.com\/fr\/436515\/"},"modified":"2025-10-03T15:59:13","modified_gmt":"2025-10-03T15:59:13","slug":"tennis-gael-monfils-prendra-sa-retraite-a-la-fin-2026","status":"publish","type":"post","link":"https:\/\/www.europesays.com\/fr\/436515\/","title":{"rendered":"Tennis : Ga\u00ebl Monfils prendra sa retraite \u00e0 la fin 2026"},"content":{"rendered":"<p class=\"wcl-typoNewsPerex_JFWVr fp-perex_59joV\" data-testid=\"wcl-typoNewsPerex\" itemprop=\"description\">Ga\u00ebl Monfils, l&rsquo;un des joueurs les plus spectaculaires et les plus appr\u00e9ci\u00e9s du circuit, a annonc\u00e9 ce mercredi sur les r\u00e9seaux sociaux qu&rsquo;il prendrait sa retraite \u00e0 l&rsquo;issue de la saison 2026.<\/p>\n<p>\u00ab\u00a0<b>Apr\u00e8s avoir f\u00eat\u00e9 mes 39 ans, il y a tout juste un mois, je voudrais faire savoir que l&rsquo;ann\u00e9e qui vient sera ma derni\u00e8re en tant que joueur professionnel (&#8230;) Bien que ce sport soit de la plus grande importance pour moi, c&rsquo;est avec la plus grande s\u00e9r\u00e9nit\u00e9 que je prends la d\u00e9cision de me retirer \u00e0 l&rsquo;issue de la saison 2026&Prime;<\/b>, indique le joueur Fran\u00e7ais dans un message en anglais.<\/p>\n<p>Depuis ses d\u00e9buts sur le circuit ATP en 2004, Monfils a conquis 13 titres en simple, atteint trois fois la finale en Masters 1000 (Paris 2009 et 2010, Monte-Carlo 2016) et s&rsquo;est hiss\u00e9 au 6e rang mondial en 2016. Il a jou\u00e9 deux demi-finales en Grand Chelem (Roland-Garros 2008 et US Open 2016).<\/p>\n<p>Il manque en effet au talentueux et athl\u00e9tique joueur un titre Majeur. \u00ab\u00a0<b>J&rsquo;en ai \u00e9t\u00e9 proche, mais je n&rsquo;ai jamais remport\u00e9 un tournoi du Grand Chelem de ma carri\u00e8re. Je ne vais pas pr\u00e9tendre le faire dans l&rsquo;ann\u00e9e qui vient<\/b>\u00ab\u00a0, s&rsquo;amuse-t-il.<\/p>\n<p>Monfils est le dernier des nouveaux Mousquetaires de l&rsquo;\u00e9quipe de France de Coupe Davis, apr\u00e8s Jo-Wilfried Tsonga, Gilles Simon et Richard Gasquet, \u00e0 se retirer du circuit.<\/p>\n<p>Dans son long message, il remercie notamment son \u00e9pouse, la joueuse ukrainienne Elina Svitolina -\u00ab\u00a0<b>mon amour, mon inspiration et ma force<\/b>\u00ab\u00a0&#8211; leur fille Ska\u00ef, ses fr\u00e8res et soeurs Daryl, Roddie et Ma\u00e9lie, ses entra\u00eeneurs \u00ab\u00a0<b>qui ont cru dans cet enfant d\u00e9gingand\u00e9 de Paris<\/b>\u00ab\u00a0, et toutes les personnes qui \u00ab\u00a0<b>ont un jour cri\u00e9 &lsquo;Allez Ga\u00ebl !&rsquo; en live ou devant la t\u00e9l\u00e9<\/b>\u00ab\u00a0.<\/p>\n<p>\u00ab\u00a0Joie, frissons plaisir\u00a0\u00bb<\/p>\n<p>Il remercie \u00e9galement ses \u00ab\u00a0<b>trois mousquetaires et meilleurs amis pour la vie<\/b>\u00ab\u00a0, Tsonga, Simon et Gasquet.\u00a0Sans oublier ses parents : \u00ab\u00a0<b>regardez o\u00f9 nous en sommes arriv\u00e9s<\/b>\u00ab\u00a0.<\/p>\n<p>\u00ab\u00a0<b>Croyez-moi quand je dis que je n&rsquo;ai aucun regret<\/b>\u00ab\u00a0, assure dans son message Monfils. \u00ab\u00a0<b>Ce que je ressens en revanche, c&rsquo;est d&rsquo;avoir \u00e9t\u00e9 chanceux : incroyablement, follement chanceux.<\/b>\u00ab\u00a0<\/p>\n<p>\u00ab\u00a0<b>J&rsquo;ai eu la chance de jouer durant l&rsquo;\u00e9poque dor\u00e9e du tennis, aux c\u00f4t\u00e9s de certains des plus grands noms de l&rsquo;histoire de ce sport: Federer, Nadal, Djokovic, Murray. M\u00eame en perdant on a un sentiment \u00e9pique quand on a affront\u00e9 une l\u00e9gende (m\u00eame si je dois avouer que les victoires occasionnelles m&rsquo;ont apport\u00e9 une certaine euphorie aussi)<\/b>\u00ab\u00a0, d\u00e9veloppe-t-il encore.<\/p>\n<p>\u00ab\u00a0<b>En plus de La Monf, j&rsquo;ai \u00e9t\u00e9 surnomm\u00e9 le Showman au cours de ma carri\u00e8re. Mais je veux que vous sachiez que je n&rsquo;ai jamais simplement cherch\u00e9 \u00e0 faire le spectacle pour le public. Ce que vous avez vu, c&rsquo;est de la joie, de la pure joie<\/b>\u00ab\u00a0, assure l&rsquo;un des plus beaux ambassadeurs et acteurs de l&rsquo;histoire du tennis.<\/p>\n<p>\u00ab\u00a0<b>Ce que les spectateurs ont ressenti comme un show \u00e9tait en fait un courant \u00e9lectrique qui les a travers\u00e9s avant de revenir dans ma raquette. Un circuit complet de frisson et de plaisir<\/b>\u00ab\u00a0, a ajout\u00e9 le fanatique de basket.<\/p>\n<p>\u00ab\u00a0<b>Quand on aime autant quelque chose, on n&rsquo;a jamais l&rsquo;impression que le temps est venu de dire adieu. Mais \u00e0 40 ans, ce sera le bon moment pour moi. Bien s\u00fbr, gagner encore un titre avant de partir serait vraiment incroyable. Mais en r\u00e9alit\u00e9, mon unique v\u00e9ritable objectif est simple : profiter de chaque minute et jouer chaque match comme si c&rsquo;\u00e9tait mon dernier<\/b>\u00ab\u00a0, conclut <b>Monfils<\/b>.<\/p>\n","protected":false},"excerpt":{"rendered":"Ga\u00ebl Monfils, l&rsquo;un des joueurs les plus spectaculaires et les plus appr\u00e9ci\u00e9s du circuit, a annonc\u00e9 ce mercredi&hellip;\n","protected":false},"author":2,"featured_media":436516,"comment_status":"","ping_status":"","sticky":false,"template":"","format":"standard","meta":{"footnotes":""},"categories":[1415],"tags":[1011,27,60,1467],"class_list":{"0":"post-436515","1":"post","2":"type-post","3":"status-publish","4":"format-standard","5":"has-post-thumbnail","7":"category-tennis","8":"tag-fr","9":"tag-france","10":"tag-sports","11":"tag-tennis"},"share_on_mastodon":{"url":"https:\/\/pubeurope.com\/@fr\/115311067976207553","error":""},"_links":{"self":[{"href":"https:\/\/www.europesays.com\/fr\/wp-json\/wp\/v2\/posts\/436515","targetHints":{"allow":["GET"]}}],"collection":[{"href":"https:\/\/www.europesays.com\/fr\/wp-json\/wp\/v2\/posts"}],"about":[{"href":"https:\/\/www.europesays.com\/fr\/wp-json\/wp\/v2\/types\/post"}],"author":[{"embeddable":true,"href":"https:\/\/www.europesays.com\/fr\/wp-json\/wp\/v2\/users\/2"}],"replies":[{"embeddable":true,"href":"https:\/\/www.europesays.com\/fr\/wp-json\/wp\/v2\/comments?post=436515"}],"version-history":[{"count":0,"href":"https:\/\/www.europesays.com\/fr\/wp-json\/wp\/v2\/posts\/436515\/revisions"}],"wp:featuredmedia":[{"embeddable":true,"href":"https:\/\/www.europesays.com\/fr\/wp-json\/wp\/v2\/media\/436516"}],"wp:attachment":[{"href":"https:\/\/www.europesays.com\/fr\/wp-json\/wp\/v2\/media?parent=436515"}],"wp:term":[{"taxonomy":"category","embeddable":true,"href":"https:\/\/www.europesays.com\/fr\/wp-json\/wp\/v2\/categories?post=436515"},{"taxonomy":"post_tag","embeddable":true,"href":"https:\/\/www.europesays.com\/fr\/wp-json\/wp\/v2\/tags?post=436515"}],"curies":[{"name":"wp","href":"https:\/\/api.w.org\/{rel}","templated":true}]}}