{"id":436517,"date":"2025-10-03T16:01:11","date_gmt":"2025-10-03T16:01:11","guid":{"rendered":"https:\/\/www.europesays.com\/fr\/436517\/"},"modified":"2025-10-03T16:01:11","modified_gmt":"2025-10-03T16:01:11","slug":"il-y-a-du-mieux-mais-tout-ne-saccorde-pas-encore","status":"publish","type":"post","link":"https:\/\/www.europesays.com\/fr\/436517\/","title":{"rendered":"\u00ab Il y a du mieux, mais tout ne s\u2019accorde pas encore \u00bb"},"content":{"rendered":"<p>&#13;<\/p>\n<p><strong>Journ\u00e9e compliqu\u00e9e pour Johann Zarco sur le circuit de Mandalika. Le Fran\u00e7ais a chut\u00e9 \u00e0 deux reprises et termine seulement 14e des essais.\u00a0<\/strong><\/p>\n<p>S\u2019il a senti quelques progr\u00e8s avec sa nouvelle moto, la confiance manque toujours, notamment \u00e0 l\u2019avant pour Johann Zarco, auteur du 14e\u00a0temps de la s\u00e9ance d\u2019essais \u00e0 un peu moins d\u2019une seconde de Marco Bezzzecchi.\u00a0<\/p>\n<p>Malgr\u00e9 la d\u00e9ception de manquer la Q2, Zarco garde un \u0153il sur le potentiel\u00a0: \u00ab\u2009On sent qu\u2019il y a du mieux, mais tout ne s\u2019accorde pas encore. Je pense que la p\u00e9riode difficile ne m\u2019a pas aid\u00e9, j\u2019essaie de reconstruire depuis les tests de Misano (\u2026)\u2009\u00bb<\/p>\n<p>Et d\u2019ajouter\u00a0: \u00ab\u2009Je suis d\u00e9\u00e7u parce que j\u2019ai chut\u00e9 deux fois aujourd\u2019hui, alors que je ne voulais justement plus tomber. \u00c7a me met les boules, surtout que je rate la qualif\u00a0: c\u2019\u00e9tait important d\u2019\u00eatre en Q2 et je n\u2019ai pas pu le faire, alors qu\u2019il y avait la vitesse pour. On verra demain. L\u2019essentiel, c\u2019est de retrouver la confiance qui me manque. (\u2026) Pour l\u2019instant, je dois accepter de traverser cette phase, finir les courses, m\u00eame si \u00e7a veut dire ne pas pouvoir attaquer.\u2009\u00bb<\/p>\n<p>Le pneu arri\u00e8re disponible ce week-end semble poser des difficult\u00e9s aux pilotes. \u00ab\u2009C\u2019est une carcasse diff\u00e9rente, mais le comportement sur le pneu arri\u00e8re n\u2019est pas ce qui me g\u00eane le plus, explique Zarco. Ce matin, il fallait piloter un peu autrement, mais je m\u2019adapte vite. C\u2019est sur le train avant que je n\u2019arrive pas \u00e0 reprendre confiance. Cet apr\u00e8s-midi, j\u2019ai chut\u00e9 deux fois\u00a0: la premi\u00e8re parce que le pneu hard n\u2019\u00e9tait pas bien \u00e0 gauche, la deuxi\u00e8me en essayant d\u2019am\u00e9liorer les chronos pour la qualif. Dommage, je ne voulais plus tomber, et je rechute encore.\u2009\u00bb<\/p>\n<p>Le Fran\u00e7ais se veut n\u00e9anmoins rassurant sur son \u00e9tat physique apr\u00e8s ses deux glissades :\u00ab\u2009Je ne me suis pas fait mal. C\u2019\u00e9taient des glissades, dont une tr\u00e8s rapide, mais uniquement sur l\u2019asphalte. Pas de roul\u00e9-boul\u00e9, et c\u2019est plut\u00f4t bien.\u2009\u00bb<\/p>\n<p>&#13;<br \/>\n           &#13;<br \/>\n&#13;<br \/>\n    &#13;<br \/>\n    &#13;<\/p>\n","protected":false},"excerpt":{"rendered":"&#13; Journ\u00e9e compliqu\u00e9e pour Johann Zarco sur le circuit de Mandalika. Le Fran\u00e7ais a chut\u00e9 \u00e0 deux reprises&hellip;\n","protected":false},"author":2,"featured_media":436518,"comment_status":"","ping_status":"","sticky":false,"template":"","format":"standard","meta":{"footnotes":""},"categories":[1413],"tags":[1011,27,1457,1456,60],"class_list":{"0":"post-436517","1":"post","2":"type-post","3":"status-publish","4":"format-standard","5":"has-post-thumbnail","7":"category-moto","8":"tag-fr","9":"tag-france","10":"tag-moto","11":"tag-motocycle","12":"tag-sports"},"share_on_mastodon":{"url":"https:\/\/pubeurope.com\/@fr\/115311075885730977","error":""},"_links":{"self":[{"href":"https:\/\/www.europesays.com\/fr\/wp-json\/wp\/v2\/posts\/436517","targetHints":{"allow":["GET"]}}],"collection":[{"href":"https:\/\/www.europesays.com\/fr\/wp-json\/wp\/v2\/posts"}],"about":[{"href":"https:\/\/www.europesays.com\/fr\/wp-json\/wp\/v2\/types\/post"}],"author":[{"embeddable":true,"href":"https:\/\/www.europesays.com\/fr\/wp-json\/wp\/v2\/users\/2"}],"replies":[{"embeddable":true,"href":"https:\/\/www.europesays.com\/fr\/wp-json\/wp\/v2\/comments?post=436517"}],"version-history":[{"count":0,"href":"https:\/\/www.europesays.com\/fr\/wp-json\/wp\/v2\/posts\/436517\/revisions"}],"wp:featuredmedia":[{"embeddable":true,"href":"https:\/\/www.europesays.com\/fr\/wp-json\/wp\/v2\/media\/436518"}],"wp:attachment":[{"href":"https:\/\/www.europesays.com\/fr\/wp-json\/wp\/v2\/media?parent=436517"}],"wp:term":[{"taxonomy":"category","embeddable":true,"href":"https:\/\/www.europesays.com\/fr\/wp-json\/wp\/v2\/categories?post=436517"},{"taxonomy":"post_tag","embeddable":true,"href":"https:\/\/www.europesays.com\/fr\/wp-json\/wp\/v2\/tags?post=436517"}],"curies":[{"name":"wp","href":"https:\/\/api.w.org\/{rel}","templated":true}]}}