{"id":436519,"date":"2025-10-03T16:02:09","date_gmt":"2025-10-03T16:02:09","guid":{"rendered":"https:\/\/www.europesays.com\/fr\/436519\/"},"modified":"2025-10-03T16:02:09","modified_gmt":"2025-10-03T16:02:09","slug":"vanderson-ecarte-des-terrains-pour-environ-six-semaines-annonce-son-entraineur","status":"publish","type":"post","link":"https:\/\/www.europesays.com\/fr\/436519\/","title":{"rendered":"Vanderson \u00e9cart\u00e9 des terrains pour environ six semaines, annonce son entra\u00eeneur"},"content":{"rendered":"<p>Touch\u00e9 face \u00e0 Manchester City mercredi en Ligue des champions, Vanderson devrait manquer six semaines de comp\u00e9tition environ.<\/p>\n<p class=\"fig-paragraph\">Le d\u00e9fenseur international br\u00e9silien de Monaco, Vanderson, victime d&rsquo;une blessure aux muscles ischio-jambiers de la cuisse gauche<a href=\"http:\/\/www.lefigaro.fr\/sports\/football\/ligue-des-champions\/ligue-des-champions-au-courage-monaco-arrache-un-point-inespere-face-a-manchester-city-20251001\" data-fig-type=\"NewsFlash\" data-gtm-custom-categorie=\"navigation\" data-gtm-custom-action=\"crossclick\" data-gtm-custom-label=\"Contextuel\" data-gtm-event=\"customEventSPE\" data-fig-domain=\"LEFIGARO\" target=\"_blank\" rel=\"noopener\">\u00a0contre Manchester City (2-2), mercredi dernier en Ligue des champions<\/a>, sera absent \u00abenviron six semaines\u00bb, a indiqu\u00e9 vendredi son entra\u00eeneur Adi H\u00fctter.<\/p>\n<p class=\"fig-paragraph\">Son absence \u00absera de quelques semaines, c&rsquo;est s\u00fbr\u00bb, a lanc\u00e9 H\u00fctter au sujet du Br\u00e9silien avant de pr\u00e9ciser: \u00abJe pense que ce sera environ six semaines\u00bb.<\/p>\n<p>                                    <a class=\"fig-a11y-skip a11y-hidden\" href=\"#fig-a11y-skip-main-inarticle\"><br \/>\n        Passer la publicit\u00e9<br \/>\n    <\/a><\/p>\n<p class=\"fig-paragraph\">\u00abIl n&rsquo;a vraiment pas de chance et nous sommes tr\u00e8s tristes pour lui, a poursuivi l&rsquo;entra\u00eeneur. Car c&rsquo;est la deuxi\u00e8me fois cons\u00e9cutive qu&rsquo;il est s\u00e9lectionn\u00e9 avec l&rsquo;\u00e9quipe nationale du Br\u00e9sil, et la deuxi\u00e8me fois qu&rsquo;une blessure ne lui permet pas de voyager.\u00bb Fin ao\u00fbt, Vanderson avait effectivement d\u00e9j\u00e0 \u00e9t\u00e9 bless\u00e9 \u00e0 un mollet.<\/p>\n<p>Un groupe amoindri pour le derby<\/p>\n<p class=\"fig-paragraph\">Outre le lat\u00e9ral droit br\u00e9silien, H\u00fctter devra \u00e9galement se passer de huit joueurs pour le derby contre Nice dimanche. Ainsi, le gardien Lukas Hradecky (genou), le d\u00e9fenseur Christian Mawissa (ischio-jambiers), les milieux Lamine Camara (cheville), Denis Zakaria (adducteurs), Aleksandr Golovin (cuisse) et Aladji Bamba (cuisse) sont bless\u00e9s. Paul Pogba est, lui, en reprise. Quant \u00e0 Thilo Kehrer, exclu \u00e0 Lorient la semaine derni\u00e8re, il purgera son seul match de suspension.<\/p>\n","protected":false},"excerpt":{"rendered":"Touch\u00e9 face \u00e0 Manchester City mercredi en Ligue des champions, Vanderson devrait manquer six semaines de comp\u00e9tition environ.&hellip;\n","protected":false},"author":2,"featured_media":436520,"comment_status":"","ping_status":"","sticky":false,"template":"","format":"standard","meta":{"footnotes":""},"categories":[1412],"tags":[2266,1451,1452,1453,1454,1455,1011,27,60],"class_list":{"0":"post-436519","1":"post","2":"type-post","3":"status-publish","4":"format-standard","5":"has-post-thumbnail","7":"category-f1","8":"tag-as-monaco","9":"tag-f1","10":"tag-formula-1","11":"tag-formula1","12":"tag-formule-1","13":"tag-formule1","14":"tag-fr","15":"tag-france","16":"tag-sports"},"share_on_mastodon":{"url":"https:\/\/pubeurope.com\/@fr\/115311079866563410","error":""},"_links":{"self":[{"href":"https:\/\/www.europesays.com\/fr\/wp-json\/wp\/v2\/posts\/436519","targetHints":{"allow":["GET"]}}],"collection":[{"href":"https:\/\/www.europesays.com\/fr\/wp-json\/wp\/v2\/posts"}],"about":[{"href":"https:\/\/www.europesays.com\/fr\/wp-json\/wp\/v2\/types\/post"}],"author":[{"embeddable":true,"href":"https:\/\/www.europesays.com\/fr\/wp-json\/wp\/v2\/users\/2"}],"replies":[{"embeddable":true,"href":"https:\/\/www.europesays.com\/fr\/wp-json\/wp\/v2\/comments?post=436519"}],"version-history":[{"count":0,"href":"https:\/\/www.europesays.com\/fr\/wp-json\/wp\/v2\/posts\/436519\/revisions"}],"wp:featuredmedia":[{"embeddable":true,"href":"https:\/\/www.europesays.com\/fr\/wp-json\/wp\/v2\/media\/436520"}],"wp:attachment":[{"href":"https:\/\/www.europesays.com\/fr\/wp-json\/wp\/v2\/media?parent=436519"}],"wp:term":[{"taxonomy":"category","embeddable":true,"href":"https:\/\/www.europesays.com\/fr\/wp-json\/wp\/v2\/categories?post=436519"},{"taxonomy":"post_tag","embeddable":true,"href":"https:\/\/www.europesays.com\/fr\/wp-json\/wp\/v2\/tags?post=436519"}],"curies":[{"name":"wp","href":"https:\/\/api.w.org\/{rel}","templated":true}]}}