{"id":436525,"date":"2025-10-03T16:05:25","date_gmt":"2025-10-03T16:05:25","guid":{"rendered":"https:\/\/www.europesays.com\/fr\/436525\/"},"modified":"2025-10-03T16:05:25","modified_gmt":"2025-10-03T16:05:25","slug":"un-presentateur-bien-connu-lache-tout-pour-la-politiq","status":"publish","type":"post","link":"https:\/\/www.europesays.com\/fr\/436525\/","title":{"rendered":"un pr\u00e9sentateur bien connu l\u00e2che tout pour la politiq &#8230;"},"content":{"rendered":"<p>EN BREF<\/p>\n<ul class=\"bloc_resume_post_list\">\n<li>Olivier Galzi, ancien pr\u00e9sentateur du JT de 20h sur<br \/>\nFrance 2, se lance en politique pour les municipales de 2026 \u00e0<br \/>\nAvignon.<\/li>\n<li>Il envisage de constituer une alliance citoyenne sans le<br \/>\nRassemblement national ni La France Insoumise.<\/li>\n<li>Son parcours pourrait inspirer d\u00a0\u00bbautres figures<br \/>\nm\u00e9diatiques \u00e0 suivre cette voie audacieuse.<\/li>\n<\/ul>\n<p>Visiblement, de la <strong>t\u00e9l\u00e9 \u00e0 la politique<\/strong>, il n&rsquo;y<br \/>\na qu&rsquo;un pas. Et cet ancien pr\u00e9sentateur a d\u00e9cid\u00e9 de le franchir.<br \/>\nSon annonce a pris tout le monde de court. <a href=\"https:\/\/www.telestar.fr\/people\/olivier-galzi-que-devient-le-journaliste-depuis-son-depart-de-la-television-690408\" target=\"_blank\" rel=\"noopener\"><br \/>\nOlivier Galzi<\/a>, ancien joker incontournable du <a href=\"https:\/\/www.telestar.fr\/actu_tv\/jt-de-13h-julian-bugier-fait-une-infidelite-a-france-2-et-ca-va-durer-1739980\" target=\"_blank\" rel=\"noopener\"><br \/>\nJT<\/a> de 20h sur <a href=\"https:\/\/www.telestar.fr\/actu_tv\/lea-salame-au-20h-de-france-2-on-connait-enfin-le-nom-de-son-joker-et-ca-sonne-comme-une-revanche-1740130\" target=\"_blank\" rel=\"noopener\"><br \/>\nFrance 2<\/a> et ex-pr\u00e9sentateur d\u2019iT\u00e9l\u00e9 et LCI, a d\u00e9cid\u00e9 de<br \/>\n<strong>changer radicalement de trajectoire<\/strong>. Loin des<br \/>\nplateaux t\u00e9l\u00e9 et des projecteurs, il veut d\u00e9sormais s\u2019investir<br \/>\npleinement\u2026 en politique.<\/p>\n<p>Un choix qui surprend, mais qui n\u2019est pas anodin. Originaire<br \/>\nd\u2019Avignon, le journaliste a longtemps gard\u00e9 un lien fort avec sa<br \/>\nville natale. C\u2019est justement l\u00e0 qu\u2019il envisage de se lancer . \u00c0<br \/>\nl&rsquo;instar de <a href=\"https:\/\/www.telestar.fr\/societe\/louis-sarkozy-desarconne-en-plein-direct-la-faute-a-une-question-un-peu-lunaire-1722493\" target=\"_blank\" rel=\"noopener\"><br \/>\nLouis Sarkozy<\/a>, il brigue la mairie lors des <strong>municipales<br \/>\nde 2026<\/strong>. Un pari risqu\u00e9, mais qui t\u00e9moigne de sa volont\u00e9<br \/>\nde passer <strong>\u00ab\u00a0de l\u2019analyse des faits\u00a0\u00bb<\/strong> \u00e0 \u00ab\u00a0l&rsquo;action<br \/>\nconcr\u00e8te\u00a0\u00bb, selon ses proches.<\/p>\n<p>Du JT de France 2 \u00e0 l&rsquo;alliance citoyenne<\/p>\n<p>\u00c0 Avignon, le paysage politique est en plein bouleversement. La<br \/>\nmaire socialiste sortante, C\u00e9cile Helle, a annonc\u00e9 qu\u2019elle ne se<br \/>\nrepr\u00e9senterait pas. Une place est donc \u00e0 prendre, et<br \/>\n<strong>Olivier Galzi entend bien saisir l\u2019occasion<\/strong>. Selon<br \/>\n<a href=\"https:\/\/www.leparisien.fr\/politique\/il-y-reflechit-tres-serieusement-lex-presentateur-olivier-galzi-en-route-pour-la-mairie-davignon-en-2026-24-07-2025-4RM27L3QNJAKPGB3BD7ZZDHTOM.php\" target=\"_blank\" rel=\"noopener\"><br \/>\nLe Parisien<\/a>, il<br \/>\nr\u00e9fl\u00e9chirait \u00e0 la constitution d\u2019une grande alliance citoyenne.<br \/>\nSans le Rassemblement national ni La France Insoumise.<\/p>\n<p>Une chose est certaine : son entr\u00e9e en sc\u00e8ne ne laisse personne<br \/>\nindiff\u00e9rent. Entre curiosit\u00e9 et enthousiasme, les r\u00e9actions fusent<br \/>\nd\u00e9j\u00e0. Si l\u2019ancien journaliste parvenait \u00e0 transformer l\u2019essai, il<br \/>\ndeviendrait (presque) l\u2019un des rares \u00e0 r\u00e9ussir cette spectaculaire<br \/>\nreconversion.\u00a0Inspirant pour <a href=\"https:\/\/www.telestar.fr\/actu_tv\/lea-salame-au-20h-de-france-2-on-connait-enfin-le-nom-de-son-joker-et-ca-sonne-comme-une-revanche-1740130\" target=\"_blank\" rel=\"noopener\"><br \/>\nL\u00e9a Salam\u00e9<\/a>, figure actuelle de l&rsquo;info de la deuxi\u00e8me cha\u00eene<br \/>\n?<\/p>\n<p>Ces (autres) hommes de t\u00e9l\u00e9vision<br \/>\nreconvertis en politique<\/p>\n<p>Olivier Galzi n&rsquo;est pas le seul \u00e0 avoir voulu op\u00e9rer cette<br \/>\nreconversion os\u00e9e. \u00c0 un moment de sa vie, <strong>il a d\u00e9cid\u00e9 de<br \/>\ns\u2019engager concr\u00e8tement<\/strong>. \u00c9cologiste \u00e0 ses heures, il s\u2019est<br \/>\npr\u00e9sent\u00e9 aux \u00e9lections l\u00e9gislatives en Touraine pour<br \/>\nG\u00e9n\u00e9ration \u00e9cologie, apr\u00e8s<br \/>\navoir milit\u00e9 aux c\u00f4t\u00e9s des Verts en Sa\u00f4ne-et-Loire.<\/p>\n<p>De m\u00eame, <a href=\"https:\/\/www.telestar.fr\/actu-tv\/patrick-de-carolis-des-racines-et-des-ailes-annonce-sa-candidature-a-la-mairie-d-454041\" target=\"_blank\" rel=\"noopener\"><br \/>\nPatrick de Caroli<\/a>s a marqu\u00e9 le paysage audiovisuel fran\u00e7ais<br \/>\navant de <strong>se tourner vers l\u2019\u00e9criture et la<br \/>\npolitique<\/strong>. Membre de l\u2019Acad\u00e9mie des beaux-arts et<br \/>\npr\u00e9sident du mus\u00e9e Marmottan Monet, il reste un d\u00e9fenseur passionn\u00e9<br \/>\nde la culture, qu\u2019il entend d\u00e9sormais promouvoir \u00e0 l\u2019\u00e9chelle<br \/>\nlocale.<\/p>\n","protected":false},"excerpt":{"rendered":"EN BREF Olivier Galzi, ancien pr\u00e9sentateur du JT de 20h sur France 2, se lance en politique pour&hellip;\n","protected":false},"author":2,"featured_media":436526,"comment_status":"","ping_status":"","sticky":false,"template":"","format":"standard","meta":{"footnotes":""},"categories":[1359],"tags":[548,58,59,1011,27,50052,973],"class_list":{"0":"post-436525","1":"post","2":"type-post","3":"status-publish","4":"format-standard","5":"has-post-thumbnail","7":"category-people","8":"tag-article-simple","9":"tag-divertissement","10":"tag-entertainment","11":"tag-fr","12":"tag-france","13":"tag-jt-de-20h","14":"tag-people"},"share_on_mastodon":{"url":"https:\/\/pubeurope.com\/@fr\/115311091630427439","error":""},"_links":{"self":[{"href":"https:\/\/www.europesays.com\/fr\/wp-json\/wp\/v2\/posts\/436525","targetHints":{"allow":["GET"]}}],"collection":[{"href":"https:\/\/www.europesays.com\/fr\/wp-json\/wp\/v2\/posts"}],"about":[{"href":"https:\/\/www.europesays.com\/fr\/wp-json\/wp\/v2\/types\/post"}],"author":[{"embeddable":true,"href":"https:\/\/www.europesays.com\/fr\/wp-json\/wp\/v2\/users\/2"}],"replies":[{"embeddable":true,"href":"https:\/\/www.europesays.com\/fr\/wp-json\/wp\/v2\/comments?post=436525"}],"version-history":[{"count":0,"href":"https:\/\/www.europesays.com\/fr\/wp-json\/wp\/v2\/posts\/436525\/revisions"}],"wp:featuredmedia":[{"embeddable":true,"href":"https:\/\/www.europesays.com\/fr\/wp-json\/wp\/v2\/media\/436526"}],"wp:attachment":[{"href":"https:\/\/www.europesays.com\/fr\/wp-json\/wp\/v2\/media?parent=436525"}],"wp:term":[{"taxonomy":"category","embeddable":true,"href":"https:\/\/www.europesays.com\/fr\/wp-json\/wp\/v2\/categories?post=436525"},{"taxonomy":"post_tag","embeddable":true,"href":"https:\/\/www.europesays.com\/fr\/wp-json\/wp\/v2\/tags?post=436525"}],"curies":[{"name":"wp","href":"https:\/\/api.w.org\/{rel}","templated":true}]}}