{"id":436527,"date":"2025-10-03T16:06:21","date_gmt":"2025-10-03T16:06:21","guid":{"rendered":"https:\/\/www.europesays.com\/fr\/436527\/"},"modified":"2025-10-03T16:06:21","modified_gmt":"2025-10-03T16:06:21","slug":"durant-les-premieres-heures-latmosphere-ressemblait-a-celle-dune-eglise-geante","status":"publish","type":"post","link":"https:\/\/www.europesays.com\/fr\/436527\/","title":{"rendered":"\u00ab\u00a0Durant les premi\u00e8res heures, l\u2019atmosph\u00e8re ressemblait \u00e0 celle d\u2019une \u00e9glise g\u00e9ante\u00a0\u00bb"},"content":{"rendered":"\n<p class=\"article__paragraph article__paragraph--lf \">Des dizaines de milliers de personnes \u00e9taient rassembl\u00e9es, le 21\u00a0septembre, dans le State Farm Stadium, \u00e0 Glendale, pr\u00e8s de Phoenix (Arizona), pour rendre hommage \u00e0 Charlie Kirk, chef de file de l\u2019organisation Turning Point USA, assassin\u00e9 le 10\u00a0septembre. Orchestr\u00e9 par le pr\u00e9sident des Etats-Unis, Donald Trump, et son vice-pr\u00e9sident, J. D.\u00a0Vance, l\u2019\u00e9v\u00e9nement s\u2019est rapidement transform\u00e9 en meeting politique, r\u00e9v\u00e9lant, selon la photographe am\u00e9ricaine Stacy Kranitz, \u00ab\u00a0la mani\u00e8re dont la droite chr\u00e9tienne a r\u00e9ussi \u00e0 infiltrer notre gouvernement\u00a0\u00bb.<\/p>\n<p class=\"article__paragraph article__paragraph--lf \"><strong>Comment s\u2019est d\u00e9roul\u00e9e votre arriv\u00e9e \u00e0 Phoenix, dans le grand stade de Glendale, r\u00e9quisitionn\u00e9 pour l\u2019hommage \u00e0 Charlie Kirk\u00a0?<\/strong><\/p>\n<p class=\"article__paragraph article__paragraph--lf \">Je suis entr\u00e9e dans le stade au moment o\u00f9 l\u2019on commen\u00e7ait tout juste \u00e0 laisser entrer le public. Il a fallu des heures pour que les places se remplissent, et, durant ces premi\u00e8res heures, l\u2019atmosph\u00e8re ressemblait \u00e0 celle d\u2019une \u00e9glise g\u00e9ante\u00a0: les gens chantaient en ch\u0153ur des louanges. C\u2019est quelque chose de tr\u00e8s familier pour moi, qui vis dans la Bible Belt (une r\u00e9gion dans le sud des Etats-Unis marqu\u00e9e par une forte religiosit\u00e9).<\/p>\n<p>                                  <img viewbox=\"0 0 664 443\"  width=\"664\" height=\"443\" alt=\"Pendant le discours de Donald Trump au State Farm Stadium, \u00e0 Glendale (Arizona), le 21\u00a0septembre 2025.\"\/>    Pendant le discours de Donald Trump au State Farm Stadium, \u00e0 Glendale (Arizona), le 21\u00a0septembre 2025.  STACY KRANITZ POUR \u00abLE MONDE\u00bb                     <\/p>\n<p class=\"reading-mode-only \"><strong>Il vous reste 80.28% de cet article \u00e0 lire. La suite est r\u00e9serv\u00e9e aux abonn\u00e9s.<\/strong><\/p>\n","protected":false},"excerpt":{"rendered":"Des dizaines de milliers de personnes \u00e9taient rassembl\u00e9es, le 21\u00a0septembre, dans le State Farm Stadium, \u00e0 Glendale, pr\u00e8s&hellip;\n","protected":false},"author":2,"featured_media":436528,"comment_status":"","ping_status":"","sticky":false,"template":"","format":"standard","meta":{"footnotes":""},"categories":[1358],"tags":[1348,1384,1385,1386,58,59,1011,27],"class_list":{"0":"post-436527","1":"post","2":"type-post","3":"status-publish","4":"format-standard","5":"has-post-thumbnail","7":"category-arts-et-design","8":"tag-arts","9":"tag-arts-and-design","10":"tag-arts-et-design","11":"tag-design","12":"tag-divertissement","13":"tag-entertainment","14":"tag-fr","15":"tag-france"},"share_on_mastodon":{"url":"https:\/\/pubeurope.com\/@fr\/115311095567687738","error":""},"_links":{"self":[{"href":"https:\/\/www.europesays.com\/fr\/wp-json\/wp\/v2\/posts\/436527","targetHints":{"allow":["GET"]}}],"collection":[{"href":"https:\/\/www.europesays.com\/fr\/wp-json\/wp\/v2\/posts"}],"about":[{"href":"https:\/\/www.europesays.com\/fr\/wp-json\/wp\/v2\/types\/post"}],"author":[{"embeddable":true,"href":"https:\/\/www.europesays.com\/fr\/wp-json\/wp\/v2\/users\/2"}],"replies":[{"embeddable":true,"href":"https:\/\/www.europesays.com\/fr\/wp-json\/wp\/v2\/comments?post=436527"}],"version-history":[{"count":0,"href":"https:\/\/www.europesays.com\/fr\/wp-json\/wp\/v2\/posts\/436527\/revisions"}],"wp:featuredmedia":[{"embeddable":true,"href":"https:\/\/www.europesays.com\/fr\/wp-json\/wp\/v2\/media\/436528"}],"wp:attachment":[{"href":"https:\/\/www.europesays.com\/fr\/wp-json\/wp\/v2\/media?parent=436527"}],"wp:term":[{"taxonomy":"category","embeddable":true,"href":"https:\/\/www.europesays.com\/fr\/wp-json\/wp\/v2\/categories?post=436527"},{"taxonomy":"post_tag","embeddable":true,"href":"https:\/\/www.europesays.com\/fr\/wp-json\/wp\/v2\/tags?post=436527"}],"curies":[{"name":"wp","href":"https:\/\/api.w.org\/{rel}","templated":true}]}}