{"id":436529,"date":"2025-10-03T16:07:11","date_gmt":"2025-10-03T16:07:11","guid":{"rendered":"https:\/\/www.europesays.com\/fr\/436529\/"},"modified":"2025-10-03T16:07:11","modified_gmt":"2025-10-03T16:07:11","slug":"trail-vide-dressing-festival-du-livre-que-faire-ce-week-end-dans-le-pays-bigouden","status":"publish","type":"post","link":"https:\/\/www.europesays.com\/fr\/436529\/","title":{"rendered":"Trail, vide-dressing, festival du livre\u2026 Que faire ce week-end dans le Pays bigouden\u00a0?"},"content":{"rendered":"<p>1 Le festival du livre \u00e0 Loctudy<\/p>\n<p><a href=\"https:\/\/www.letelegramme.fr\/finistere\/loctudy-29750\/rencontrez-vos-auteurs-locaux-au-festival-du-livre-de-loctudy-les-4-et-5-octobre-6900961.php\" target=\"_blank\" rel=\"noopener\">Le premier Festival du livre aura lieu \u00e0 la Maison des associations de Loctudy, ce week-end du 4 et 5 octobre 2025<\/a>. L\u2019\u00e9v\u00e8nement est organis\u00e9 par l\u2019association L\u2019Esquisse et le Mot cr\u00e9\u00e9e en d\u00e9but d\u2019ann\u00e9e par Laurence Tonnel. Pendant deux jours, le public pourra rencontrer une vingtaine d\u2019auteurs locaux et d\u00e9couvrir de nombreux genres litt\u00e9raires\u00a0: romans, polars, livres jeunesse et nouvelles. Plusieurs animations sont \u00e9galement pr\u00e9vues\u00a0: une tombola avec des livres \u00e0 gagner, ainsi que la remise des prix du concours de nouvelles le samedi, avec un prix de 150 \u20ac \u00e0 remporter. Le dimanche, deux tombolas permettront aux enfants et aux adultes de remporter des lots offerts par les commer\u00e7ants de la commune.<\/p>\n<p>2 Un vide-dressing \u00e0 Pont-l\u2019Abb\u00e9<\/p>\n<p>Ce samedi 4 octobre 2025, chez Bigouden Makers \u00e0 Pont-l\u2019Abb\u00e9, <a href=\"https:\/\/www.letelegramme.fr\/finistere\/pont-l-abbe-29120\/a-pont-labbe-une-belle-occasion-de-renouveler-sa-garde-robe-avec-un-vide-dressing-samedi-4-octobre-6898809.php\" target=\"_blank\" rel=\"noopener\">l\u2019association les Mamz\u2019elles de Quimper organise un vide-dressing de 10\u00a0h \u00e0 17\u00a0h<\/a>. \u00c0 la vingtaine de stands de textile de seconde main (tous d\u00e9j\u00e0 r\u00e9serv\u00e9s) s\u2019ajoutera un march\u00e9 de cr\u00e9ateurs locaux (d\u00e9co, bijoux, upcycling, c\u00e9ramique) avec \u00e9galement cr\u00eapes, petite restauration, animation musicale, jeux en bois\u2026<\/p>\n<p>3 Un trail \u00e0 Plobannalec-Lesconil<\/p>\n<p><a href=\"https:\/\/www.letelegramme.fr\/finistere\/plobannalec-lesconil-29740\/la-team-rider-tattoo-prepare-son-4e-trail-a-plobannalec-lesconil-dimanche-5-octobre-6899473.php\" target=\"_blank\" rel=\"noopener\">La 4e \u00e9dition du trail de l\u2019association Team Rider Tattoo<\/a> aura lieu ce dimanche 5 octobre 2025, \u00e0 Plobannalec-Lesconil. Le d\u00e9part sera donn\u00e9 depuis la salle omnisports de Pont-Plat. Au programme, deux \u00e9preuves caritatives non chronom\u00e9tr\u00e9es de course \u00e0 pied, trail de 12 et 8 km, sur des chemins et des sentiers du bord de mer. Quatre d\u00e9parts sont pr\u00e9vus\u00a0: marche de 8 km et cani-marche, d\u00e9part \u00e0 9\u00a0h\u00a0; course de jo\u00eblette 12 km, d\u00e9part \u00e0 9\u00a0h\u00a030\u00a0; cani-trail 12 km, d\u00e9part \u00e0 9\u00a0h\u00a045\u00a0; course de 12 km ouverte \u00e0 tous, d\u00e9part \u00e0 10\u00a0h. L\u2019association Team Rider Tattoo a pour but de promouvoir le sport, notamment chez l\u2019enfant malade et\/ou en situation de handicap gr\u00e2ce \u00e0 la jo\u00eblette.<\/p>\n<p>4 Une projection de film \u00e0 Pouldreuzic<\/p>\n<p>L\u2019amicale la\u00efque de Pouldreuzic, en partenariat avec le Cercle des voyageurs <a href=\"https:\/\/www.letelegramme.fr\/finistere\/pouldreuzic-29710\/a-pouldreuzic-le-pendjab-indien-a-lecran-dimanche-5-octobre-avec-lamicale-laique-6901415.php\" target=\"_blank\" rel=\"noopener\">organise la projection du film \u00ab\u00a0Pendjab, Sikhs et fiers de l\u2019\u00eatre\u00a0\u00bb, dimanche 5 octobre \u00e0 16\u00a0h\u00a030, salle Pierre-Jakez-H\u00e9lias<\/a>. Les r\u00e9alisateurs, Mich\u00e8le et Jean Meuris, seront pr\u00e9sents pour un \u00e9change avec les spectateurs. Tarif\u00a0: 8 \u20ac, r\u00e9duit\u00a0: 6 \u20ac (adh\u00e9rents Amicale la\u00efque de Pouldreuzic, \u00e9tudiants, demandeurs d\u2019emploi), gratuit &#8211; de 12 ans. Contacts\u00a0: t\u00e9l. 06\u00a077\u00a045\u00a000\u00a087, m\u00e9l. <a href=\"https:\/\/www.letelegramme.fr\/cdn-cgi\/l\/email-protection\" class=\"__cf_email__\" data-cfemail=\"d9bab6b7adb8baad99b8b5a9b6acb5bdabbcaca3b0baf7bfab\" target=\"_blank\" rel=\"noopener\">[email\u00a0protected]<\/a>.<\/p>\n","protected":false},"excerpt":{"rendered":"1 Le festival du livre \u00e0 Loctudy Le premier Festival du livre aura lieu \u00e0 la Maison des&hellip;\n","protected":false},"author":2,"featured_media":436530,"comment_status":"","ping_status":"","sticky":false,"template":"","format":"standard","meta":{"footnotes":""},"categories":[1357],"tags":[1379,58,59,1011,27,1380,1335,10587,3323,45661],"class_list":{"0":"post-436529","1":"post","2":"type-post","3":"status-publish","4":"format-standard","5":"has-post-thumbnail","7":"category-livres","8":"tag-books","9":"tag-divertissement","10":"tag-entertainment","11":"tag-fr","12":"tag-france","13":"tag-livres","14":"tag-loctudy","15":"tag-plobannalec-lesconil","16":"tag-pont-labbe","17":"tag-pouldreuzic"},"share_on_mastodon":{"url":"https:\/\/pubeurope.com\/@fr\/115311099909906455","error":""},"_links":{"self":[{"href":"https:\/\/www.europesays.com\/fr\/wp-json\/wp\/v2\/posts\/436529","targetHints":{"allow":["GET"]}}],"collection":[{"href":"https:\/\/www.europesays.com\/fr\/wp-json\/wp\/v2\/posts"}],"about":[{"href":"https:\/\/www.europesays.com\/fr\/wp-json\/wp\/v2\/types\/post"}],"author":[{"embeddable":true,"href":"https:\/\/www.europesays.com\/fr\/wp-json\/wp\/v2\/users\/2"}],"replies":[{"embeddable":true,"href":"https:\/\/www.europesays.com\/fr\/wp-json\/wp\/v2\/comments?post=436529"}],"version-history":[{"count":0,"href":"https:\/\/www.europesays.com\/fr\/wp-json\/wp\/v2\/posts\/436529\/revisions"}],"wp:featuredmedia":[{"embeddable":true,"href":"https:\/\/www.europesays.com\/fr\/wp-json\/wp\/v2\/media\/436530"}],"wp:attachment":[{"href":"https:\/\/www.europesays.com\/fr\/wp-json\/wp\/v2\/media?parent=436529"}],"wp:term":[{"taxonomy":"category","embeddable":true,"href":"https:\/\/www.europesays.com\/fr\/wp-json\/wp\/v2\/categories?post=436529"},{"taxonomy":"post_tag","embeddable":true,"href":"https:\/\/www.europesays.com\/fr\/wp-json\/wp\/v2\/tags?post=436529"}],"curies":[{"name":"wp","href":"https:\/\/api.w.org\/{rel}","templated":true}]}}