{"id":436531,"date":"2025-10-03T16:08:20","date_gmt":"2025-10-03T16:08:20","guid":{"rendered":"https:\/\/www.europesays.com\/fr\/436531\/"},"modified":"2025-10-03T16:08:20","modified_gmt":"2025-10-03T16:08:20","slug":"de-fox-news-a-cnews-une-conception-libertarienne-de-la-liberte-dexpression","status":"publish","type":"post","link":"https:\/\/www.europesays.com\/fr\/436531\/","title":{"rendered":"De Fox News \u00e0 Cnews, une conception libertarienne de la libert\u00e9 d\u2019expression"},"content":{"rendered":"<p>                        De Fox News \u00e0 Cnews, une conception libertarienne de la libert\u00e9 d\u2019expression<\/p>\n<p class=\"byline author vcard\">Par    <a href=\"https:\/\/aoc.media\/auteur\/pauline-trouillard\/\" title=\"Articles par Pauline Trouillard\" class=\"author url fn\" rel=\"author noopener\" target=\"_blank\">Pauline Trouillard<\/a><\/p>\n<p>La cr\u00e9ation d\u2019une cha\u00eene telle que Fox News a \u00e9t\u00e9 rendue possible aux \u00c9tats-Unis par la fin de la Fairness Doctrine, un ensemble de r\u00e8gles \u00e9quivalentes \u00e0 notre principe de pluralisme. La cr\u00e9ation cons\u00e9cutive de CNews en France, alors que notre syst\u00e8me juridique interdit les cha\u00eenes non pluralistes, montre que les syst\u00e8mes juridiques peuvent aujourd\u2019hui s\u2019influencer les uns les autres m\u00eame sans transposition normative.<\/p>\n<p class=\"first-paragraph\">En 2012, Vincent Bollor\u00e9 entre au capital de Vivendi gr\u00e2ce \u00e0 un \u00e9change d\u2019actions. Vivendi, ancienne Compagnie G\u00e9n\u00e9rale des Eaux, est un groupe fran\u00e7ais sp\u00e9cialis\u00e9 dans les m\u00e9dias qui d\u00e9tient la cha\u00eene Canal+. La cha\u00eene est connue pour sa libert\u00e9 de ton, mat\u00e9rialis\u00e9e notamment par l\u2019\u00e9mission satirique les \u00ab Guignols de l\u2019info \u00bb.<\/p>\n<p><a href=\"https:\/\/www.mnhn.fr\/fr\/anniversaire\/week-end-anniversaire-le-musee-de-l-homme-fete-ses-dix-ans\" target=\"_blank\" rel=\"noopener\"><img fetchpriority=\"high\" decoding=\"async\" class=\"wp-image-266365 size-medium\" src=\"https:\/\/www.europesays.com\/fr\/wp-content\/uploads\/2025\/10\/120925_MH-10-ANS_AOC-MEDIA_300x250-Px_Anniv-300x250.jpg\" alt=\"\" width=\"300\" height=\"250\"  \/><\/a>publicit\u00e9<\/p>\n<p>Au d\u00e9part seulement actionnaire minoritaire, Vincent Bollor\u00e9 va progressivement racheter des actions sur le march\u00e9 pour devenir l\u2019actionnaire principal et donc pr\u00e9sident du Conseil de surveillance. Il transforme i-T\u00e9l\u00e9, une des cha\u00eenes historiques d\u2019information en continu, en CNews. Cette transformation emporte un changement radical de ligne \u00e9ditoriale, comme le redoutaient les journalistes d\u2019i-T\u00e9l\u00e9, qui firent gr\u00e8ve pendant 21 jours en 2016 pour s\u2019opposer notamment \u00e0 la nomination de Jean-Marc Morandini, proche du dirigeant. Progressivement, l\u2019opinion remplace l\u2019information<a href=\"#_ftn1\" name=\"_ftnref1\">[1]<\/a> sur la cha\u00eene, alors que les obligations n\u00e9es notamment de la convention de la cha\u00eene CNews avec le CSA (aujourd\u2019hui ARCOM) restent les m\u00eames.<\/p>\n<p>Cette transformation n\u2019est pas sans rappeler la cr\u00e9ation de Fox News aux \u00c9tats-Unis en 1996. En mai 1985, le magnat des affaires australien Rupert Murdoch, d\u00e9j\u00e0 d\u00e9tenteur du journal The Sun au Royaume-Uni, annon\u00e7a sa volont\u00e9 de d\u00e9velopper un nouveau r\u00e9seau de stations t\u00e9l\u00e9 ind\u00e9pendantes. Celles-ci devraient agir comme contre-pouvoir vis-\u00e0-vis des trois r\u00e9seaux de cha\u00eenes dominants jusqu\u2019alors le paysage audiovisuel \u00e9tats-unien (NBC, ABC et CBS) \u00e0 qui il reprochait d\u2019\u00eatre inf\u00e9od\u00e9s au pouvoir en place. Cette m\u00eame ann\u00e9e, Murdoch racheta \u00e0 travers sa soci\u00e9t\u00e9 News Corp 50 % de Fox Film Entertainment, la soci\u00e9t\u00e9 m\u00e8re de 20th Century Fox. Fox Film Entertainment racheta ensuite six stations ind\u00e9pendantes faisant partie du r\u00e9seau M\u00e9trom\u00e9dia.<\/p>\n<p>Apr\u00e8s avoir d\u00e9missionn\u00e9 de son poste de pr\u00e9sident de CNBC, officiellement pour des d\u00e9saccords sur la structure financi\u00e8re de la cha\u00eene, le journaliste conservateur Roger Ailes fut employ\u00e9 <\/p>\n<p class=\"author_name\">\n                <a href=\"https:\/\/aoc.media\/auteur\/pauline-trouillard\/\" target=\"_blank\" rel=\"noopener\">Pauline Trouillard<\/a>\n            <\/p>\n<p class=\"author_func\">\n                Juriste, chercheuse post-doctorale au Centre Internet et Soci\u00e9t\u00e9 du CNRS, chercheuse affili\u00e9e au sein de la Chaire Colibexchercheuse affili\u00e9e au sein de la Chaire Colibex et \u00e0 l\u2019Information Society Project de Yale Law School             <\/p>\n","protected":false},"excerpt":{"rendered":"De Fox News \u00e0 Cnews, une conception libertarienne de la libert\u00e9 d\u2019expression Par Pauline Trouillard La cr\u00e9ation d\u2019une&hellip;\n","protected":false},"author":2,"featured_media":436532,"comment_status":"","ping_status":"","sticky":false,"template":"","format":"standard","meta":{"footnotes":""},"categories":[1356],"tags":[9646,58,59,1011,27,12029,23795,104,252,1364],"class_list":{"0":"post-436531","1":"post","2":"type-post","3":"status-publish","4":"format-standard","5":"has-post-thumbnail","7":"category-television","8":"tag-audiovisuel","9":"tag-divertissement","10":"tag-entertainment","11":"tag-fr","12":"tag-france","13":"tag-libertes-publiques","14":"tag-medias-et-numerique","15":"tag-societe","16":"tag-television","17":"tag-tv"},"share_on_mastodon":{"url":"https:\/\/pubeurope.com\/@fr\/115311104000620792","error":""},"_links":{"self":[{"href":"https:\/\/www.europesays.com\/fr\/wp-json\/wp\/v2\/posts\/436531","targetHints":{"allow":["GET"]}}],"collection":[{"href":"https:\/\/www.europesays.com\/fr\/wp-json\/wp\/v2\/posts"}],"about":[{"href":"https:\/\/www.europesays.com\/fr\/wp-json\/wp\/v2\/types\/post"}],"author":[{"embeddable":true,"href":"https:\/\/www.europesays.com\/fr\/wp-json\/wp\/v2\/users\/2"}],"replies":[{"embeddable":true,"href":"https:\/\/www.europesays.com\/fr\/wp-json\/wp\/v2\/comments?post=436531"}],"version-history":[{"count":0,"href":"https:\/\/www.europesays.com\/fr\/wp-json\/wp\/v2\/posts\/436531\/revisions"}],"wp:featuredmedia":[{"embeddable":true,"href":"https:\/\/www.europesays.com\/fr\/wp-json\/wp\/v2\/media\/436532"}],"wp:attachment":[{"href":"https:\/\/www.europesays.com\/fr\/wp-json\/wp\/v2\/media?parent=436531"}],"wp:term":[{"taxonomy":"category","embeddable":true,"href":"https:\/\/www.europesays.com\/fr\/wp-json\/wp\/v2\/categories?post=436531"},{"taxonomy":"post_tag","embeddable":true,"href":"https:\/\/www.europesays.com\/fr\/wp-json\/wp\/v2\/tags?post=436531"}],"curies":[{"name":"wp","href":"https:\/\/api.w.org\/{rel}","templated":true}]}}