{"id":436542,"date":"2025-10-03T16:14:10","date_gmt":"2025-10-03T16:14:10","guid":{"rendered":"https:\/\/www.europesays.com\/fr\/436542\/"},"modified":"2025-10-03T16:14:10","modified_gmt":"2025-10-03T16:14:10","slug":"ca-doit-venir-de-tres-profond-une-masse-colossale-a-migre-dans-les-profondeurs-de-la-terre","status":"publish","type":"post","link":"https:\/\/www.europesays.com\/fr\/436542\/","title":{"rendered":"\u201c\u00c7a doit venir de tr\u00e8s profond\u201d\u00a0: une masse colossale a migr\u00e9 dans les profondeurs de la Terre"},"content":{"rendered":"<p class=\"ed__a-p ed__bdy__l\"><img loading=\"lazy\" decoding=\"async\" src=\"data:image\/svg+xml,%3Csvg xmlns='http:\/\/www.w3.org\/2000\/svg'%3E%3C\/svg%3E\" draggable=\"false\" width=\"5200\" height=\"3250\" class=\"ed__title-xxs\" alt=\"Image d'une coupe sch\u00e9matique de la Terre, montrant ses couches internes : la cro\u00fbte, le manteau, le noyau externe liquide et le noyau interne solide.\" style=\"background-color: #f2f2f2; aspect-ratio:5200\/3250;\"\/><\/p>\n<p>Cette image illustre les couches de la Terre, mettant en contexte l&rsquo;\u00e9tude GRACE qui s&rsquo;int\u00e9resse aux changements de masse dans le manteau profond, pr\u00e8s de sa fronti\u00e8re avec le noyau. Ces variations sont potentiellement caus\u00e9es par une transition de phase min\u00e9rale.<\/p>\n<p>\u00a9 NASA, Vadim Sadovski<\/p>\n<\/p>\n<p class=\"ed__a-p ed__bdy__l\">Des g\u00e9ophysiciens de l&rsquo;universit\u00e9 Paris Cit\u00e9 ont r\u00e9cemment publi\u00e9 dans Geophysical Research Letters une d\u00e9couverte d\u00e9concertante\u00a0: une masse gigantesque aurait migr\u00e9 dans les entrailles de la plan\u00e8te il y a 18\u00a0ans. Charlotte Gaugne Gouranton et son \u00e9quipe ont scrut\u00e9 les donn\u00e9es collect\u00e9es entre 2006 et 2008 par les satellites jumeaux GRACE, d\u00e9ploy\u00e9s initialement par la Nasa pour cartographier les variations des r\u00e9serves aquif\u00e8res souterraines et les fluctuations du niveau des oc\u00e9ans.<\/p>\n<p>            Publicit\u00e9, votre contenu continue ci-dessous<\/p>\n<p>        Publicit\u00e9<\/p>\n<p>\u201cAu moins partiellement, l&rsquo;origine doit se trouver dans la Terre solide\u201d\u00a0: quand la gravim\u00e9trie spatiale capte les \u00e9chos d&rsquo;un bouleversement g\u00e9ologique abyssal<\/p>\n<p class=\"ed__a-p ed__bdy__l\">L&rsquo;analyse minutieuse des infimes perturbations du champ gravitationnel terrestre a r\u00e9v\u00e9l\u00e9 un ph\u00e9nom\u00e8ne inattendu. Les chercheurs ont d\u00e9tect\u00e9 des indices sugg\u00e9rant qu&rsquo;une mati\u00e8re situ\u00e9e \u00e0 la fronti\u00e8re entre le manteau et le noyau, \u00e0 des profondeurs abyssales, s&rsquo;\u00e9tait myst\u00e9rieusement r\u00e9organis\u00e9e. Cette d\u00e9couverte pourrait \u00e9clairer d&rsquo;un jour nouveau les interactions m\u00e9connues entre les diff\u00e9rentes enveloppes concentriques qui constituent notre plan\u00e8te et, par extension, les m\u00e9canismes qui entretiennent le bouclier magn\u00e9tique prot\u00e9geant la Terre des agressions du vent solaire.<\/p>\n<blockquote class=\"ed__a-bq ed__bdy__l\">\n<p>En analysant les s\u00e9ries temporelles de gradients de gravit\u00e9 d\u00e9riv\u00e9s de GRACE, nous avons identifi\u00e9 un signal de gradient de gravit\u00e9 anormal \u00e0 grande \u00e9chelle dans l&rsquo;oc\u00e9an Atlantique Est, maximal au d\u00e9but de 2007, qui ne peut \u00eatre enti\u00e8rement expliqu\u00e9 par des sources d&rsquo;eau de surface ni par les flux de fluides du noyau.<\/p>\n<p>Extrait traduit de l&rsquo;\u00e9tude<\/p><\/blockquote>\n<p class=\"ed__a-p ed__bdy__l\">L&rsquo;hypoth\u00e8se privil\u00e9gi\u00e9e par l&rsquo;\u00e9quipe parisienne implique la p\u00e9rovskite, un min\u00e9ral pr\u00e9sent dans les tr\u00e9fonds du manteau inf\u00e9rieur. Une reconfiguration structurelle de ce mat\u00e9riau aurait provoqu\u00e9 une densification des roches environnantes, engendrant des ondulations capables d&rsquo;atteindre la limite du noyau externe. Ces perturbations auraient alors modifi\u00e9 la circulation des m\u00e9taux en fusion qui occupent cette r\u00e9gion, produisant une anomalie g\u00e9omagn\u00e9tique d\u00e9tectable depuis l&rsquo;espace.<\/p>\n<p class=\"ed__a-p ed__bdy__l\">Ce soubresaut, baptis\u00e9 \u201csecousse g\u00e9omagn\u00e9tique\u201d par les sp\u00e9cialistes, a culmin\u00e9 en 2007 au large des c\u00f4tes africaines atlantiques. Isabelle Panet, coauteure de l&rsquo;\u00e9tude et g\u00e9ophysicienne \u00e0 l&rsquo;universit\u00e9 Gustave Eiffel, a d&rsquo;abord cru \u00e0 une erreur d&rsquo;interpr\u00e9tation. Les variations habituelles des ressources hydrologiques continentales ne pouvaient expliquer ce signal \u00e9nigmatique. \u201cAu moins partiellement, l&rsquo;origine doit r\u00e9sider dans la Terre solide, tr\u00e8s profond\u00e9ment\u201d a-t-elle confi\u00e9 \u00e0 Nature.<\/p>\n<p class=\"ed__a-p ed__bdy__l\">Pour corroborer cette th\u00e9orie audacieuse, l&rsquo;\u00e9quipe compte exploiter les donn\u00e9es des satellites GRACE-FO, lanc\u00e9s en mai 2018. Ces successeurs technologiques pourraient permettre d&rsquo;observer d&rsquo;autres \u00e9v\u00e9nements fulgurants dans le manteau profond et d&rsquo;\u00e9lucider comment la topographie de la fronti\u00e8re noyau-manteau influence la dynamique des flux m\u00e9talliques et le champ magn\u00e9tique plan\u00e9taire.<\/p>\n<p>            Publicit\u00e9, votre contenu continue ci-dessous<\/p>\n<p>        Publicit\u00e9<\/p>\n<p class=\"ed__a-p ed__bdy__l\">Envie de faire encore plus d&rsquo;\u00e9conomies ? D\u00e9couvrez <a href=\"https:\/\/www.lesnumeriques.com\/codes-promo.html\" rel=\"nofollow noopener\" target=\"_blank\">nos codes promo<\/a> s\u00e9lectionn\u00e9s pour vous.<\/p>\n","protected":false},"excerpt":{"rendered":"Cette image illustre les couches de la Terre, mettant en contexte l&rsquo;\u00e9tude GRACE qui s&rsquo;int\u00e9resse aux changements de&hellip;\n","protected":false},"author":2,"featured_media":436543,"comment_status":"","ping_status":"","sticky":false,"template":"","format":"standard","meta":{"footnotes":""},"categories":[7],"tags":[1011,27,43,40,41,39,42,44],"class_list":{"0":"post-436542","1":"post","2":"type-post","3":"status-publish","4":"format-standard","5":"has-post-thumbnail","7":"category-sciences-et-technologies","8":"tag-fr","9":"tag-france","10":"tag-science","11":"tag-science-and-technology","12":"tag-sciences","13":"tag-sciences-et-technologies","14":"tag-technologies","15":"tag-technology"},"share_on_mastodon":{"url":"https:\/\/pubeurope.com\/@fr\/115311127018114739","error":""},"_links":{"self":[{"href":"https:\/\/www.europesays.com\/fr\/wp-json\/wp\/v2\/posts\/436542","targetHints":{"allow":["GET"]}}],"collection":[{"href":"https:\/\/www.europesays.com\/fr\/wp-json\/wp\/v2\/posts"}],"about":[{"href":"https:\/\/www.europesays.com\/fr\/wp-json\/wp\/v2\/types\/post"}],"author":[{"embeddable":true,"href":"https:\/\/www.europesays.com\/fr\/wp-json\/wp\/v2\/users\/2"}],"replies":[{"embeddable":true,"href":"https:\/\/www.europesays.com\/fr\/wp-json\/wp\/v2\/comments?post=436542"}],"version-history":[{"count":0,"href":"https:\/\/www.europesays.com\/fr\/wp-json\/wp\/v2\/posts\/436542\/revisions"}],"wp:featuredmedia":[{"embeddable":true,"href":"https:\/\/www.europesays.com\/fr\/wp-json\/wp\/v2\/media\/436543"}],"wp:attachment":[{"href":"https:\/\/www.europesays.com\/fr\/wp-json\/wp\/v2\/media?parent=436542"}],"wp:term":[{"taxonomy":"category","embeddable":true,"href":"https:\/\/www.europesays.com\/fr\/wp-json\/wp\/v2\/categories?post=436542"},{"taxonomy":"post_tag","embeddable":true,"href":"https:\/\/www.europesays.com\/fr\/wp-json\/wp\/v2\/tags?post=436542"}],"curies":[{"name":"wp","href":"https:\/\/api.w.org\/{rel}","templated":true}]}}