{"id":436546,"date":"2025-10-03T16:16:30","date_gmt":"2025-10-03T16:16:30","guid":{"rendered":"https:\/\/www.europesays.com\/fr\/436546\/"},"modified":"2025-10-03T16:16:30","modified_gmt":"2025-10-03T16:16:30","slug":"la-princesse-elisabeth-assiste-a-lavenement-au-trone-de-son-cousin-guillaume-de-luxembourg","status":"publish","type":"post","link":"https:\/\/www.europesays.com\/fr\/436546\/","title":{"rendered":"La princesse \u00c9lisabeth assiste \u00e0 l&rsquo;av\u00e8nement au tr\u00f4ne de son cousin Guillaume de Luxembourg"},"content":{"rendered":"<p>La princesse \u00c9lisabeth de Belgique a assist\u00e9 \u00e0 un grand moment de l\u2019histoire monarchique luxembourgeoise, ce 3 octobre, en pr\u00e9sence de ses parents. L\u2019h\u00e9riti\u00e8re du tr\u00f4ne belge a assist\u00e9 \u00e0 l\u2019abdication du grand-duc Henri et \u00e0 l\u2019av\u00e8nement sur le tr\u00f4ne du grand-duc Guillaume. La future reine des Belges a assur\u00e9 son premier engagement visant \u00e0 construire des souvenirs de moments historiques partag\u00e9s avec ses cousins luxembourgeois.<\/p>\n<p><strong>Lire aussi : <a href=\"https:\/\/histoiresroyales.fr\/reine-mathilde-retrouve-princesse-elisabeth-boston-photos-romance-duchesse-de-brabant-georg\/\" target=\"_blank\" rel=\"noopener\">La reine Mathilde retrouve la princesse \u00c9lisabeth \u00e0 Boston\u00a0: des photos qui suscitent l\u2019int\u00e9r\u00eat apr\u00e8s la suppos\u00e9e romance de la duchesse de Brabant<\/a><\/strong><\/p>\n<p>Le roi Philippe assiste \u00e0 l\u2019abdication de son cousin germain, comme son p\u00e8re avait assist\u00e9 \u00e0 l\u2019abdication de son beau-fr\u00e8re en 2000<\/p>\n<p>La Belgique et le Luxembourg ont une histoire qui se confond jusqu\u2019en 1839, date de la scission du grand-duch\u00e9 de Luxembourg en deux. La partie occidentale est devenue une province belge, tandis que la partie orientale est rest\u00e9e un pays ind\u00e9pendant, l\u2019actuel grand-duch\u00e9 de Luxembourg. En 1953, un nouveau lien se cr\u00e9e entre la Belgique et le Luxembourg. Les deux familles r\u00e9gnantes voisines se sont unies lors du mariage de la princesse Jos\u00e9phine-Charlotte, s\u0153ur du roi Baudouin et du futur roi Albert II, avec le prince Jean, futur grand-duc de Luxembourg. <\/p>\n<p><img fetchpriority=\"high\" decoding=\"async\" width=\"1300\" height=\"867\" src=\"https:\/\/www.europesays.com\/fr\/wp-content\/uploads\/2025\/10\/princesse-elisabeth-abdication-grand-duc-henri-guillaume.jpg\" alt=\"\" class=\"wp-image-222288 lazyload\" data-  \/>Le roi Philippe, la reine Mathilde et la princesse \u00c9lisabeth accueillis devant le palais grand-ducal par le grand-duc Henri et la grande-duchesse Maria Teresa, quelques minutes avant la c\u00e9r\u00e9monie d\u2019abdication (Photo : Mischa Schoemaker\/ABACAPRESS.COM)<\/p>\n<p><img loading=\"lazy\" decoding=\"async\" width=\"1300\" height=\"867\" src=\"https:\/\/www.europesays.com\/fr\/wp-content\/uploads\/2025\/10\/princesse-elisabeth-abdication-grand-duc-henri.jpg\" alt=\"\" class=\"wp-image-222290 lazyload\" data-  \/>La princesse \u00c9lisabeth est pr\u00e9sente \u00e0 Luxembourg pour vivre cette journ\u00e9e historique (Photo : Omar Havana\/AP\/SIPA)<\/p>\n<p><strong>Lire aussi : <a href=\"https:\/\/histoiresroyales.fr\/roi-philippe-grand-duc-henri-fetent-ensemble-anniversaire-cousins-royaux-reunis-anniversaire\/\" target=\"_blank\" rel=\"noopener\">Le roi Philippe et le grand-duc Henri f\u00eatent ensemble leur anniversaire : les cousins royaux r\u00e9unis pour leur anniversaire<\/a><\/strong><\/p>\n<p>Le grand-duc Henri, 70 ans, fils du grand-duc Jean et de la grande-duchesse Jos\u00e9phine-Charlotte, a abdiqu\u00e9 ce 3 octobre 2025, dans l\u2019ann\u00e9e de ses 25 ans de r\u00e8gne. Le grand-duc Jean avait abdiqu\u00e9 le 7 octobre 2000 en faveur de son fils Henri, au cours d\u2019une c\u00e9r\u00e9monie \u00e0 laquelle son beau-fr\u00e8re, le roi Albert II avait assist\u00e9. Ce vendredi, ce fut au tour d\u2019Henri de tourner une page de sa vie, en abdiquant en faveur de son fils a\u00een\u00e9, Guillaume, 43 ans. Le roi Philippe de Belgique a assist\u00e9 \u00e0 cette c\u00e9r\u00e9monie d\u2019abdication de son cousin germain au palais grand-ducal.<\/p>\n<p><img loading=\"lazy\" decoding=\"async\" width=\"1300\" height=\"867\" src=\"https:\/\/www.europesays.com\/fr\/wp-content\/uploads\/2025\/10\/1-signature-officielle-grand-duc-arrete-abdication-1.jpg\" alt=\"\" class=\"wp-image-222326 lazyload\" data-  \/>Le grand-duc Henri signe son acte d\u2019abdication (Photo : SIP \/ Julien Warnand)<\/p>\n<p><img loading=\"lazy\" decoding=\"async\" width=\"1026\" height=\"1400\" src=\"https:\/\/www.europesays.com\/fr\/wp-content\/uploads\/2025\/10\/arbre-genealogique-interactif-photos-belgique-luxembourg-abdication-1026x1400.jpg\" alt=\"\" class=\"wp-image-221841 lazyload\" data-  \/>Le plus proche lien de parent\u00e9 entre la princesse \u00c9lisabeth de Belgique et le grand-duc Guillaume de Luxembourg (Image : Histoires Royales)<\/p>\n<p><strong>Lire aussi : <a href=\"https:\/\/histoiresroyales.fr\/trone-grand-ducal-pret-accueillir-grand-duc-guillaume\/\" target=\"_blank\" rel=\"noopener\">Le nouveau tr\u00f4ne grand-ducal est pr\u00eat \u00e0 accueillir le Grand-Duc Guillaume<\/a><\/strong><\/p>\n<p>Le roi Philippe, 65 ans, \u00e9tait accompagn\u00e9 de son \u00e9pouse, la reine Mathilde, 53 ans, et de leur fille a\u00een\u00e9e, la princesse \u00c9lisabeth, 23 ans. La princesse \u00c9lisabeth vient de commencer sa deuxi\u00e8me et derni\u00e8re ann\u00e9e de master en politiques publiques \u00e0 Harvard, c\u00e9l\u00e8bre universit\u00e9 am\u00e9ricaine dont le campus est situ\u00e9 pr\u00e8s de Boston, dans le Massachusetts. La princesse \u00c9lisabeth, qui <a href=\"https:\/\/histoiresroyales.fr\/reine-mathilde-retrouve-princesse-elisabeth-boston-photos-romance-duchesse-de-brabant-georg\/\" target=\"_blank\" rel=\"noopener\">avait re\u00e7u la visite de la reine Mathilde la semaine sur le campus<\/a>, a parcouru plus de 5\u00a0700 kilom\u00e8tres pour rentrer en Europe, ne pouvant manquer cet \u00e9v\u00e9nement majeur dans la vie monarchique luxembourgeoise. <\/p>\n<p><img loading=\"lazy\" decoding=\"async\" width=\"1400\" height=\"805\" src=\"https:\/\/www.europesays.com\/fr\/wp-content\/uploads\/2025\/10\/etrangers-ceremonie-abdication-luxembourg.jpg\" alt=\"\" class=\"wp-image-222254 lazyload\" data-  \/>Le couple royal belge et le couple royal n\u00e9erlandais assistent (\u00e0 droite) \u00e0 la c\u00e9r\u00e9monie dans la salle du palais grand-ducal<\/p>\n<p><img loading=\"lazy\" decoding=\"async\" width=\"1300\" height=\"847\" src=\"https:\/\/www.europesays.com\/fr\/wp-content\/uploads\/2025\/10\/souvenirs-anciens-souverains-nouveau-abdication.jpg\" alt=\"\" class=\"wp-image-222301 lazyload\" data-  \/>L\u2019ancien couple grand-ducal et le nouveau couple grand-ducal posent avec le premier ministre luxembourgeois<\/p>\n<p><strong>Lire aussi : <a href=\"https:\/\/histoiresroyales.fr\/pourquoi-le-luxembourg-est-il-le-seul-grand-duche-au-monde\/\" target=\"_blank\" rel=\"noopener\">Pourquoi le Luxembourg est-il le seul Grand-Duch\u00e9 au monde ?<\/a><\/strong><\/p>\n<p>La princesse \u00c9lisabeth t\u00e9moin de l\u2019av\u00e8nement au tr\u00f4ne de son cousin Guillaume<\/p>\n<p>Le roi Philippe et le grand-duc Henri ch\u00e9rissent depuis toujours leur lien de cousinage. Cette amiti\u00e9 avait \u00e9t\u00e9 mise \u00e0 l\u2019honneur en avril 2024 lors de la visite d\u2019\u00c9tat du grand-duc Henri et de la grande-duchesse Maria Teresa en Belgique. <a href=\"https:\/\/histoiresroyales.fr\/roi-philippe-grand-duc-henri-fetent-ensemble-anniversaire-cousins-royaux-reunis-anniversaire\/\" target=\"_blank\" rel=\"noopener\">Les deux monarques avaient d\u2019ailleurs f\u00eat\u00e9 leur anniversaire ensemble<\/a>. Le grand-duc Henri, ses fr\u00e8res et ses s\u0153urs viennent r\u00e9guli\u00e8rement en Belgique et assistent fr\u00e9quemment \u00e0 la messe en m\u00e9moire des d\u00e9funts de la famille royale, c\u00e9l\u00e9br\u00e9e chaque ann\u00e9e aux alentours du 17 f\u00e9vrier. Suite \u00e0 cette abdication, les deux chefs d\u2019\u00c9tat voisins ne sont plus cousins germains. <\/p>\n<p><img loading=\"lazy\" decoding=\"async\" width=\"1038\" height=\"1400\" src=\"https:\/\/www.europesays.com\/fr\/wp-content\/uploads\/2025\/10\/elisabeth-abdication-palais-luxembourg-1038x1400.jpg\" alt=\"\" class=\"wp-image-222321 lazyload\" data-  \/>La princesse Elisabeth lors de la c\u00e9r\u00e9monie d\u2019abdication, devant la pr\u00e9sidente du Parlement europ\u00e9en Roberta Metsola et le pr\u00e9sident du Conseil europ\u00e9en Ant\u00f3nia Costa<\/p>\n<p><img loading=\"lazy\" decoding=\"async\" width=\"1300\" height=\"867\" src=\"https:\/\/www.europesays.com\/fr\/wp-content\/uploads\/2025\/10\/roi-philippe-reine-maxima-roi-willem-alexander-mathilde-luxembourg-abdication.jpg\" alt=\"\" class=\"wp-image-222329 lazyload\" data-  \/>Le roi Willem-Alexander, la reine M\u00e1xima, le roi Philippe et la reine Mathilde lors de la signature de l\u2019abdication du grand-duc Henri (Photo : Maison du Grand-Duc \/ Sophie Margue)<\/p>\n<p><img loading=\"lazy\" decoding=\"async\" width=\"1300\" height=\"690\" src=\"https:\/\/www.europesays.com\/fr\/wp-content\/uploads\/2025\/10\/invites-etrangers-nouveaux-souverains.jpg\" alt=\"\" class=\"wp-image-222292 lazyload\" data-  \/>Les invit\u00e9s applaudissent le nouveau couple grand-ducal luxembourgeois<\/p>\n<p><img loading=\"lazy\" decoding=\"async\" width=\"1300\" height=\"762\" src=\"https:\/\/www.europesays.com\/fr\/wp-content\/uploads\/2025\/10\/guillaume-stephanie-premiers-instants-couple-grand-ducal.jpg\" alt=\"\" class=\"wp-image-222303 lazyload\" data-  \/>Guillaume et St\u00e9phanie vivent leurs premiers instants en tant que souverains<\/p>\n<p><strong>Lire aussi : <a href=\"https:\/\/histoiresroyales.fr\/signature-abdication-grand-duc-henri-de-luxembourg-abdique\/\" target=\"_blank\" rel=\"noopener\">Le grand-duc Henri de Luxembourg abdique 25 ans apr\u00e8s l\u2019abdication de son p\u00e8re<\/a><\/strong><\/p>\n<p>Le nouveau grand-duc Guillaume est le petit-cousin du roi Philippe. Si l\u2019abdication est une tradition au Luxembourg depuis 1919, elle semble devenir aussi la prochaine norme en Belgique. Le roi Albert II a abdiqu\u00e9 en 2013 en faveur de son fils Philippe. Le septi\u00e8me roi des Belges ne compte pas encore laisser son tr\u00f4ne \u00e0 sa fille Elisabeth mais tout laisse penser qu\u2019il choisira lui aussi d\u2019abdiquer le moment venu. Le lien de cousinage qui existera entre Elisabeth de Belgique et Guillaume de Luxembourg sera \u00e9videmment \u00e9loign\u00e9 d\u2019une g\u00e9n\u00e9ration suppl\u00e9mentaire. Ce lien sera toutefois consolid\u00e9 par les souvenirs qu\u2019ils se construisent aujourd\u2019hui ensemble. <\/p>\n<p><img loading=\"lazy\" decoding=\"async\" width=\"1300\" height=\"867\" src=\"https:\/\/www.europesays.com\/fr\/wp-content\/uploads\/2025\/10\/elisabeth-rejoignent-chambre-deputes.jpg\" alt=\"\" class=\"wp-image-222334 lazyload\" data-  \/>Le roi Philippe, la reine Mathilde et la princesse \u00c9lisabeth quittent le palais grand-ducal et rejoignent la Chambre des d\u00e9put\u00e9s (Photo : SIP \/ Claude Piscitelli)<\/p>\n<p><img loading=\"lazy\" decoding=\"async\" width=\"1050\" height=\"1400\" src=\"https:\/\/www.europesays.com\/fr\/wp-content\/uploads\/2025\/10\/elisabeth-chambre-des-deputes-luxembourg-1050x1400.jpg\" alt=\"\" class=\"wp-image-222306 lazyload\" data-  \/>Apr\u00e8s la c\u00e9r\u00e9monie d\u2019abdication, le roi Philippe, la reine Mathilde et la princesse \u00c9lisabeth sont accueillis devant la Chambre des d\u00e9put\u00e9s par le pr\u00e9sident Claude Wiseler, o\u00f9 le grand-duc Guillaume doit pr\u00eater serment<\/p>\n<p>Apr\u00e8s l\u2019abdication au palais grand-ducal, ce fut au tour de Guillaume de pr\u00eater serment pour officialiser sa fonction de chef d\u2019\u00c9tat, \u00e0 la Chambre des d\u00e9put\u00e9s. Le b\u00e2timent du parlement monocam\u00e9ral luxembourgeois est situ\u00e9 \u00e0 c\u00f4t\u00e9 du palais grand-ducal. Outre la famille royale belge, la famille royale n\u00e9erlandaise \u00e9tait aussi pr\u00e9sente lors de cette journ\u00e9e historique. Le roi Willem-Alexander, la reine M\u00e1xima et leur fille a\u00een\u00e9e, la princesse Catharina-Amalia souhaitaient eux aussi honorer les liens historiques qui unissent les trois monarchies du Benelux.<\/p>\n<p><img loading=\"lazy\" decoding=\"async\" width=\"1300\" height=\"727\" src=\"https:\/\/www.europesays.com\/fr\/wp-content\/uploads\/2025\/10\/monarques-etrangers-prestation-serment.jpg\" alt=\"\" class=\"wp-image-222271 lazyload\" data-  \/>Les monarques \u00e9trangers assistent \u00e0 la c\u00e9r\u00e9monie \u00e0 c\u00f4t\u00e9 de la grande-duchesse St\u00e9phanie<\/p>\n<p><img loading=\"lazy\" decoding=\"async\" width=\"1400\" height=\"781\" src=\"https:\/\/www.europesays.com\/fr\/wp-content\/uploads\/2025\/10\/photo-prestation-serment-grand-duc-guillaume-chambre-des-deputes.jpg\" alt=\"\" class=\"wp-image-222273 lazyload\" data-  \/>Le grand-duc Guillaume prononce son serment<\/p>\n<p>\t\t\t\t<img alt=\"Avatar photo\" src=\"https:\/\/www.europesays.com\/fr\/wp-content\/uploads\/2025\/04\/1516945716303-164x164.jpeg\"  class=\"avatar avatar-164 photo lazyload\" height=\"164\" width=\"164\" loading=\"lazy\" decoding=\"async\"\/><br \/>\n\t\t<a href=\"https:\/\/histoiresroyales.fr\/author\/royaliste123\/\" target=\"_blank\" rel=\"noopener\">Nicolas Fontaine<\/a><br \/>\n\t\t\t\t\tR\u00e9dacteur en chef<\/p>\n<p>Nicolas Fontaine a \u00e9t\u00e9 concepteur-r\u00e9dacteur et auteur pour de nombreuses marques et m\u00e9dias belges et fran\u00e7ais. Sp\u00e9cialiste de l&rsquo;actualit\u00e9 des familles royales, Nicolas a fond\u00e9 le site Histoires royales dont il est le r\u00e9dacteur en chef.&#13;<br \/>\n&#13;<br \/>\nnicolas@histoiresroyales.fr<\/p>\n<p>\t\t\t\t\t\t\t<a href=\"https:\/\/twitter.com\/ActusRoyales\" class=\"boxed-icon fill twitter\" target=\"_blank\" rel=\"noopener\"><\/a><br \/>\n\t\t\t\t\t\t\t\t\t<a href=\"https:\/\/www.instagram.com\/histoiresroyales.fr\/\" class=\"boxed-icon fill instagram\" target=\"_blank\" rel=\"noopener\"><\/a><\/p>\n<p>\t\t\t\t\t\t\t\t\t\t\t\t\t<script async src=\"https:\/\/platform.twitter.com\/widgets.js\" charset=\"utf-8\"><\/script><script async src=\"\/\/www.instagram.com\/embed.js\"><\/script><\/p>\n","protected":false},"excerpt":{"rendered":"La princesse \u00c9lisabeth de Belgique a assist\u00e9 \u00e0 un grand moment de l\u2019histoire monarchique luxembourgeoise, ce 3 octobre,&hellip;\n","protected":false},"author":2,"featured_media":436547,"comment_status":"","ping_status":"","sticky":false,"template":"","format":"standard","meta":{"footnotes":""},"categories":[5],"tags":[56382,11,56383,56384,1011,27,48061,14,12,56385,25965,28],"class_list":{"0":"post-436546","1":"post","2":"type-post","3":"status-publish","4":"format-standard","5":"has-post-thumbnail","7":"category-international","8":"tag-abdication","9":"tag-actualites","10":"tag-cousin","11":"tag-cousinage","12":"tag-fr","13":"tag-france","14":"tag-guillaume-de-luxembourg","15":"tag-international","16":"tag-news","17":"tag-prestation-de-serment","18":"tag-u00c9lisabeth-de-belgique","19":"tag-world"},"share_on_mastodon":{"url":"https:\/\/pubeurope.com\/@fr\/115311135814400278","error":""},"_links":{"self":[{"href":"https:\/\/www.europesays.com\/fr\/wp-json\/wp\/v2\/posts\/436546","targetHints":{"allow":["GET"]}}],"collection":[{"href":"https:\/\/www.europesays.com\/fr\/wp-json\/wp\/v2\/posts"}],"about":[{"href":"https:\/\/www.europesays.com\/fr\/wp-json\/wp\/v2\/types\/post"}],"author":[{"embeddable":true,"href":"https:\/\/www.europesays.com\/fr\/wp-json\/wp\/v2\/users\/2"}],"replies":[{"embeddable":true,"href":"https:\/\/www.europesays.com\/fr\/wp-json\/wp\/v2\/comments?post=436546"}],"version-history":[{"count":0,"href":"https:\/\/www.europesays.com\/fr\/wp-json\/wp\/v2\/posts\/436546\/revisions"}],"wp:featuredmedia":[{"embeddable":true,"href":"https:\/\/www.europesays.com\/fr\/wp-json\/wp\/v2\/media\/436547"}],"wp:attachment":[{"href":"https:\/\/www.europesays.com\/fr\/wp-json\/wp\/v2\/media?parent=436546"}],"wp:term":[{"taxonomy":"category","embeddable":true,"href":"https:\/\/www.europesays.com\/fr\/wp-json\/wp\/v2\/categories?post=436546"},{"taxonomy":"post_tag","embeddable":true,"href":"https:\/\/www.europesays.com\/fr\/wp-json\/wp\/v2\/tags?post=436546"}],"curies":[{"name":"wp","href":"https:\/\/api.w.org\/{rel}","templated":true}]}}