{"id":436556,"date":"2025-10-03T16:21:11","date_gmt":"2025-10-03T16:21:11","guid":{"rendered":"https:\/\/www.europesays.com\/fr\/436556\/"},"modified":"2025-10-03T16:21:11","modified_gmt":"2025-10-03T16:21:11","slug":"nancy-la-marque-ikks-en-redressement-judiciaire-lavenir-des-trois-magasins-nanceiens-en-suspens","status":"publish","type":"post","link":"https:\/\/www.europesays.com\/fr\/436556\/","title":{"rendered":"Nancy. La marque IKKS en redressement judiciaire, l\u2019avenir des trois magasins nanc\u00e9iens en suspens"},"content":{"rendered":"<p>Rue des Dominicains, chez IKKS Men, rien n\u2019\u00e9voque la nouvelle tomb\u00e9e officiellement <a href=\"https:\/\/www.estrepublicain.fr\/economie\/2025\/10\/03\/la-marque-ikks-en-redressement-judiciaire-plus-de-1-000-emplois-pourraient-disparaitre\" target=\"_blank\" rel=\"noopener\">dans la journ\u00e9e de ce vendredi<\/a>. En ce d\u00e9but d\u2019apr\u00e8s-midi, la vendeuse d\u00e9livre quelques conseils touristiques \u00e0 un couple \u00e9tranger qui vient d\u2019effectuer ses achats. Concernant le redressement judiciaire, elle et sa coll\u00e8gue n\u2019en diront mot. Consigne est visiblement donn\u00e9e, comme au magasin de la rue Gambetta, IKKS Women, de s\u2019adresser au service communication national. \u00c0 ce num\u00e9ro, la demande d\u2019information est prise en compte avec une promesse de r\u00e9ponse mais au d\u00e9lai incertain.<\/p>\n<p>Apr\u00e8s un plan de sauvegarde de l\u2019emploi en 2024 qui avait abouti \u00e0 la fermeture de 77 des 604 points de vente fran\u00e7ais, le groupe IKKS France est donc \u00e0 pr\u00e9sent\u00a0en redressement judiciaire plongeant de facto les trois cellules nanc\u00e9iennes, implant\u00e9es non loin de la <a href=\"https:\/\/www.estrepublicain.fr\/p\/place-stanislas\" target=\"_blank\" rel=\"noopener\">place Stanislas<\/a>, sous un voile d\u2019incertitude.<\/p>\n<p>  \u00ab\u00a0Nous \u00e9voluons comme d\u2019habitude\u00a0\u00bb<\/p>\n<p>Une annonce qui, selon une vendeuse d\u2019IKKS Junior, ne change rien pour l\u2019instant\u00a0: \u00ab\u00a0Nous avons eu, la veille, une r\u00e9union pour nous annoncer la mauvaise nouvelle, mais nous \u00e9voluons comme d\u2019habitude avec la m\u00eame compagne de promotion.\u00a0\u00bb Pas de prix cass\u00e9s \u00e0 esp\u00e9rer, dans l\u2019imm\u00e9diat, pour les chasseurs de bonnes affaires.<\/p>\n<p>De nombreuses enseignes ont baiss\u00e9 le rideau ou vont le faire. Dans cette m\u00eame rue, l\u2019enseigne Pataugas avait ferm\u00e9 l\u2019ann\u00e9e pr\u00e9c\u00e9dente. Kaporal en a fait de m\u00eame en mars dernier dans la galerie commerciale Saint-S\u00e9bastien o\u00f9 <a href=\"https:\/\/www.estrepublicain.fr\/economie\/2025\/04\/06\/on-fait-le-point-sur-le-centre-commercial-saint-sebastien\" target=\"_blank\" rel=\"noopener\">l\u2019embl\u00e9matique C &amp; A s\u2019appr\u00eate \u00e0 dispara\u00eetre<\/a> \u2026 Liste \u00e9videmment non exhaustive.<\/p>\n<p>Une dr\u00f4le de co\u00efncidence au moment o\u00f9 la marque chinoise Shein, aux pratiques commerciales industrielles et \u00e9cologiques contest\u00e9es dans le milieu de la mode, vient d\u2019annoncer cette semaine investir dans le commerce physique.<\/p>\n","protected":false},"excerpt":{"rendered":"Rue des Dominicains, chez IKKS Men, rien n\u2019\u00e9voque la nouvelle tomb\u00e9e officiellement dans la journ\u00e9e de ce vendredi.&hellip;\n","protected":false},"author":2,"featured_media":436557,"comment_status":"","ping_status":"","sticky":false,"template":"","format":"standard","meta":{"footnotes":""},"categories":[9635],"tags":[1111,11,214,4406,33,1704,1777,674,1011,27,775,1702,1703,12,25,801],"class_list":{"0":"post-436556","1":"post","2":"type-post","3":"status-publish","4":"format-standard","5":"has-post-thumbnail","7":"category-nancy","8":"tag-actu","9":"tag-actualites","10":"tag-chomage","11":"tag-commerce-et-services","12":"tag-economie","13":"tag-edition-nancy-et-agglomeration","14":"tag-eu","15":"tag-europe","16":"tag-fr","17":"tag-france","18":"tag-grand-est","19":"tag-nancy","20":"tag-nancy-ville-54b","21":"tag-news","22":"tag-republique-francaise","23":"tag-social"},"share_on_mastodon":{"url":"https:\/\/pubeurope.com\/@fr\/115311154666787319","error":""},"_links":{"self":[{"href":"https:\/\/www.europesays.com\/fr\/wp-json\/wp\/v2\/posts\/436556","targetHints":{"allow":["GET"]}}],"collection":[{"href":"https:\/\/www.europesays.com\/fr\/wp-json\/wp\/v2\/posts"}],"about":[{"href":"https:\/\/www.europesays.com\/fr\/wp-json\/wp\/v2\/types\/post"}],"author":[{"embeddable":true,"href":"https:\/\/www.europesays.com\/fr\/wp-json\/wp\/v2\/users\/2"}],"replies":[{"embeddable":true,"href":"https:\/\/www.europesays.com\/fr\/wp-json\/wp\/v2\/comments?post=436556"}],"version-history":[{"count":0,"href":"https:\/\/www.europesays.com\/fr\/wp-json\/wp\/v2\/posts\/436556\/revisions"}],"wp:featuredmedia":[{"embeddable":true,"href":"https:\/\/www.europesays.com\/fr\/wp-json\/wp\/v2\/media\/436557"}],"wp:attachment":[{"href":"https:\/\/www.europesays.com\/fr\/wp-json\/wp\/v2\/media?parent=436556"}],"wp:term":[{"taxonomy":"category","embeddable":true,"href":"https:\/\/www.europesays.com\/fr\/wp-json\/wp\/v2\/categories?post=436556"},{"taxonomy":"post_tag","embeddable":true,"href":"https:\/\/www.europesays.com\/fr\/wp-json\/wp\/v2\/tags?post=436556"}],"curies":[{"name":"wp","href":"https:\/\/api.w.org\/{rel}","templated":true}]}}