{"id":436566,"date":"2025-10-03T16:26:13","date_gmt":"2025-10-03T16:26:13","guid":{"rendered":"https:\/\/www.europesays.com\/fr\/436566\/"},"modified":"2025-10-03T16:26:13","modified_gmt":"2025-10-03T16:26:13","slug":"tensions-apres-la-greve-du-2-octobre-le-bilan-des-interpellations","status":"publish","type":"post","link":"https:\/\/www.europesays.com\/fr\/436566\/","title":{"rendered":"tensions apr\u00e8s la gr\u00e8ve du 2 octobre, le bilan des interpellations"},"content":{"rendered":"<p>            Par<br \/>\n        <strong><br \/>\n            <a href=\"https:\/\/actu.fr\/auteur\/lea-pippinato\" title=\"Consulter tous les articles de L\u00e9a Pippinato\" target=\"_blank\" rel=\"noopener\">L\u00e9a Pippinato<\/a><br \/>\n        <\/strong><\/p>\n<p>        Publi\u00e9 le<\/p>\n<p>            3 oct. 2025 \u00e0 18h14        <\/p>\n<p>La manifestation intersyndicale <strong>de ce jeudi 2 octobre 2025<\/strong> \u00e0 Montpellier s\u2019est achev\u00e9e dans le calme. <a href=\"https:\/\/actu.fr\/occitanie\/montpellier_34172\/greve-du-jeudi-2-octobre-suivez-la-mobilisation-a-montpellier_63242765.html\" target=\"_blank\" rel=\"noopener\">Les incidents ont cependant repris peu apr\u00e8s, entra\u00eenant huit interpellations.<\/a><\/p>\n<p class=\" wall-content\">Un \u00e9l\u00e8ve de 18 ans du lyc\u00e9e Jules Guesde a agress\u00e9 une conseill\u00e8re principale d\u2019\u00e9ducation. La victime a \u00e9t\u00e9 bless\u00e9e \u00e0 l\u2019oreille apr\u00e8s l\u2019arrachage d\u2019un bijou. Le jeune homme a \u00e9t\u00e9 plac\u00e9 en garde \u00e0 vue et remis en libert\u00e9 sans poursuite.<\/p>\n<p>    <a href=\"https:\/\/www.google.com\/maps\/embed?pb=!1m18!1m12!1m3!1d2888.7600202569774!2d3.846351576460054!3d43.61153807110421!2m3!1f0!2f0!3f0!3m2!1i1024!2i768!4f13.1!3m3!1m2!1s0x12b6ae5f5d3b6f4b%3A0x31a97350998868c7!2sComprehensive%20School%20Jules%20Bazile%2C%20dit%20Jules%20Guesde!5e0!3m2!1sen!2sfr!4v1759504053201!5m2!1sen!2sfr\" title=\"Ouvrie le lien\" target=\"_blank\" rel=\"noopener\">Cliquez ici pour visualiser le contenu<\/a><\/p>\n<p>Slogans hostiles et outrages<\/p>\n<p class=\" wall-content\">Place Zeus, un \u00e9tudiant de 18 ans a menac\u00e9 les policiers en criant \u00ab\u00a0ACAB\u00a0\u00bb et \u00ab\u00a0Un flic, une balle\u00a0\u00bb. Il a reconnu les faits et devra effectuer un stage de citoyennet\u00e9. Dans le m\u00eame secteur, une femme de 29 ans a multipli\u00e9 les insultes et slogans tels que \u00ab\u00a0\u00c0 bas les flics et les fachos\u00a0\u00bb. Elle est convoqu\u00e9e devant le d\u00e9l\u00e9gu\u00e9 du procureur le 2 novembre.<\/p>\n<p>Manifestants masqu\u00e9s<\/p>\n<p class=\" wall-content\">Un homme de 23 ans, en t\u00eate de cort\u00e8ge et le visage enti\u00e8rement couvert par un masque de ski et un masque sanitaire, a refus\u00e9 d\u2019obtemp\u00e9rer \u00e0 la dispersion. En garde \u00e0 vue, il a refus\u00e9 la signalisation judiciaire et n\u2019a pas r\u00e9pondu aux questions. Il compara\u00eetra le 14 novembre au palais de justice. Un adolescent de 15 ans, lui aussi masqu\u00e9, a \u00e9t\u00e9 arr\u00eat\u00e9 dans le cort\u00e8ge. Il a \u00e9t\u00e9 lib\u00e9r\u00e9 avec une convocation devant le d\u00e9l\u00e9gu\u00e9 du procureur. Un autre jeune de 18 ans, \u00e9galement masqu\u00e9, a reconnu les faits apr\u00e8s son interpellation. Il a \u00e9t\u00e9 remis en libert\u00e9 en assurant qu\u2019il ne recommencerait plus.<\/p>\n<p>Vid\u00e9os : en ce moment sur ActuSoutiens aux interpell\u00e9s et heurts avec la police<\/p>\n<p class=\" wall-content\">Un homme de 27 ans a tent\u00e9 de s\u2019interposer lors de l\u2019arrestation d\u2019un manifestant. Il a agripp\u00e9 un policier par l\u2019arri\u00e8re pour le faire l\u00e2cher prise. Sa garde \u00e0 vue est toujours en cours. Dans le prolongement de cette intervention, un agent s\u2019est retrouv\u00e9 isol\u00e9 face \u00e0 une trentaine d\u2019individus. Il a chut\u00e9 et re\u00e7u des coups sans blessure grave. Une femme de 26 ans, identifi\u00e9e parmi les participants, a \u00e9t\u00e9 entendue. Elle nie les violences mais reconna\u00eet certaines insultes. Elle a \u00e9t\u00e9 lib\u00e9r\u00e9e, le parquet doit encore d\u00e9cider des suites.<\/p>\n<p class=\" wall-content\">Personnalisez votre actualit\u00e9 en ajoutant vos villes et m\u00e9dias en favori avec <a href=\"https:\/\/moncompte.actu.fr\" title=\"D\u00e9couvez Mon Actu\" rel=\"nofollow noopener\" data-trk=\"{&quot;cta&quot;:{&quot;action&quot;:&quot;https:\\\/\\\/moncompte.actu.fr&quot;,&quot;category&quot;:&quot;mon compte&quot;,&quot;from&quot;:&quot;article footer&quot;,&quot;name&quot;:&quot;Mon actu&quot;,&quot;type&quot;:&quot;cta&quot;}}\" target=\"_blank\">Mon Actu<\/a>.<\/p>\n","protected":false},"excerpt":{"rendered":"Par L\u00e9a Pippinato Publi\u00e9 le 3 oct. 2025 \u00e0 18h14 La manifestation intersyndicale de ce jeudi 2 octobre&hellip;\n","protected":false},"author":2,"featured_media":436567,"comment_status":"","ping_status":"","sticky":false,"template":"","format":"standard","meta":{"footnotes":""},"categories":[9599],"tags":[1111,11,1777,674,118,1011,27,54872,2208,12,2680,1072,25,7501],"class_list":{"0":"post-436566","1":"post","2":"type-post","3":"status-publish","4":"format-standard","5":"has-post-thumbnail","7":"category-montpellier","8":"tag-actu","9":"tag-actualites","10":"tag-eu","11":"tag-europe","12":"tag-faits-divers","13":"tag-fr","14":"tag-france","15":"tag-greve-du-2-octobre-2025","16":"tag-montpellier","17":"tag-news","18":"tag-occitanie","19":"tag-police","20":"tag-republique-francaise","21":"tag-violences-urbaines"},"share_on_mastodon":{"url":"https:\/\/pubeurope.com\/@fr\/115311174450033172","error":""},"_links":{"self":[{"href":"https:\/\/www.europesays.com\/fr\/wp-json\/wp\/v2\/posts\/436566","targetHints":{"allow":["GET"]}}],"collection":[{"href":"https:\/\/www.europesays.com\/fr\/wp-json\/wp\/v2\/posts"}],"about":[{"href":"https:\/\/www.europesays.com\/fr\/wp-json\/wp\/v2\/types\/post"}],"author":[{"embeddable":true,"href":"https:\/\/www.europesays.com\/fr\/wp-json\/wp\/v2\/users\/2"}],"replies":[{"embeddable":true,"href":"https:\/\/www.europesays.com\/fr\/wp-json\/wp\/v2\/comments?post=436566"}],"version-history":[{"count":0,"href":"https:\/\/www.europesays.com\/fr\/wp-json\/wp\/v2\/posts\/436566\/revisions"}],"wp:featuredmedia":[{"embeddable":true,"href":"https:\/\/www.europesays.com\/fr\/wp-json\/wp\/v2\/media\/436567"}],"wp:attachment":[{"href":"https:\/\/www.europesays.com\/fr\/wp-json\/wp\/v2\/media?parent=436566"}],"wp:term":[{"taxonomy":"category","embeddable":true,"href":"https:\/\/www.europesays.com\/fr\/wp-json\/wp\/v2\/categories?post=436566"},{"taxonomy":"post_tag","embeddable":true,"href":"https:\/\/www.europesays.com\/fr\/wp-json\/wp\/v2\/tags?post=436566"}],"curies":[{"name":"wp","href":"https:\/\/api.w.org\/{rel}","templated":true}]}}