{"id":436568,"date":"2025-10-03T16:27:09","date_gmt":"2025-10-03T16:27:09","guid":{"rendered":"https:\/\/www.europesays.com\/fr\/436568\/"},"modified":"2025-10-03T16:27:09","modified_gmt":"2025-10-03T16:27:09","slug":"pluie-vent-et-orages-attendus-en-seine-maritime-ce-samedi-4-octobre","status":"publish","type":"post","link":"https:\/\/www.europesays.com\/fr\/436568\/","title":{"rendered":"pluie, vent et orages attendus en Seine-Maritime ce samedi 4 octobre"},"content":{"rendered":"<p>            Par<br \/>\n        <strong><br \/>\n            <a href=\"https:\/\/actu.fr\/auteur\/vanessa-leroy\" title=\"Consulter tous les articles de Vanessa Leroy\" target=\"_blank\" rel=\"noopener\">Vanessa Leroy<\/a><br \/>\n        <\/strong><\/p>\n<p>        Publi\u00e9 le<\/p>\n<p>            3 oct. 2025 \u00e0 15h13<br \/>\n        ; mis \u00e0 jour le 3 oct. 2025 \u00e0 16h32    <\/p>\n<p>Il va falloir faire preuve de prudence ce <strong>samedi 4\u00a0octobre 2025<\/strong> en <a href=\"https:\/\/actu.fr\/76actu\/\" target=\"_blank\" rel=\"noopener\">Seine-Maritime<\/a> notamment. Et ce, en raison d\u2019une alerte jaune pla\u00e7ant le d\u00e9partement en <a href=\"https:\/\/actu.fr\/meteo\/tempete-amy-meteo-france-vent-violent-vigilance-orange-dizaines-departements-voici-ou-ca-va-souffler_63249671.html\" target=\"_blank\" rel=\"noopener\">vigilance pour pluie et vent<\/a>, de 4\u00a0heures \u00e0 20\u00a0heures et aux orages de 13\u00a0heures \u00e0 19\u00a0heures. La faute \u00e0 la <strong>temp\u00eate Amy<\/strong> qui va en effet balayer l\u2019ensemble de l\u2019Hexagone ce week-end.<\/p>\n<p>Au Havre, l\u2019acc\u00e8s \u00e0 la digue nord ferm\u00e9<\/p>\n<p class=\" wall-content\">\u00ab\u2009Le vent va se renforcer avec <strong>des rafales de l\u2019ordre de 60 \u00e0 80\u00a0km\/h<\/strong>, \u00e0 l\u2019approche du front froid de la perturbation qui traverse le pays samedi. Ce front froid apporte des pluies parfois soutenues. Il s\u2019accompagne de rafales d\u00e9passant 60\u00a0km\/h dans les terres, et de l\u2019ordre de 70 \u00e0 80\u00a0km\/h pr\u00e8s de la Manche\u2009\u00bb, pr\u00e9voit M\u00e9t\u00e9o France.<\/p>\n<p class=\" wall-content\">\u00c0 noter que la Ville du\u00a0Havre a pris, ce vendredi 3\u00a0octobre, \u00ab\u2009un arr\u00eat\u00e9 pour interdire temporairement l\u2019acc\u00e8s et le stationnement sur la digue Nord. <strong>L\u2019acc\u00e8s \u00e0 la digue Nord sera ferm\u00e9<\/strong> \u00e0 partir de cet apr\u00e8s-midi\u2009\u00bb, indique le service communication.<\/p>\n<p class=\" wall-content\">\n<p class=\" wall-content\">\u00ab\u2009En cette p\u00e9riode, les visiteurs qui souhaitent observer ce ph\u00e9nom\u00e8ne, aussi impressionnant que dangereux, sont invit\u00e9s \u00e0 <strong>faire preuve de la plus grande vigilance<\/strong> et \u00e0 ne pas s\u2019approcher de la digue\u2009\u00bb, poursuit la municipalit\u00e9 du\u00a0Havre.<\/p>\n<p>Suivez l\u2019actualit\u00e9 du\u00a0<a href=\"https:\/\/www.whatsapp.com\/channel\/0029VaFqJYE8aKvLBwVrEe0o\" target=\"_blank\" rel=\"noopener\">Havre<\/a> et de <a href=\"https:\/\/www.whatsapp.com\/channel\/0029VaKfnf99hXF2ddApFB1D\" target=\"_blank\" rel=\"noopener\">Rouen<\/a> sur nos cha\u00eenes WhatsApp et sur <a href=\"https:\/\/www.tiktok.com\/@76actu.fr?lang=fr\" target=\"_blank\" rel=\"noopener\">notre compte TikTok<\/a><\/p>\n<p class=\" wall-content\">Personnalisez votre actualit\u00e9 en ajoutant vos villes et m\u00e9dias en favori avec <a href=\"https:\/\/moncompte.actu.fr\" title=\"D\u00e9couvez Mon Actu\" rel=\"nofollow noopener\" data-trk=\"{&quot;cta&quot;:{&quot;action&quot;:&quot;https:\\\/\\\/moncompte.actu.fr&quot;,&quot;category&quot;:&quot;mon compte&quot;,&quot;from&quot;:&quot;article footer&quot;,&quot;name&quot;:&quot;Mon actu&quot;,&quot;type&quot;:&quot;cta&quot;}}\" target=\"_blank\">Mon Actu<\/a>.<\/p>\n<p>                    <script async src=\"\/\/www.tiktok.com\/embed.js\"><\/script><\/p>\n","protected":false},"excerpt":{"rendered":"Par Vanessa Leroy Publi\u00e9 le 3 oct. 2025 \u00e0 15h13 ; mis \u00e0 jour le 3 oct. 2025&hellip;\n","protected":false},"author":2,"featured_media":436569,"comment_status":"","ping_status":"","sticky":false,"template":"","format":"standard","meta":{"footnotes":""},"categories":[9587],"tags":[1111,11,1777,674,1011,27,3059,2357,12,5161,52,4459,25,9590],"class_list":{"0":"post-436568","1":"post","2":"type-post","3":"status-publish","4":"format-standard","5":"has-post-thumbnail","7":"category-rouen","8":"tag-actu","9":"tag-actualites","10":"tag-eu","11":"tag-europe","12":"tag-fr","13":"tag-france","14":"tag-intemperies","15":"tag-meteo-france","16":"tag-news","17":"tag-normandie","18":"tag-planete","19":"tag-pluie","20":"tag-republique-francaise","21":"tag-rouen"},"share_on_mastodon":{"url":"https:\/\/pubeurope.com\/@fr\/115311178108017895","error":""},"_links":{"self":[{"href":"https:\/\/www.europesays.com\/fr\/wp-json\/wp\/v2\/posts\/436568","targetHints":{"allow":["GET"]}}],"collection":[{"href":"https:\/\/www.europesays.com\/fr\/wp-json\/wp\/v2\/posts"}],"about":[{"href":"https:\/\/www.europesays.com\/fr\/wp-json\/wp\/v2\/types\/post"}],"author":[{"embeddable":true,"href":"https:\/\/www.europesays.com\/fr\/wp-json\/wp\/v2\/users\/2"}],"replies":[{"embeddable":true,"href":"https:\/\/www.europesays.com\/fr\/wp-json\/wp\/v2\/comments?post=436568"}],"version-history":[{"count":0,"href":"https:\/\/www.europesays.com\/fr\/wp-json\/wp\/v2\/posts\/436568\/revisions"}],"wp:featuredmedia":[{"embeddable":true,"href":"https:\/\/www.europesays.com\/fr\/wp-json\/wp\/v2\/media\/436569"}],"wp:attachment":[{"href":"https:\/\/www.europesays.com\/fr\/wp-json\/wp\/v2\/media?parent=436568"}],"wp:term":[{"taxonomy":"category","embeddable":true,"href":"https:\/\/www.europesays.com\/fr\/wp-json\/wp\/v2\/categories?post=436568"},{"taxonomy":"post_tag","embeddable":true,"href":"https:\/\/www.europesays.com\/fr\/wp-json\/wp\/v2\/tags?post=436568"}],"curies":[{"name":"wp","href":"https:\/\/api.w.org\/{rel}","templated":true}]}}