{"id":436570,"date":"2025-10-03T16:29:20","date_gmt":"2025-10-03T16:29:20","guid":{"rendered":"https:\/\/www.europesays.com\/fr\/436570\/"},"modified":"2025-10-03T16:29:20","modified_gmt":"2025-10-03T16:29:20","slug":"carte-les-voitures-radars-privees-arrivent-sur-les-routes-de-lisere-voici-les-axes-concernes","status":"publish","type":"post","link":"https:\/\/www.europesays.com\/fr\/436570\/","title":{"rendered":"CARTE. Les voitures radars priv\u00e9es arrivent sur les routes de l&rsquo;Is\u00e8re : voici les axes concern\u00e9s"},"content":{"rendered":"<p>            Par<br \/>\n        <strong><br \/>\n            <a href=\"https:\/\/actu.fr\/auteur\/lisa-rodrigues\" title=\"Consulter tous les articles de Lisa Rodrigues\" rel=\"nofollow noopener\" target=\"_blank\">Lisa Rodrigues<\/a><br \/>\n        <\/strong><\/p>\n<p>        Publi\u00e9 le<\/p>\n<p>            3 oct. 2025 \u00e0 17h41        <\/p>\n<p>Attention aux automobilistes peu regardants : d\u00e8s<strong> samedi 4 octobre<\/strong>, les voitures radars priv\u00e9es vont flasher les contrevenants sur les routes de <a href=\"https:\/\/actu.fr\/auvergne-rhone-alpes\/isere_38\" rel=\"nofollow noopener\" target=\"_blank\">l\u2019Is\u00e8re<\/a>.<\/p>\n<p class=\" wall-content\">Le dispositif, appel\u00e9 \u00ab\u2009Dexter\u2009\u00bb, lequel est d\u00e9j\u00e0 pr\u00e9sent depuis plusieurs mois dans certains d\u00e9partements de la r\u00e9gion Auvergne-Rh\u00f4ne-Alpes, doit permettre de mieux faire respecter les limitations de vitesse sur les <strong>routes les plus accidentog\u00e8nes<\/strong>, tout en lib\u00e9rant du temps pour les forces de l\u2019ordre.<\/p>\n<p>Uniquement sur le r\u00e9seau secondaire<\/p>\n<p class=\" wall-content\">\u00c0 la veille de sa mise en place, la pr\u00e9fecture de l\u2019Is\u00e8re a r\u00e9v\u00e9l\u00e9 les axes sur lesquels ces voitures radars priv\u00e9es vont circuler.<\/p>\n<p><a href=\"https:\/\/static.actu.fr\/uploads\/2025\/10\/carte-voitures-radars-privees-isere.pdf\" rel=\"nofollow noopener\" target=\"_blank\">Afficher ou t\u00e9l\u00e9charger le fichier.<\/a><\/p>\n<p class=\" wall-content\">Les contr\u00f4les vont donc se concentrer sur les d\u00e9partementales, comme la RD 1006 en Nord-Is\u00e8re ou la RD 1075 au sud de <a href=\"https:\/\/actu.fr\/auvergne-rhone-alpes\/grenoble_38185\" rel=\"nofollow noopener\" target=\"_blank\">Grenoble<\/a>. <strong>Les autoroutes ne sont pas concern\u00e9es<\/strong>.<\/p>\n<p class=\" wall-content\">Au volant de ces voitures banalis\u00e9es, des gendarmes ou policiers en uniforme, mais aussi des salari\u00e9s d\u2019entreprises priv\u00e9es valid\u00e9es par l\u2019\u00c9tat.<\/p>\n<p>10 km\/h de marge technique<\/p>\n<p class=\" wall-content\">Pour rappel, ces <a href=\"https:\/\/actu.fr\/societe\/les-voitures-radars-debarquent-sur-presque-toutes-les-routes-de-france-voici-ou-elles-vont-flasher_62153391.html\" rel=\"nofollow noopener\" target=\"_blank\">voitures radars<\/a> contr\u00f4lent les v\u00e9hicules qu\u2019elles croisent (sauf en cas de pr\u00e9sence d\u2019un s\u00e9parateur central) et ceux qui les doublent (jusqu\u2019\u00e0 trois voies sur sa gauche). Elles peuvent par ailleurs \u00eatre utilis\u00e9es \u00e0 l\u2019arr\u00eat, sur le bord des axes routiers.<\/p>\n<p class=\" wall-content\">Leur marge technique est de 10 km\/h pour les limitations de vitesse inf\u00e9rieures \u00e0 100 km\/h et de 10\u2009% pour les limitations de vitesse sup\u00e9rieure \u00e0 100 km\/h (contre 5 km\/h et 5\u2009% pour les autres radars de contr\u00f4le de la vitesse).<\/p>\n<p class=\" wall-content\">Personnalisez votre actualit\u00e9 en ajoutant vos villes et m\u00e9dias en favori avec <a href=\"https:\/\/moncompte.actu.fr\" title=\"D\u00e9couvez Mon Actu\" rel=\"nofollow noopener\" data-trk=\"{&quot;cta&quot;:{&quot;action&quot;:&quot;https:\\\/\\\/moncompte.actu.fr&quot;,&quot;category&quot;:&quot;mon compte&quot;,&quot;from&quot;:&quot;article footer&quot;,&quot;name&quot;:&quot;Mon actu&quot;,&quot;type&quot;:&quot;cta&quot;}}\" target=\"_blank\">Mon Actu<\/a>.<\/p>\n","protected":false},"excerpt":{"rendered":"Par Lisa Rodrigues Publi\u00e9 le 3 oct. 2025 \u00e0 17h41 Attention aux automobilistes peu regardants : d\u00e8s samedi&hellip;\n","protected":false},"author":2,"featured_media":436571,"comment_status":"","ping_status":"","sticky":false,"template":"","format":"standard","meta":{"footnotes":""},"categories":[9566],"tags":[1111,11,2430,3542,1777,674,1011,27,2731,12,6957,25,104],"class_list":{"0":"post-436570","1":"post","2":"type-post","3":"status-publish","4":"format-standard","5":"has-post-thumbnail","7":"category-grenoble","8":"tag-actu","9":"tag-actualites","10":"tag-auvergne-rhone-alpes","11":"tag-circulation","12":"tag-eu","13":"tag-europe","14":"tag-fr","15":"tag-france","16":"tag-grenoble","17":"tag-news","18":"tag-radars","19":"tag-republique-francaise","20":"tag-societe"},"share_on_mastodon":{"url":"https:\/\/pubeurope.com\/@fr\/115311185960419966","error":""},"_links":{"self":[{"href":"https:\/\/www.europesays.com\/fr\/wp-json\/wp\/v2\/posts\/436570","targetHints":{"allow":["GET"]}}],"collection":[{"href":"https:\/\/www.europesays.com\/fr\/wp-json\/wp\/v2\/posts"}],"about":[{"href":"https:\/\/www.europesays.com\/fr\/wp-json\/wp\/v2\/types\/post"}],"author":[{"embeddable":true,"href":"https:\/\/www.europesays.com\/fr\/wp-json\/wp\/v2\/users\/2"}],"replies":[{"embeddable":true,"href":"https:\/\/www.europesays.com\/fr\/wp-json\/wp\/v2\/comments?post=436570"}],"version-history":[{"count":0,"href":"https:\/\/www.europesays.com\/fr\/wp-json\/wp\/v2\/posts\/436570\/revisions"}],"wp:featuredmedia":[{"embeddable":true,"href":"https:\/\/www.europesays.com\/fr\/wp-json\/wp\/v2\/media\/436571"}],"wp:attachment":[{"href":"https:\/\/www.europesays.com\/fr\/wp-json\/wp\/v2\/media?parent=436570"}],"wp:term":[{"taxonomy":"category","embeddable":true,"href":"https:\/\/www.europesays.com\/fr\/wp-json\/wp\/v2\/categories?post=436570"},{"taxonomy":"post_tag","embeddable":true,"href":"https:\/\/www.europesays.com\/fr\/wp-json\/wp\/v2\/tags?post=436570"}],"curies":[{"name":"wp","href":"https:\/\/api.w.org\/{rel}","templated":true}]}}